{"id":5052,"date":"2023-09-28T16:44:38","date_gmt":"2023-09-28T20:44:38","guid":{"rendered":"https:\/\/elmundodelapolitica.com\/v1\/?p=5052"},"modified":"2023-09-28T16:44:40","modified_gmt":"2023-09-28T20:44:40","slug":"edgar-feliz-todo-esta-listo-para-las-primarias-del-prm-en-barahona","status":"publish","type":"post","link":"https:\/\/elmundodelapolitica.com\/v1\/edgar-feliz-todo-esta-listo-para-las-primarias-del-prm-en-barahona\/","title":{"rendered":"Edgar F\u00e9liz: Todo est\u00e1 listo para las primarias del PRM en Barahona"},"content":{"rendered":"\n<p>BARAHONA: El presidente provincial del &nbsp;Partido Revolucionario Moderno (PRM), Edgar Augusto F\u00e9liz M\u00e9ndez, anunci\u00f3 que todo est\u00e1 listo para la celebraci\u00f3n de las primarias de la organizaci\u00f3n oficialista este domingo en esta ciudad.<\/p>\n\n\n\n<p>F\u00e9liz M\u00e9ndez, dijo que desde 8 de la ma\u00f1ana hasta 4 de la tarde, se estar\u00e1n llevando a cabo las votaciones en lo que se ha denominado \"una gran fiesta de la democracia\", a la vez que invit\u00f3 a los perreme\u00edstas a votar ya que el cambio comienza en las urnas.<\/p>\n\n\n\n<p>Expres\u00f3 que en en este municipio en el padr\u00f3n hay 21.144 inscritos, los cuales estar\u00e1n divididos en 12 recintos electorales diseminados en las 4 zonas.<\/p>\n\n\n\n<p>\"Los perreme\u00edstas deben consultar su centro de votaci\u00f3n por medio de un link que proporcion\u00f3 la Junta Central Electoral (JCE) y que est\u00e1 colgado en la p\u00e1gina web del partido\", subray\u00f3 F\u00e9liz M\u00e9ndez.<\/p>\n\n\n\n<p>De no aparecer en la consulta de \"padr\u00f3n de primarias\" la persona consultada no podr\u00e1 ejercer el voto en las primarias, aunque tras concluir el proceso se volver\u00e1 a retomar la jornada de crecimiento con miras a participar en las elecciones generales del 2024.<\/p>\n\n\n\n<p>Se recuerda que para la candidatura presidencial, el PRM tiene cuatro aspirantes: el Presidente Luis Abinader, Ram\u00f3n Alburquerque, Guido G\u00f3mez Mazara y Delia Josefina Ort\u00edz.<\/p>\n\n\n\n<p>Las votaciones ser\u00e1n con padr\u00f3n cerrado en 1,502 recintos, distribuidos en el Distrito Nacional y los 157 municipios del pa\u00eds.<\/p>\n","protected":false},"excerpt":{"rendered":"<p>BARAHONA: El presidente provincial del &nbsp;Partido Revolucionario Moderno (PRM), Edgar Augusto F\u00e9liz M\u00e9ndez, anunci\u00f3 que todo est\u00e1 listo para la celebraci\u00f3n de las primarias de la organizaci\u00f3n oficialista este domingo&hellip; <\/p>\n","protected":false},"author":2,"featured_media":5053,"comment_status":"open","ping_status":"open","sticky":false,"template":"","format":"standard","meta":{"fifu_image_url":"","fifu_image_alt":"","footnotes":""},"categories":[5],"tags":[],"class_list":["post-5052","post","type-post","status-publish","format-standard","has-post-thumbnail","hentry","category-partidos"],"_links":{"self":[{"href":"https:\/\/elmundodelapolitica.com\/v1\/wp-json\/wp\/v2\/posts\/5052","targetHints":{"allow":["GET"]}}],"collection":[{"href":"https:\/\/elmundodelapolitica.com\/v1\/wp-json\/wp\/v2\/posts"}],"about":[{"href":"https:\/\/elmundodelapolitica.com\/v1\/wp-json\/wp\/v2\/types\/post"}],"author":[{"embeddable":true,"href":"https:\/\/elmundodelapolitica.com\/v1\/wp-json\/wp\/v2\/users\/2"}],"replies":[{"embeddable":true,"href":"https:\/\/elmundodelapolitica.com\/v1\/wp-json\/wp\/v2\/comments?post=5052"}],"version-history":[{"count":1,"href":"https:\/\/elmundodelapolitica.com\/v1\/wp-json\/wp\/v2\/posts\/5052\/revisions"}],"predecessor-version":[{"id":5054,"href":"https:\/\/elmundodelapolitica.com\/v1\/wp-json\/wp\/v2\/posts\/5052\/revisions\/5054"}],"wp:featuredmedia":[{"embeddable":true,"href":"https:\/\/elmundodelapolitica.com\/v1\/wp-json\/wp\/v2\/media\/5053"}],"wp:attachment":[{"href":"https:\/\/elmundodelapolitica.com\/v1\/wp-json\/wp\/v2\/media?parent=5052"}],"wp:term":[{"taxonomy":"category","embeddable":true,"href":"https:\/\/elmundodelapolitica.com\/v1\/wp-json\/wp\/v2\/categories?post=5052"},{"taxonomy":"post_tag","embeddable":true,"href":"https:\/\/elmundodelapolitica.com\/v1\/wp-json\/wp\/v2\/tags?post=5052"}],"curies":[{"name":"wp","href":"https:\/\/api.w.org\/{rel}","templated":true}]}}