{"id":505,"date":"2020-11-13T18:56:25","date_gmt":"2020-11-13T22:56:25","guid":{"rendered":"http:\/\/www.elmundodelapolitica.com\/v2\/?p=22611"},"modified":"2020-11-13T18:56:25","modified_gmt":"2020-11-13T22:56:25","slug":"profesionales-resaltan-marca-pais-mucho-mas-que-un-concepto-una-experiencia","status":"publish","type":"post","link":"https:\/\/elmundodelapolitica.com\/v1\/profesionales-resaltan-marca-pais-mucho-mas-que-un-concepto-una-experiencia\/","title":{"rendered":"Profesionales resaltan Marca Pa\u00eds mucho m\u00e1s que un concepto una experiencia"},"content":{"rendered":"\n<p><strong>Peravia, Ban\u00ed.<\/strong>&nbsp;La Comisi\u00f3n Multisectorial Marca Pa\u00eds celebr\u00f3 un&nbsp;panel en el Centro Cultural Perell\u00f3 acerca de todos los aspectos relacionados a la Marca Pa\u00eds que se est\u00e1 desarrollando en Rep\u00fablica Dominicana&nbsp;en el que participaron profesionales de la publicidad y la comunicaci\u00f3n.<\/p>\n\n\n\n<p>Con este segundo encuentro, llevado a cabo en Ban\u00ed, se propician espacios donde expertos del \u00e1rea puedan integrarse, participar y explicar, desde su perspectiva, acerca de los diferentes elementos que conforman la marca pa\u00eds, su importancia, su valor y el fortalecimiento de la reputaci\u00f3n de la naci\u00f3n, para as\u00ed llevar mejor informaci\u00f3n y m\u00e1s claridad sobre dicho tema.<\/p>\n\n\n\n<p>\u201cSeguimos recorriendo el pa\u00eds, para as\u00ed educar y promover la Marca Pa\u00eds, llevando informaci\u00f3n clara y precisa de lo que representa este proyecto de todos los dominicanos, adem\u00e1s de su gran valor dentro de la estrategia nacional de desarrollo\u201d, dijo&nbsp;Ligia Bonetti, presidente ejecutiva de Grupo SID y coordinadora por el Sector Privado de la Comisi\u00f3n Multisectorial, al dar la bienvenida al evento.<\/p>\n\n\n\n<p>El panel,&nbsp;moderado por Lara Guerrero, presidenta de MG Public Relations,&nbsp;estuvo conformado por Eduardo Valc\u00e1rcel, socio-director de Newlink Dominicana; Evaristo Angurria, propietario de @Angurria; Jos\u00e9 Llano, CEO de Llano Constructive Marketing; y Tansi Santos, VP de Planning de la Agencia Ogilvy Rep\u00fablica Dominicana.<\/p>\n\n\n\n<p>Todos los panelistas coincidieron en que la Marca Pa\u00eds es un elemento fundamental dentro de la estrategia nacional de desarrollo y que la misma debe basarse en la riqueza cultural y los aspectos distintivos que caracterizan a los dominicanos.&nbsp;<\/p>\n\n\n\n<p>Al referirse al concurso con el que se busca realizar el logo de Marca Pa\u00eds, Angurria destac\u00f3 que esta iniciativa es una oportunidad \u00fanica, pues se trata del proyecto gr\u00e1fico m\u00e1s importante y trascendente despu\u00e9s del escudo. Mientras, Santos consider\u00f3 que la estrategia de la Marca Pa\u00eds ofrece beneficios en todos los aspectos porque permitir\u00e1 que tanto el pa\u00eds como su gente crezca y esto se logra con un trabajo en conjunto.<\/p>\n\n\n\n<p>Llano corrobor\u00f3 con esta opini\u00f3n al explicar que una marca pa\u00eds se construye entre todos y es exitosa cuando se comprende que no es un logo ni se reduce a un \u201cme gusta o no me gusta\u201d. Sostuvo que una marca pa\u00eds es sin\u00f3nimo de orgullo, es decir, tiene que ver mucho con lo que identifica y diferencia a una naci\u00f3n de otras.<\/p>\n\n\n\n<p>Valc\u00e1rcel indic\u00f3 que la Marca Pa\u00eds, sustentada en cinco importantes pilares, contribuir\u00e1 con el desarrollo de la Rep\u00fablica Dominicana especialmente porque se encuentra en un momento en que la econom\u00eda se encamina a una recuperaci\u00f3n. Asimismo, aclar\u00f3 que la coherencia en este sentido es vital, porque se dise\u00f1ar\u00e1 la marca que identificar\u00e1 al pa\u00eds por dos o tres d\u00e9cadas.<\/p>\n\n\n\n<p>Al evento se dieron cita un nutrido grupo de personalidades, destac\u00e1ndose&nbsp;Milciades Franjul, senador por la provincia Peravia; Ligia Bonetti, presidente ejecutiva del Grupo SID y coordinadora por el sector privado de la Comisi\u00f3n Multisectorial; Manuel Pozo Perell\u00f3, presidente ejecutivo de INDUBAN y miembro de la Comisi\u00f3n Multisectorial;&nbsp;Mercedes Rodr\u00edguez, Diputada de la Provincia Peravia; F\u00e9lix Peguero, Director Ejecutivo de la C\u00e1mara de Comercio de la Provincia Peravia y Juan Tejada, presidente del Cl\u00faster de la Provincia Peravia.<\/p>\n","protected":false},"excerpt":{"rendered":"<p>Peravia, Ban\u00ed.&nbsp;La Comisi\u00f3n Multisectorial Marca Pa\u00eds celebr\u00f3 un&nbsp;panel en el Centro Cultural Perell\u00f3 acerca de todos los aspectos relacionados a la Marca Pa\u00eds que se est\u00e1 desarrollando en Rep\u00fablica Dominicana&nbsp;en&hellip; <\/p>\n","protected":false},"author":2,"featured_media":506,"comment_status":"closed","ping_status":"open","sticky":false,"template":"","format":"standard","meta":{"fifu_image_url":"","fifu_image_alt":"","footnotes":""},"categories":[10],"tags":[],"class_list":["post-505","post","type-post","status-publish","format-standard","has-post-thumbnail","hentry","category-marketing-politico"],"_links":{"self":[{"href":"https:\/\/elmundodelapolitica.com\/v1\/wp-json\/wp\/v2\/posts\/505","targetHints":{"allow":["GET"]}}],"collection":[{"href":"https:\/\/elmundodelapolitica.com\/v1\/wp-json\/wp\/v2\/posts"}],"about":[{"href":"https:\/\/elmundodelapolitica.com\/v1\/wp-json\/wp\/v2\/types\/post"}],"author":[{"embeddable":true,"href":"https:\/\/elmundodelapolitica.com\/v1\/wp-json\/wp\/v2\/users\/2"}],"replies":[{"embeddable":true,"href":"https:\/\/elmundodelapolitica.com\/v1\/wp-json\/wp\/v2\/comments?post=505"}],"version-history":[{"count":0,"href":"https:\/\/elmundodelapolitica.com\/v1\/wp-json\/wp\/v2\/posts\/505\/revisions"}],"wp:featuredmedia":[{"embeddable":true,"href":"https:\/\/elmundodelapolitica.com\/v1\/wp-json\/wp\/v2\/media\/506"}],"wp:attachment":[{"href":"https:\/\/elmundodelapolitica.com\/v1\/wp-json\/wp\/v2\/media?parent=505"}],"wp:term":[{"taxonomy":"category","embeddable":true,"href":"https:\/\/elmundodelapolitica.com\/v1\/wp-json\/wp\/v2\/categories?post=505"},{"taxonomy":"post_tag","embeddable":true,"href":"https:\/\/elmundodelapolitica.com\/v1\/wp-json\/wp\/v2\/tags?post=505"}],"curies":[{"name":"wp","href":"https:\/\/api.w.org\/{rel}","templated":true}]}}