{"id":5042,"date":"2023-09-27T09:51:13","date_gmt":"2023-09-27T13:51:13","guid":{"rendered":"https:\/\/elmundodelapolitica.com\/v1\/?p=5042"},"modified":"2023-09-27T09:51:13","modified_gmt":"2023-09-27T13:51:13","slug":"contraloria-realizara-auditorias-focalizadas-incluira-alertas-en-procesos-y-auditor-digital","status":"publish","type":"post","link":"https:\/\/elmundodelapolitica.com\/v1\/contraloria-realizara-auditorias-focalizadas-incluira-alertas-en-procesos-y-auditor-digital\/","title":{"rendered":"Contralor\u00eda realizar\u00e1 auditor\u00edas focalizadas; incluir\u00e1 alertas en procesos y \u201cauditor digital\u201d"},"content":{"rendered":"<div>\n<p>Santo Domingo.-\u00a0<strong>La Contralor\u00eda General de la Rep\u00fablica<\/strong>\u00a0inform\u00f3 que, con una inversi\u00f3n de m\u00e1s de\u00a0<strong>550 millones de pesos<\/strong>, se efectuar\u00e1n cada a\u00f1o\u00a0<strong>cerca de 100 auditor\u00edas focalizadas y especializadas<\/strong>, a la par con la introducci\u00f3n de un sistema de\u00a0<strong>alertas autom\u00e1ticas programadas<\/strong>\u00a0con algoritmos, as\u00ed como el\u00a0<strong>\u201cauditor digital\u201d.<\/strong><\/p>\n<div class=\"wp-block-image\">\n<figure class=\"aligncenter size-large\"><img decoding=\"async\" src=\"https:\/\/i0.wp.com\/presidencia.gob.do\/sites\/default\/files\/styles\/large\/public\/news\/2023-09\/contralor F\u00e9lix Santana.jpeg?w=1110&amp;ssl=1\" alt=\"\" data-recalc-dims=\"1\"><\/figure>\n<\/div>\n<p><strong>F\u00e9lix Santana Garc\u00eda<\/strong>, contralor general de la Rep\u00fablica, inform\u00f3 que los recursos para esta implementaci\u00f3n provienen de un programa del Banco Interamericano de Desarrollo\u00a0<strong>(BID)<\/strong>, cuya ejecuci\u00f3n ya ha comenzado, en un esfuerzo por elevar en los pr\u00f3ximos cinco a\u00f1os\u00a0<strong>los est\u00e1ndares de control interno para la prevenci\u00f3n de la corrupci\u00f3n a nivel nacional.\u00a0<\/strong><\/p>\n<p><em>\u201cEn este convenio liderado por el Ministerio de Hacienda, la Contralor\u00eda General de la Rep\u00fablica desempe\u00f1a un papel fundamental como organismo coejecutor destinado al fortalecimiento del control interno\u201d,<\/em>\u00a0dijo.<\/p>\n<p>Manifest\u00f3 que estas alertas, impulsadas por\u00a0<strong>algoritmos anal\u00edticos avanzados<\/strong>, proporcionar\u00e1n una\u00a0<strong>supervisi\u00f3n constante y rigurosa\u00a0<\/strong>de las transacciones gubernamentales, lo que garantiza que los recursos p\u00fablicos se utilicen de manera adecuada y transparente.<\/p>\n<p>Explic\u00f3 que la Contralor\u00eda ha iniciado el programa de\u00a0<strong>transformaci\u00f3n digital y reingenier\u00eda de procesos internos<\/strong>, en una acci\u00f3n conjunta para promover\u00a0<strong>la<\/strong>\u00a0<strong>transparencia, la rendici\u00f3n de cuentas y la integridad en la gesti\u00f3n de recursos p\u00fablicos.<\/strong>\u00a0<\/p>\n<p>Sobre el proyecto, Santana Garc\u00eda dijo que se llevar\u00e1 a cabo en un per\u00edodo de cinco a\u00f1os y busca revolucionar el \u00f3rgano rector de control interno, mediante la implementaci\u00f3n de modernas tecnolog\u00edas y\u00a0<strong>la adopci\u00f3n de las mejores pr\u00e1cticas internacionales.<\/strong><\/p>\n<p>Se\u00f1al\u00f3 que para lograrlo ser\u00e1n empleadas tecnolog\u00edas de vanguardia, que promover\u00e1n la\u00a0<strong>interoperabilidad<\/strong>\u00a0de los sistemas inform\u00e1ticos del Estado.\u00a0<\/p>\n<p>El contralor general de la Rep\u00fablica indic\u00f3 que, con alrededor del\u00a0<strong>70 % de los fondos destinados a tecnolog\u00eda<\/strong>, esa dependencia de la Presidencia de la Rep\u00fablica experimentar\u00e1 una transformaci\u00f3n completa de sus procesos, que incluir\u00e1 una\u00a0<strong>reingenier\u00eda integral y la adopci\u00f3n de modernos softwares de gesti\u00f3n.<\/strong>\u00a0<\/p>\n<p><em>\u201cEste esfuerzo no solo mejorar\u00e1 la eficiencia, sino que tambi\u00e9n elevar\u00e1 los est\u00e1ndares de control interno y la capacidad de lucha contra la corrupci\u00f3n a nivel nacional\u201d<\/em>, expuso.\u00a0<\/p>\n<p>Dijo que uno de los aspectos m\u00e1s destacados del programa es la introducci\u00f3n de un \u00abauditor digital\u201d, una innovaci\u00f3n que cambiar\u00e1 la forma en que se monitorea y controla el uso de los recursos p\u00fablicos.\u00a0<\/p>\n<p>Aclar\u00f3 que este auditor no se trata de tareas robotizadas, sino que\u00a0<strong>a los mismos recursos humanos actuales se les dota de las competencias<\/strong>\u00a0para que manejen herramientas y puedan gestionar todo el proceso de auditor\u00eda de forma digital.<\/p>\n<p>Santana Garc\u00eda indic\u00f3 que el programa est\u00e1 dise\u00f1ado para elevar\u00a0<strong>la integridad y la competencia<\/strong>\u00a0de la Contralor\u00eda a trav\u00e9s de\u00a0<strong>certificaciones internacionales en curso<\/strong>.\u00a0<\/p>\n<p>El funcionario se\u00f1al\u00f3 que esto garantizar\u00e1 que el personal est\u00e9 debidamente calificado y preparado para los desaf\u00edos del control interno y la prevenci\u00f3n del fraude.<\/p>\n<p>Dijo que, adem\u00e1s,\u00a0<strong>ser\u00e1 fortalecida la unidad antifraude<\/strong>, destinada a la prevenci\u00f3n, detecci\u00f3n e investigaci\u00f3n de posibles actos corruptos.\u00a0<\/p>\n<p>El contralor general de la Rep\u00fablica explic\u00f3 que se est\u00e1n desarrollando\u00a0<strong>pol\u00edticas, procedimientos y protocolos de investigaci\u00f3n<\/strong>, lo cual eleva el perfil de los t\u00e9cnicos a cargo de estas tareas cr\u00edticas.\u00a0<\/p>\n<p>Expuso que, al final de los cinco a\u00f1os, se espera que la Contralor\u00eda est\u00e9 en condiciones de\u00a0<strong>auditar m\u00e1s instituciones del Estado cada a\u00f1o<\/strong>\u00a0y realizar auditor\u00edas focalizadas y especializadas, producto de las alertas y anal\u00edticas realizadas por el equipo de auditores expertos. As\u00ed se marca un\u00a0<strong>hito en la lucha contra la corrupci\u00f3n y el fortalecimiento de la transparencia\u00a0<\/strong>en Rep\u00fablica Dominicana.<\/p>\n<p>El programa tambi\u00e9n abarca la\u00a0<strong>prevenci\u00f3n, detecci\u00f3n e investigaci\u00f3n\u00a0<\/strong>de posibles casos de corrupci\u00f3n, la\u00a0<strong>capacitaci\u00f3n<\/strong>\u00a0de auditores certificados seg\u00fan est\u00e1ndares nacionales e internacionales y la\u00a0<strong>asistencia t\u00e9cnica<\/strong>\u00a0a las instituciones auditadas.\u00a0<\/p>\n<p>Manifest\u00f3 que se espera que esta iniciativa tenga un\u00a0<strong>impacto significativo<\/strong>\u00a0en la mejora de la gesti\u00f3n p\u00fablica y la prevenci\u00f3n de la corrupci\u00f3n en el pa\u00eds.<\/p>\n<\/div>\n","protected":false},"excerpt":{"rendered":"<p>Santo Domingo.-\u00a0La Contralor\u00eda General de la Rep\u00fablica\u00a0inform\u00f3 que, con una inversi\u00f3n de m\u00e1s de\u00a0550 millones de pesos, se efectuar\u00e1n cada a\u00f1o\u00a0cerca de 100 auditor\u00edas focalizadas y especializadas, a la par&hellip; <\/p>\n","protected":false},"author":2,"featured_media":5043,"comment_status":"closed","ping_status":"closed","sticky":false,"template":"","format":"standard","meta":{"fifu_image_url":"https:\/\/i0.wp.com\/presidencia.gob.do\/sites\/default\/files\/styles\/large\/public\/news\/2023-09\/contralor%20F\u00e9lix%20Santana.jpeg?w=1110&ssl=1","fifu_image_alt":"Contralor\u00eda realizar\u00e1 auditor\u00edas focalizadas; incluir\u00e1 alertas en procesos y \u201cauditor digital\u201d","footnotes":""},"categories":[63],"tags":[],"class_list":["post-5042","post","type-post","status-publish","format-standard","has-post-thumbnail","hentry","category-actualidad"],"_links":{"self":[{"href":"https:\/\/elmundodelapolitica.com\/v1\/wp-json\/wp\/v2\/posts\/5042","targetHints":{"allow":["GET"]}}],"collection":[{"href":"https:\/\/elmundodelapolitica.com\/v1\/wp-json\/wp\/v2\/posts"}],"about":[{"href":"https:\/\/elmundodelapolitica.com\/v1\/wp-json\/wp\/v2\/types\/post"}],"author":[{"embeddable":true,"href":"https:\/\/elmundodelapolitica.com\/v1\/wp-json\/wp\/v2\/users\/2"}],"replies":[{"embeddable":true,"href":"https:\/\/elmundodelapolitica.com\/v1\/wp-json\/wp\/v2\/comments?post=5042"}],"version-history":[{"count":0,"href":"https:\/\/elmundodelapolitica.com\/v1\/wp-json\/wp\/v2\/posts\/5042\/revisions"}],"wp:featuredmedia":[{"embeddable":true,"href":"https:\/\/elmundodelapolitica.com\/v1\/wp-json\/wp\/v2\/media\/5043"}],"wp:attachment":[{"href":"https:\/\/elmundodelapolitica.com\/v1\/wp-json\/wp\/v2\/media?parent=5042"}],"wp:term":[{"taxonomy":"category","embeddable":true,"href":"https:\/\/elmundodelapolitica.com\/v1\/wp-json\/wp\/v2\/categories?post=5042"},{"taxonomy":"post_tag","embeddable":true,"href":"https:\/\/elmundodelapolitica.com\/v1\/wp-json\/wp\/v2\/tags?post=5042"}],"curies":[{"name":"wp","href":"https:\/\/api.w.org\/{rel}","templated":true}]}}