{"id":5040,"date":"2023-09-27T09:49:46","date_gmt":"2023-09-27T13:49:46","guid":{"rendered":"https:\/\/elmundodelapolitica.com\/v1\/?p=5040"},"modified":"2023-09-27T09:49:46","modified_gmt":"2023-09-27T13:49:46","slug":"ministro-almonte-aboga-por-tecnologias-e-investigaciones-sobre-la-energia-nuclear-en-beneficio-de-la-humanidad-y-el-medio-ambiente","status":"publish","type":"post","link":"https:\/\/elmundodelapolitica.com\/v1\/ministro-almonte-aboga-por-tecnologias-e-investigaciones-sobre-la-energia-nuclear-en-beneficio-de-la-humanidad-y-el-medio-ambiente\/","title":{"rendered":"Ministro Almonte aboga por tecnolog\u00edas e investigaciones sobre la energ\u00eda nuclear en beneficio de la humanidad y el medio ambiente"},"content":{"rendered":"<div>\n<p>Santo Domingo.- El ministro de Energ\u00eda y Minas,\u00a0<strong>Antonio Almonte,\u00a0<\/strong>expres\u00f3 este lunes el respaldo de la Rep\u00fablica Dominicana a las\u00a0<strong>iniciativas de la OIEA<\/strong>\u00a0para la promoci\u00f3n de\u00a0<strong>la paz y el di\u00e1logo en la gesti\u00f3n de conflictos y la no proliferaci\u00f3n nuclear<\/strong>, durante su intervenci\u00f3n en la\u00a0<strong>67.\u00aa Conferencia General del Organismo Internacional de Energ\u00eda At\u00f3mica (OIEA)<\/strong>, que re\u00fane a representantes de los Estados miembros del organismo, de Estados no miembros y organizaciones invitadas.<\/p>\n<div class=\"wp-block-image\">\n<figure class=\"aligncenter size-large\"><img data-attachment-id=\"32565\" data-permalink=\"https:\/\/elmundodelosnegocios.com.do\/v1\/index.php\/2023\/09\/27\/ministro-almonte-aboga-por-tecnologias-e-investigaciones-sobre-la-energia-nuclear-en-beneficio-de-la-humanidad-y-el-medio-ambiente\/1-1-3-2\/\" data-orig-file=\"https:\/\/i0.wp.com\/elmundodelosnegocios.com.do\/v1\/wp-content\/uploads\/2023\/09\/1-1-3.jpg?fit=1300%2C731&amp;ssl=1\" data-orig-size=\"1300,731\" data-comments-opened=\"0\" data-image-meta='{\"aperture\":\"0\",\"credit\":\"\",\"camera\":\"\",\"caption\":\"\",\"created_timestamp\":\"0\",\"copyright\":\"\",\"focal_length\":\"0\",\"iso\":\"0\",\"shutter_speed\":\"0\",\"title\":\"\",\"orientation\":\"0\"}' data-image-title=\"1-1-3\" data-image-description=\"\" data-image-caption=\"\" data-medium-file=\"https:\/\/i0.wp.com\/elmundodelosnegocios.com.do\/v1\/wp-content\/uploads\/2023\/09\/1-1-3.jpg?fit=300%2C169&amp;ssl=1\" data-large-file=\"https:\/\/i0.wp.com\/elmundodelosnegocios.com.do\/v1\/wp-content\/uploads\/2023\/09\/1-1-3.jpg?fit=1024%2C576&amp;ssl=1\" decoding=\"async\" loading=\"lazy\" width=\"1024\" height=\"576\" src=\"https:\/\/i0.wp.com\/elmundodelosnegocios.com.do\/v1\/wp-content\/uploads\/2023\/09\/1-1-3-1024x576.jpg?resize=1024,576&amp;ssl=1\" alt=\"\" class=\"wp-image-32565\" srcset=\"https:\/\/i0.wp.com\/elmundodelosnegocios.com.do\/v1\/wp-content\/uploads\/2023\/09\/1-1-3.jpg?resize=1024%2C576&amp;ssl=1 1024w, https:\/\/i0.wp.com\/elmundodelosnegocios.com.do\/v1\/wp-content\/uploads\/2023\/09\/1-1-3.jpg?resize=300%2C169&amp;ssl=1 300w, https:\/\/i0.wp.com\/elmundodelosnegocios.com.do\/v1\/wp-content\/uploads\/2023\/09\/1-1-3.jpg?resize=768%2C432&amp;ssl=1 768w, https:\/\/i0.wp.com\/elmundodelosnegocios.com.do\/v1\/wp-content\/uploads\/2023\/09\/1-1-3.jpg?w=1300&amp;ssl=1 1300w\" sizes=\"auto, (max-width: 1024px) 100vw, 1024px\" data-recalc-dims=\"1\"><\/figure>\n<\/div>\n<p>En su intervenci\u00f3n, el ministro destac\u00f3<strong>\u00a0la importancia de salvaguardar las instalaciones, material y equipos nucleares<\/strong>, en medio de la creciente tensi\u00f3n internacional.<\/p>\n<p>Tambi\u00e9n resalt\u00f3 la expansi\u00f3n de la OIEA en la aplicaci\u00f3n de las\u00a0<strong>radiaciones nucleares para la salud, la agricultura, el medio ambiente y el desarrollo energ\u00e9tico.<\/strong><\/p>\n<p>Al referirse a los\u00a0<strong>beneficios para la Rep\u00fablica Dominicana\u00a0<\/strong>que derivan de su pertenencia a esta organizaci\u00f3n, el funcionario mencion\u00f3\u00a0<strong>la historia de cooperaci\u00f3n del OIE<\/strong>A en \u00e1reas como la radioncolog\u00eda, la medicina nuclear, la agricultura y el medioambiente. Tambi\u00e9n resalt\u00f3 el apoyo en la formaci\u00f3n de personal t\u00e9cnico y cl\u00ednico dominicano.<\/p>\n<p>Asimismo, agradeci\u00f3 los<strong>\u00a0aportes al pa\u00eds<\/strong>\u00a0para hacer frente a la crisis sanitaria provocada por el\u00a0<strong>COVID-19<\/strong>, para controlar el brote de\u00a0<strong>peste porcina africana<\/strong>\u00a0y para eliminar la plaga de la mosca de las frutas o\u00a0<strong>mosca del Mediterr\u00e1neo<\/strong>\u00a0que da\u00f1\u00f3 seriamente la producci\u00f3n agr\u00edcola en el a\u00f1o 2017.<\/p>\n<p>M\u00e1s adelante, Almonte manifest\u00f3 el inter\u00e9s del pa\u00eds por las investigaciones en materia de\u00a0<strong>nutrici\u00f3n<\/strong>, el metabolismo energ\u00e9tico para prevenir la\u00a0<strong>obesidad<\/strong>, el desarrollo de la t\u00e9cnica para evaluar la\u00a0<strong>digestibilidad<\/strong>\u00a0y la utilizaci\u00f3n de las\u00a0<strong>prote\u00ednas<\/strong>\u00a0en la dieta de poblaciones vulnerables.<\/p>\n<p>Entre los temas de inter\u00e9s citados se incluy\u00f3 el desarrollo de\u00a0<strong>nuevas tecnolog\u00edas en materia de reactores nucleares de peque\u00f1o tama\u00f1o\u00a0<\/strong>para producir energ\u00eda. Tambi\u00e9n se refiri\u00f3 al reciente proyecto de una\u00a0<strong>red de laboratorios de investigaci\u00f3n en Am\u00e9rica Latina y el Caribe<\/strong>\u00a0para compartir experiencias y conocimientos en este campo.<\/p>\n<p><strong>El derecho a voto fue recuperado<\/strong>\u00a0recientemente por la Rep\u00fablica Dominicana a partir de las gestiones del Gobierno y del reforzamiento de las relaciones diplom\u00e1ticas en organismos internacionales.<\/p>\n<p>La 67.\u00aa Conferencia General del Organismo Internacional de Energ\u00eda At\u00f3mica (OIEA) se celebra del 19 al 23 de septiembre de 2023 en Viena, Austria, para decidir sobre\u00a0<strong>cuestiones relacionadas con la ciencia, la tecnolog\u00eda y las aplicaciones nucleares, la seguridad nuclear y radiol\u00f3gica<\/strong>, la seguridad f\u00edsica nuclear, las salvaguardas del OIEA y la cooperaci\u00f3n t\u00e9cnica. Cuenta con un foro cient\u00edfico sobre temas de actualidad en el \u00e1mbito nuclear.<\/p>\n<p>La Conferencia General es el \u00f3rgano supremo del OIEA y se celebra anualmente desde 1957. Su objetivo es promover el uso pac\u00edfico, seguro y responsable de la energ\u00eda nuclear en beneficio de la humanidad y el medio ambiente.<\/p>\n<\/div>\n","protected":false},"excerpt":{"rendered":"<p>Santo Domingo.- El ministro de Energ\u00eda y Minas,\u00a0Antonio Almonte,\u00a0expres\u00f3 este lunes el respaldo de la Rep\u00fablica Dominicana a las\u00a0iniciativas de la OIEA\u00a0para la promoci\u00f3n de\u00a0la paz y el di\u00e1logo en&hellip; <\/p>\n","protected":false},"author":2,"featured_media":5041,"comment_status":"closed","ping_status":"closed","sticky":false,"template":"","format":"standard","meta":{"fifu_image_url":"https:\/\/i0.wp.com\/elmundodelosnegocios.com.do\/v1\/wp-content\/uploads\/2023\/09\/1-1-3-1024x576.jpg?resize=1024,576&ssl=1","fifu_image_alt":"Ministro Almonte aboga por tecnolog\u00edas e investigaciones sobre la energ\u00eda nuclear en beneficio de la humanidad y el medio ambiente","footnotes":""},"categories":[63],"tags":[],"class_list":["post-5040","post","type-post","status-publish","format-standard","has-post-thumbnail","hentry","category-actualidad"],"_links":{"self":[{"href":"https:\/\/elmundodelapolitica.com\/v1\/wp-json\/wp\/v2\/posts\/5040","targetHints":{"allow":["GET"]}}],"collection":[{"href":"https:\/\/elmundodelapolitica.com\/v1\/wp-json\/wp\/v2\/posts"}],"about":[{"href":"https:\/\/elmundodelapolitica.com\/v1\/wp-json\/wp\/v2\/types\/post"}],"author":[{"embeddable":true,"href":"https:\/\/elmundodelapolitica.com\/v1\/wp-json\/wp\/v2\/users\/2"}],"replies":[{"embeddable":true,"href":"https:\/\/elmundodelapolitica.com\/v1\/wp-json\/wp\/v2\/comments?post=5040"}],"version-history":[{"count":0,"href":"https:\/\/elmundodelapolitica.com\/v1\/wp-json\/wp\/v2\/posts\/5040\/revisions"}],"wp:featuredmedia":[{"embeddable":true,"href":"https:\/\/elmundodelapolitica.com\/v1\/wp-json\/wp\/v2\/media\/5041"}],"wp:attachment":[{"href":"https:\/\/elmundodelapolitica.com\/v1\/wp-json\/wp\/v2\/media?parent=5040"}],"wp:term":[{"taxonomy":"category","embeddable":true,"href":"https:\/\/elmundodelapolitica.com\/v1\/wp-json\/wp\/v2\/categories?post=5040"},{"taxonomy":"post_tag","embeddable":true,"href":"https:\/\/elmundodelapolitica.com\/v1\/wp-json\/wp\/v2\/tags?post=5040"}],"curies":[{"name":"wp","href":"https:\/\/api.w.org\/{rel}","templated":true}]}}