{"id":5038,"date":"2023-09-27T09:45:09","date_gmt":"2023-09-27T13:45:09","guid":{"rendered":"https:\/\/elmundodelapolitica.com\/v1\/?p=5038"},"modified":"2023-09-27T09:45:09","modified_gmt":"2023-09-27T13:45:09","slug":"reef-jet-volara-de-punta-cana-a-santiago-pedernales-y-otros-polos-turisticos","status":"publish","type":"post","link":"https:\/\/elmundodelapolitica.com\/v1\/reef-jet-volara-de-punta-cana-a-santiago-pedernales-y-otros-polos-turisticos\/","title":{"rendered":"Reef Jet volar\u00e1 de Punta Cana a Santiago, Pedernales y otros polos tur\u00edsticos"},"content":{"rendered":"<div>\n<p>El pr\u00f3ximo viernes 29 de septiembre, Reef Jet dejar\u00e1 inaugurado el primer vuelo desde el Aeropuerto Internacional de Punta Cana al Aeropuerto Internacional del Cibao.<\/p>\n<p>La aerol\u00ednea Reef Jet busca aportar oferta multidestino forma parte pol\u00edtica de Estado de promover un pa\u00eds con una amplia oferta.<\/p>\n<figure class=\"wp-block-image size-large\"><img data-attachment-id=\"32562\" data-permalink=\"https:\/\/elmundodelosnegocios.com.do\/v1\/index.php\/2023\/09\/27\/reef-jet-volara-de-punta-cana-a-santiago-pedernales-y-otros-polos-turisticos\/1-1-2-4\/\" data-orig-file=\"https:\/\/i0.wp.com\/elmundodelosnegocios.com.do\/v1\/wp-content\/uploads\/2023\/09\/1-1-2-scaled.jpg?fit=2560%2C1920&amp;ssl=1\" data-orig-size=\"2560,1920\" data-comments-opened=\"0\" data-image-meta='{\"aperture\":\"2.2\",\"credit\":\"\",\"camera\":\"iPhone 6\",\"caption\":\"\",\"created_timestamp\":\"1439044639\",\"copyright\":\"\",\"focal_length\":\"4.15\",\"iso\":\"32\",\"shutter_speed\":\"0.00075815011372252\",\"title\":\"\",\"orientation\":\"0\"}' data-image-title=\"1-1-2\" data-image-description=\"\" data-image-caption=\"\" data-medium-file=\"https:\/\/i0.wp.com\/elmundodelosnegocios.com.do\/v1\/wp-content\/uploads\/2023\/09\/1-1-2-scaled.jpg?fit=300%2C225&amp;ssl=1\" data-large-file=\"https:\/\/i0.wp.com\/elmundodelosnegocios.com.do\/v1\/wp-content\/uploads\/2023\/09\/1-1-2-scaled.jpg?fit=1024%2C768&amp;ssl=1\" decoding=\"async\" loading=\"lazy\" width=\"1024\" height=\"768\" src=\"https:\/\/i0.wp.com\/elmundodelosnegocios.com.do\/v1\/wp-content\/uploads\/2023\/09\/1-1-2-1024x768.jpg?resize=1024,768&amp;ssl=1\" alt=\"\" class=\"wp-image-32562\" srcset=\"https:\/\/i0.wp.com\/elmundodelosnegocios.com.do\/v1\/wp-content\/uploads\/2023\/09\/1-1-2-scaled.jpg?resize=1024%2C768&amp;ssl=1 1024w, https:\/\/i0.wp.com\/elmundodelosnegocios.com.do\/v1\/wp-content\/uploads\/2023\/09\/1-1-2-scaled.jpg?resize=300%2C225&amp;ssl=1 300w, https:\/\/i0.wp.com\/elmundodelosnegocios.com.do\/v1\/wp-content\/uploads\/2023\/09\/1-1-2-scaled.jpg?resize=768%2C576&amp;ssl=1 768w, https:\/\/i0.wp.com\/elmundodelosnegocios.com.do\/v1\/wp-content\/uploads\/2023\/09\/1-1-2-scaled.jpg?resize=1536%2C1152&amp;ssl=1 1536w, https:\/\/i0.wp.com\/elmundodelosnegocios.com.do\/v1\/wp-content\/uploads\/2023\/09\/1-1-2-scaled.jpg?resize=2048%2C1536&amp;ssl=1 2048w, https:\/\/i0.wp.com\/elmundodelosnegocios.com.do\/v1\/wp-content\/uploads\/2023\/09\/1-1-2-scaled.jpg?w=2220 2220w\" sizes=\"auto, (max-width: 1024px) 100vw, 1024px\" data-recalc-dims=\"1\"><\/figure>\n<p>Conectar a Punta Cana con Santiago, Pedernales y Saman\u00e1 es la apuesta de negocios que desarrolla la aerol\u00ednea Reef Jet, con la finalidad de aportar a la oferta multidestino en el pa\u00eds, a trav\u00e9s de vuelos dom\u00e9sticos.<\/p>\n<p>Geraint Mar\u00eda Barrot, director de Operaciones de Reef Jet, explic\u00f3 que luego de un levantamiento de mercado, vieron la necesidad de crear una ruta que conecte a Punta Cana con Santiago, ya que en esta ciudad del Norte hay una clase que representa el segundo emisor de turismo local en Rep\u00fablica Dominicana.<\/p>\n<p>El pr\u00f3ximo viernes, 29 de septiembre, Reef Jet dejar\u00e1 inaugurado el primer vuelo desde el Aeropuerto Internacional de Punta Cana al Aeropuerto Internacional del Cibao.<\/p>\n<p>Agreg\u00f3 que de esta manera en tan solo 50 minutos ambos destinos se enlazan v\u00eda a\u00e9rea en vuelos comerciales.<\/p>\n<p>Resalt\u00f3 que m\u00e1s que un vuelo, Reef Jet busca brindar una experiencia, ya que sus servicios son ofrecidos a trav\u00e9s de agencias de turoperadores, las cuales ofrecen a los pasajeros las opciones de excursiones que van desde visitas a balnearios de aguas termales, rutas culturales, experiencias gastron\u00f3micas, entre otras.<\/p>\n<p>Destac\u00f3 el inter\u00e9s de la aerol\u00ednea por aportar a la oferta multidestino que forma parte de la pol\u00edtica de Estado de promover un pa\u00eds con una amplia oferta cultural, gastron\u00f3mica, religiosa y de turismo de aventura, entre otras modalidades.<\/p>\n<p>Indic\u00f3 que Reef Jet tiene vuelos de excusi\u00f3n a Pedernales y Saman\u00e1, en donde transporta una importante cantidad de turistas extranjeros.<\/p>\n<p>Explic\u00f3 que las aeronaves que realizar\u00e1n el servicio son dos CESSNA con capacidad de nueve pasajeros. La empresa es certificada por el IDAC y cuenta con personal capacitado.<\/p>\n<\/div>\n","protected":false},"excerpt":{"rendered":"<p>El pr\u00f3ximo viernes 29 de septiembre, Reef Jet dejar\u00e1 inaugurado el primer vuelo desde el Aeropuerto Internacional de Punta Cana al Aeropuerto Internacional del Cibao. La aerol\u00ednea Reef Jet busca&hellip; <\/p>\n","protected":false},"author":2,"featured_media":5039,"comment_status":"closed","ping_status":"closed","sticky":false,"template":"","format":"standard","meta":{"fifu_image_url":"https:\/\/i0.wp.com\/elmundodelosnegocios.com.do\/v1\/wp-content\/uploads\/2023\/09\/1-1-2-1024x768.jpg?resize=1024,768&ssl=1","fifu_image_alt":"Reef Jet volar\u00e1 de Punta Cana a Santiago, Pedernales y otros polos tur\u00edsticos","footnotes":""},"categories":[63],"tags":[],"class_list":["post-5038","post","type-post","status-publish","format-standard","has-post-thumbnail","hentry","category-actualidad"],"_links":{"self":[{"href":"https:\/\/elmundodelapolitica.com\/v1\/wp-json\/wp\/v2\/posts\/5038","targetHints":{"allow":["GET"]}}],"collection":[{"href":"https:\/\/elmundodelapolitica.com\/v1\/wp-json\/wp\/v2\/posts"}],"about":[{"href":"https:\/\/elmundodelapolitica.com\/v1\/wp-json\/wp\/v2\/types\/post"}],"author":[{"embeddable":true,"href":"https:\/\/elmundodelapolitica.com\/v1\/wp-json\/wp\/v2\/users\/2"}],"replies":[{"embeddable":true,"href":"https:\/\/elmundodelapolitica.com\/v1\/wp-json\/wp\/v2\/comments?post=5038"}],"version-history":[{"count":0,"href":"https:\/\/elmundodelapolitica.com\/v1\/wp-json\/wp\/v2\/posts\/5038\/revisions"}],"wp:featuredmedia":[{"embeddable":true,"href":"https:\/\/elmundodelapolitica.com\/v1\/wp-json\/wp\/v2\/media\/5039"}],"wp:attachment":[{"href":"https:\/\/elmundodelapolitica.com\/v1\/wp-json\/wp\/v2\/media?parent=5038"}],"wp:term":[{"taxonomy":"category","embeddable":true,"href":"https:\/\/elmundodelapolitica.com\/v1\/wp-json\/wp\/v2\/categories?post=5038"},{"taxonomy":"post_tag","embeddable":true,"href":"https:\/\/elmundodelapolitica.com\/v1\/wp-json\/wp\/v2\/tags?post=5038"}],"curies":[{"name":"wp","href":"https:\/\/api.w.org\/{rel}","templated":true}]}}