{"id":5036,"date":"2023-09-27T09:31:25","date_gmt":"2023-09-27T13:31:25","guid":{"rendered":"https:\/\/elmundodelapolitica.com\/v1\/?p=5036"},"modified":"2023-09-27T09:31:25","modified_gmt":"2023-09-27T13:31:25","slug":"indice-global-de-crimen-organizado-2023-indica-rd-avanza-en-combate-al-crimen-organizado","status":"publish","type":"post","link":"https:\/\/elmundodelapolitica.com\/v1\/indice-global-de-crimen-organizado-2023-indica-rd-avanza-en-combate-al-crimen-organizado\/","title":{"rendered":"\u00cdndice Global de Crimen Organizado 2023 Indica RD avanza en combate al crimen organizado"},"content":{"rendered":"<div>\n<p>Santo Domingo. \u2013\u00a0<strong>Homero Figueroa<\/strong>, vocero de la\u00a0<strong>Presidencia<\/strong>\u00a0y director de Estrategia y Comunicaci\u00f3n Gubernamental, comunic\u00f3 que la organizaci\u00f3n independiente de la sociedad civil\u00a0<em><strong>Global Initiative<\/strong><\/em>, con sede en Ginebra, Suiza, ha publicado su reciente\u00a0<em>\u00abGlobal Organized Crime Index 2023\u00bb<\/em>\u00a0<strong>(\u00cdndice Global de Crimen Organizado).\u00a0<\/strong><\/p>\n<div class=\"wp-block-image\">\n<figure class=\"aligncenter size-large\"><img decoding=\"async\" src=\"https:\/\/i0.wp.com\/presidencia.gob.do\/sites\/default\/files\/styles\/large\/public\/news\/2023-09\/Homero Figueroa_1.jpeg?w=1110&amp;ssl=1\" alt=\"\" data-recalc-dims=\"1\"><\/figure>\n<\/div>\n<p>Este \u00edndice proporciona un panorama detallado de las din\u00e1micas del crimen organizado en los\u00a0<strong>193 Estados\u00a0<\/strong>miembros de la\u00a0<strong>ONU<\/strong>, destacando los\u00a0<strong>progresos realizados por la Rep\u00fablica Dominicana en los \u00faltimos dos a\u00f1os.<\/strong><\/p>\n<p>En la versi\u00f3n 2023 del \u00cdndice, los pa\u00edses fueron evaluados seg\u00fan la magnitud y naturaleza de la criminalidad, as\u00ed como su\u00a0<strong>resiliencia o habilidad<\/strong>\u00a0para contrarrestar las actividades del crimen organizado.\u00a0<\/p>\n<p><strong>La Rep\u00fablica Dominicana mostr\u00f3 un avance significativo<\/strong>\u00a0en comparaci\u00f3n con los resultados de 2021, ascendiendo 14 puestos a nivel mundial, ubic\u00e1ndose en el 94, siendo el mejor puesto el 193; cuatro en Am\u00e9rica, situ\u00e1ndose en el 20, siendo el mejor puesto el 35; y subi\u00f3 un puesto en el Caribe, alcanzando el 4to lugar, siendo el mejor puesto el 13.<\/p>\n<p>Adem\u00e1s de estos notorios avances, el \u00cdndice Global de Crimen Organizado 2023 enfatiz\u00f3 que la Rep\u00fablica Dominicana ha mostrado avances significativos en diversas \u00e1reas, destacando un\u00a0<strong>crecimiento econ\u00f3mico sostenido,<\/strong>\u00a0que ha llevado a una notable\u00a0<strong>reducci\u00f3n en la pobreza y desigualdad<\/strong>.\u00a0<\/p>\n<p>Este progreso se complementa con medidas legales robustas, como garant\u00edas en el c\u00f3digo penal para la protecci\u00f3n de v\u00edctimas y testigos, y\u00a0<strong>esfuerzos gubernamentales<\/strong>, como iniciativas para asistir a usuarios de drogas y la promoci\u00f3n activa de la sociedad civil.\u00a0<\/p>\n<p>Adem\u00e1s, el pa\u00eds ha fortalecido su marco regulatorio contra el lavado de dinero y ha recibido apoyo internacional, subrayando el compromiso conjunto para enfrentar desaf\u00edos y fortalecer la naci\u00f3n.<\/p>\n<p>El \u00cdndice Global de Crimen Organizado puede ser consultado en\u00a0<a href=\"https:\/\/presidencia.gob.do\/noticias\/ocindex.net\">ocindex.net<\/a>, y espec\u00edficamente los resultados de la Rep\u00fablica Dominicana en\u00a0<a href=\"https:\/\/presidencia.gob.do\/noticias\/ocindex.net\/2023\/country\/dominican_republic\">ocindex.net\/2023\/country\/dominican_republic<\/a>.<\/p>\n<div class=\"wp-block-image\">\n<figure class=\"aligncenter size-large\"><a href=\"https:\/\/presidencia.gob.do\/noticias\/ocindex.net\/2023\/country\/dominican_republic\"><img data-attachment-id=\"32558\" data-permalink=\"https:\/\/elmundodelosnegocios.com.do\/v1\/index.php\/2023\/09\/27\/indice-global-de-crimen-organizado-2023-indica-rd-avanza-en-combate-al-crimen-organizado\/global\/\" data-orig-file=\"https:\/\/i0.wp.com\/elmundodelosnegocios.com.do\/v1\/wp-content\/uploads\/2023\/09\/global.png?fit=1920%2C1080&amp;ssl=1\" data-orig-size=\"1920,1080\" data-comments-opened=\"0\" data-image-meta='{\"aperture\":\"0\",\"credit\":\"\",\"camera\":\"\",\"caption\":\"\",\"created_timestamp\":\"0\",\"copyright\":\"\",\"focal_length\":\"0\",\"iso\":\"0\",\"shutter_speed\":\"0\",\"title\":\"\",\"orientation\":\"0\"}' data-image-title=\"global\" data-image-description=\"\" data-image-caption=\"\" data-medium-file=\"https:\/\/i0.wp.com\/elmundodelosnegocios.com.do\/v1\/wp-content\/uploads\/2023\/09\/global.png?fit=300%2C169&amp;ssl=1\" data-large-file=\"https:\/\/i0.wp.com\/elmundodelosnegocios.com.do\/v1\/wp-content\/uploads\/2023\/09\/global.png?fit=1024%2C576&amp;ssl=1\" decoding=\"async\" loading=\"lazy\" width=\"1024\" height=\"576\" src=\"https:\/\/i0.wp.com\/elmundodelosnegocios.com.do\/v1\/wp-content\/uploads\/2023\/09\/global-1024x576.png?resize=1024,576&amp;ssl=1\" alt=\"\" class=\"wp-image-32558\" srcset=\"https:\/\/i0.wp.com\/elmundodelosnegocios.com.do\/v1\/wp-content\/uploads\/2023\/09\/global.png?resize=1024%2C576&amp;ssl=1 1024w, https:\/\/i0.wp.com\/elmundodelosnegocios.com.do\/v1\/wp-content\/uploads\/2023\/09\/global.png?resize=300%2C169&amp;ssl=1 300w, https:\/\/i0.wp.com\/elmundodelosnegocios.com.do\/v1\/wp-content\/uploads\/2023\/09\/global.png?resize=768%2C432&amp;ssl=1 768w, https:\/\/i0.wp.com\/elmundodelosnegocios.com.do\/v1\/wp-content\/uploads\/2023\/09\/global.png?resize=1536%2C864&amp;ssl=1 1536w, https:\/\/i0.wp.com\/elmundodelosnegocios.com.do\/v1\/wp-content\/uploads\/2023\/09\/global.png?w=1920&amp;ssl=1 1920w\" sizes=\"auto, (max-width: 1024px) 100vw, 1024px\" data-recalc-dims=\"1\"><\/a><\/figure>\n<\/div>\n<p><strong>Sobre el \u00cdndice Global de Crimen Organizado 2023<\/strong><\/p>\n<p>El objetivo del \u00cdndice es estimular un di\u00e1logo constructivo sobre el impacto del crimen organizado y proporcionar informaci\u00f3n basada en datos a las partes interesadas, ayud\u00e1ndoles a dise\u00f1ar estrategias contra las econom\u00edas il\u00edcitas y evaluar la efectividad de sus intervenciones.\u00a0<\/p>\n<p>El \u00cdndice se estructura en torno a tres elementos principales: el alcance, escala e impacto de 15 mercados criminales; la estructura e influencia de cinco tipos de actores criminales; y la capacidad de los pa\u00edses para resistir el crimen organizado, medida a trav\u00e9s de 12 indicadores de resiliencia.<\/p>\n<\/div>\n","protected":false},"excerpt":{"rendered":"<p>Santo Domingo. \u2013\u00a0Homero Figueroa, vocero de la\u00a0Presidencia\u00a0y director de Estrategia y Comunicaci\u00f3n Gubernamental, comunic\u00f3 que la organizaci\u00f3n independiente de la sociedad civil\u00a0Global Initiative, con sede en Ginebra, Suiza, ha publicado&hellip; <\/p>\n","protected":false},"author":2,"featured_media":5037,"comment_status":"closed","ping_status":"closed","sticky":false,"template":"","format":"standard","meta":{"fifu_image_url":"https:\/\/i0.wp.com\/presidencia.gob.do\/sites\/default\/files\/styles\/large\/public\/news\/2023-09\/Homero%20Figueroa_1.jpeg?w=1110&ssl=1","fifu_image_alt":"\u00cdndice Global de Crimen Organizado 2023 Indica RD avanza en combate al crimen organizado","footnotes":""},"categories":[63],"tags":[],"class_list":["post-5036","post","type-post","status-publish","format-standard","has-post-thumbnail","hentry","category-actualidad"],"_links":{"self":[{"href":"https:\/\/elmundodelapolitica.com\/v1\/wp-json\/wp\/v2\/posts\/5036","targetHints":{"allow":["GET"]}}],"collection":[{"href":"https:\/\/elmundodelapolitica.com\/v1\/wp-json\/wp\/v2\/posts"}],"about":[{"href":"https:\/\/elmundodelapolitica.com\/v1\/wp-json\/wp\/v2\/types\/post"}],"author":[{"embeddable":true,"href":"https:\/\/elmundodelapolitica.com\/v1\/wp-json\/wp\/v2\/users\/2"}],"replies":[{"embeddable":true,"href":"https:\/\/elmundodelapolitica.com\/v1\/wp-json\/wp\/v2\/comments?post=5036"}],"version-history":[{"count":0,"href":"https:\/\/elmundodelapolitica.com\/v1\/wp-json\/wp\/v2\/posts\/5036\/revisions"}],"wp:featuredmedia":[{"embeddable":true,"href":"https:\/\/elmundodelapolitica.com\/v1\/wp-json\/wp\/v2\/media\/5037"}],"wp:attachment":[{"href":"https:\/\/elmundodelapolitica.com\/v1\/wp-json\/wp\/v2\/media?parent=5036"}],"wp:term":[{"taxonomy":"category","embeddable":true,"href":"https:\/\/elmundodelapolitica.com\/v1\/wp-json\/wp\/v2\/categories?post=5036"},{"taxonomy":"post_tag","embeddable":true,"href":"https:\/\/elmundodelapolitica.com\/v1\/wp-json\/wp\/v2\/tags?post=5036"}],"curies":[{"name":"wp","href":"https:\/\/api.w.org\/{rel}","templated":true}]}}