{"id":503,"date":"2020-11-16T12:33:58","date_gmt":"2020-11-16T16:33:58","guid":{"rendered":"http:\/\/www.elmundodelapolitica.com\/v2\/?p=22615"},"modified":"2020-11-16T12:33:58","modified_gmt":"2020-11-16T16:33:58","slug":"canciller-dice-convenio-con-eeuu-permitira-impulsar-las-exportaciones-e-ied-de-rd","status":"publish","type":"post","link":"https:\/\/elmundodelapolitica.com\/v1\/canciller-dice-convenio-con-eeuu-permitira-impulsar-las-exportaciones-e-ied-de-rd\/","title":{"rendered":"Canciller dice convenio con EEUU permitir\u00e1 impulsar las exportaciones e IED de RD"},"content":{"rendered":"\n<p><strong>Santo Domingo,  Noviembre.-<\/strong> La firma del Memorando de Entendimiento entre la Rep\u00fablica Dominicana y la Corporaci\u00f3n para el Financiamiento del Desarrollo garantizar\u00e1 que el pa\u00eds pueda atraer a empresas que salen de Asia y buscan reubicarse en las Am\u00e9ricas como parte de la estrategia de nearshoring, desplegada por Estados Unidos.<\/p>\n\n\n\n<p>As\u00ed lo consider\u00f3 el Ministro Relaciones Exteriores de la Rep\u00fablica Dominicana, Roberto \u00c1lvarez, quien particip\u00f3 como orador invitado del <strong>AMCHAMDR Encounters<\/strong> que organiza la C\u00e1mara Americana de Comercio de la Rep\u00fablica Dominicana (AMCHAMDR).<\/p>\n\n\n\n<p>El canciller consider\u00f3 que el acceso una cartera de financiamiento de 2,000 millones de d\u00f3lares permitir\u00e1 aumentar la base manufacturera del pa\u00eds, as\u00ed como fomentar las inversiones en infraestructura que aportar\u00e1n a la meta gubernamental de crear una gran cantidad de empleos dignos.<\/p>\n\n\n\n<p>En su disertaci\u00f3n sobre <strong>\u201c<\/strong><strong>El Marco de Cooperaci\u00f3n entre RD y EE.UU. a la luz del programa Am\u00e9rica Crece<\/strong><strong>\u201d, <\/strong>\u00c1lvarez sugiri\u00f3 que para garantizar la operatividad del Memorando de Entendimiento firmado en octubre pasado con los Estados Unidos, el gobierno dominicano precisa crear una unidad de inteligencia que identifique proyectos prioritarios dentro de las \u00e1reas cubiertas por dicho convenio y los asesore para acceder a los fondos de financiamiento.<\/p>\n\n\n\n<p>Propone que dicha unidad est\u00e9 adscrita al Ministerio de Industria, Comercio y Mipymes, a fin de garantizar que los fondos del acuerdo se correspondan con la estrategia de desarrollo del gobierno y vayan a proyectos que generen bienestar al pa\u00eds<strong>.<\/strong><\/p>\n\n\n\n<p>El canciller se\u00f1al\u00f3 la importancia del acuerdo que, adem\u00e1s de fortalecer la alianza estrat\u00e9gica con los Estados Unidos, busca facilitar el financiamiento para proyectos privados y p\u00fablicos en Rep\u00fablica Dominicana en las \u00e1reas de: infraestructura cr\u00edtica, log\u00edstica, energ\u00eda, turismo, desarrollo de las Mipymes y el empoderamiento econ\u00f3mico de las mujeres emprendedoras.<\/p>\n\n\n\n<p><em>\u201cEl acuerdo viene a potenciar las ventajas competitivas que tiene el pa\u00eds: Su cercan\u00eda con los Estados Unidos, su estabilidad pol\u00edtica, experiencia y capacidad productiva en \u00e1reas clave y, sobre todo, el acceso preferencial a un mercado de 915 millones de personas que se deriva de los numerosos acuerdos comerciales en los que el pa\u00eds participa como el DR-CAFTA, el EPA, el SICA, etc\u201d, <\/em>dijo \u00c1lvarez<em>.<\/em><\/p>\n\n\n\n<p>Durante su participaci\u00f3n en el <strong>AMCHAMDR Encounter<\/strong>, el canciller resalt\u00f3 que el mundo vive una recomposici\u00f3n geopol\u00edtica, sin embargo, se mostr\u00f3 optimista y abog\u00f3 para que todos los sectores productivos del pa\u00eds se unan para para crear nuevas oportunidades que incidan en el bienestar del pa\u00eds.<\/p>\n\n\n\n<p><strong>Presidente de AMCHAMDR: Acuerdo es \u201chito hist\u00f3rico en la relaci\u00f3n bilateral\u201d<\/strong><\/p>\n\n\n\n<p>Mientras que el presidente de la C\u00e1mara Americana de Comercio, Ram\u00f3n Ortega, calific\u00f3 la firma del convenio como un <em>\u201chito significativo en la relaci\u00f3n bilateral entre Estados Unidos y la Rep\u00fablica Dominicana\u201d,<\/em>ya que entiende permitir\u00e1 tanto al sector p\u00fablico como privado acceder a nuevas oportunidades de negocios para el desarrollo del pa\u00eds.<\/p>\n\n\n\n<p>En ese sentido, felicit\u00f3 al gobierno del Presidente Luis Abinader por convertir en una alta prioridad el fortalecimiento de las relaciones econ\u00f3micas y diplom\u00e1ticas con los Estados Unidos, principal socio comercial del pa\u00eds.<\/p>\n\n\n\n<p>Durante sus palabras de bienvenida al evento, Ortega se refiri\u00f3 a que la C\u00e1mara Americana de Comercio, entidad que el pasado domingo arrib\u00f3 a su 97 aniversario, colabora con el gobierno para impulsar una agenda de inter\u00e9s com\u00fan que promueva las alianzas p\u00fablico-privadas.<\/p>\n\n\n\n<p><em>\u201cA trav\u00e9s del establecimiento de estas mesas de trabajo entre el Gobierno y AMCHAMDR, tengo la certeza de que saldr\u00e1n beneficios tangibles para fortalecer el Estado de Derecho, integrarnos a cadenas de valor claves y mantener un clima favorable al comercio y la inversi\u00f3n extranjera principalmente con Estados Unidos\u201d, <\/em>anunci\u00f3<em>.<\/em><\/p>\n\n\n\n<p><strong>Sobre la C\u00e1mara Americana de Comercio de la Rep\u00fablica Dominicana (AMCHAMDR)<\/strong><\/p>\n\n\n\n<p>La C\u00e1mara Americana de Comercio de la Rep\u00fablica Dominicana (AMCHAMDR por sus siglas en ingl\u00e9s) es una asociaci\u00f3n sin fines de lucro, incorporada legalmente el 8 de noviembre de 1923, que fomenta un clima de inversi\u00f3n saludable basado en el acceso de conocimiento, oportunidades y una cultura de mejores pr\u00e1cticas para el desarrollo socioecon\u00f3mico y profesional de sus socios. AMCHAMDR est\u00e1 afiliada a la <em>U.S. Chamber of Commerce<\/em> y es miembro fundador de la Asociaci\u00f3n de C\u00e1maras Americanas de Comercio en Am\u00e9rica Latina (AACCLA por sus siglas en ingl\u00e9s).<\/p>\n\n\n\n<p>AMCHAMDR trabaja una agenda dise\u00f1ada para conectar y representar a sus socios de nuevas tendencias en el mundo de los negocios, mercados e indicadores tanto a nivel nacional como internacional. Su cat\u00e1logo de servicios est\u00e1 dise\u00f1ado para agregar valor a sus miembros, ofreciendo soluciones concretas e identificando oportunidades de crecimiento empresarial y profesional.<\/p>\n","protected":false},"excerpt":{"rendered":"<p>Santo Domingo, Noviembre.- La firma del Memorando de Entendimiento entre la Rep\u00fablica Dominicana y la Corporaci\u00f3n para el Financiamiento del Desarrollo garantizar\u00e1 que el pa\u00eds pueda atraer a empresas que&hellip; <\/p>\n","protected":false},"author":2,"featured_media":504,"comment_status":"closed","ping_status":"open","sticky":false,"template":"","format":"standard","meta":{"fifu_image_url":"","fifu_image_alt":"","footnotes":""},"categories":[10],"tags":[],"class_list":["post-503","post","type-post","status-publish","format-standard","has-post-thumbnail","hentry","category-marketing-politico"],"_links":{"self":[{"href":"https:\/\/elmundodelapolitica.com\/v1\/wp-json\/wp\/v2\/posts\/503","targetHints":{"allow":["GET"]}}],"collection":[{"href":"https:\/\/elmundodelapolitica.com\/v1\/wp-json\/wp\/v2\/posts"}],"about":[{"href":"https:\/\/elmundodelapolitica.com\/v1\/wp-json\/wp\/v2\/types\/post"}],"author":[{"embeddable":true,"href":"https:\/\/elmundodelapolitica.com\/v1\/wp-json\/wp\/v2\/users\/2"}],"replies":[{"embeddable":true,"href":"https:\/\/elmundodelapolitica.com\/v1\/wp-json\/wp\/v2\/comments?post=503"}],"version-history":[{"count":0,"href":"https:\/\/elmundodelapolitica.com\/v1\/wp-json\/wp\/v2\/posts\/503\/revisions"}],"wp:featuredmedia":[{"embeddable":true,"href":"https:\/\/elmundodelapolitica.com\/v1\/wp-json\/wp\/v2\/media\/504"}],"wp:attachment":[{"href":"https:\/\/elmundodelapolitica.com\/v1\/wp-json\/wp\/v2\/media?parent=503"}],"wp:term":[{"taxonomy":"category","embeddable":true,"href":"https:\/\/elmundodelapolitica.com\/v1\/wp-json\/wp\/v2\/categories?post=503"},{"taxonomy":"post_tag","embeddable":true,"href":"https:\/\/elmundodelapolitica.com\/v1\/wp-json\/wp\/v2\/tags?post=503"}],"curies":[{"name":"wp","href":"https:\/\/api.w.org\/{rel}","templated":true}]}}