{"id":5026,"date":"2023-09-26T09:40:20","date_gmt":"2023-09-26T13:40:20","guid":{"rendered":"https:\/\/elmundodelapolitica.com\/v1\/?p=5026"},"modified":"2023-09-26T09:40:20","modified_gmt":"2023-09-26T13:40:20","slug":"zonas-francas-registran-mas-de-5000-millones-de-dolares-en-exportaciones-durante-los-primeros-8-meses-de-2023","status":"publish","type":"post","link":"https:\/\/elmundodelapolitica.com\/v1\/zonas-francas-registran-mas-de-5000-millones-de-dolares-en-exportaciones-durante-los-primeros-8-meses-de-2023\/","title":{"rendered":"Zonas Francas registran m\u00e1s de 5,000 millones de d\u00f3lares en exportaciones durante los primeros 8 meses de 2023"},"content":{"rendered":"<div>\n<p>Santo Domingo.- En los primeros ocho meses del presente a\u00f1o,\u00a0<strong>el sector de zonas francas<\/strong>\u00a0continu\u00f3 experimentando un\u00a0<strong>crecimiento sostenido<\/strong>\u00a0en sus exportaciones, lo cual se evidencia en el\u00a0<strong>incremento del 2.5 %<\/strong>\u00a0de los valores exportados, al registrar la cifra de\u00a0<strong>USD 5,363.6 millones<\/strong>\u00a0en exportaci\u00f3n durante este periodo, en comparaci\u00f3n con los USD 5,232.7 millones registrados en igual periodo del pasado a\u00f1o.<\/p>\n<div class=\"wp-block-image\">\n<figure class=\"aligncenter size-large\"><img loading=\"lazy\" data-attachment-id=\"32546\" data-permalink=\"https:\/\/elmundodelosnegocios.com.do\/v1\/index.php\/2023\/09\/26\/zonas-francas-registran-mas-de-5000-millones-de-dolares-en-exportaciones-durante-los-primeros-8-meses-de-2023\/2-2-20\/\" data-orig-file=\"https:\/\/i0.wp.com\/elmundodelosnegocios.com.do\/v1\/wp-content\/uploads\/2023\/09\/2-2.jpeg?fit=1300%2C731&amp;ssl=1\" data-orig-size=\"1300,731\" data-comments-opened=\"0\" data-image-meta='{\"aperture\":\"0\",\"credit\":\"\",\"camera\":\"\",\"caption\":\"\",\"created_timestamp\":\"0\",\"copyright\":\"\",\"focal_length\":\"0\",\"iso\":\"0\",\"shutter_speed\":\"0\",\"title\":\"\",\"orientation\":\"0\"}' data-image-title=\"2-2\" data-image-description=\"\" data-image-caption=\"\" data-medium-file=\"https:\/\/i0.wp.com\/elmundodelosnegocios.com.do\/v1\/wp-content\/uploads\/2023\/09\/2-2.jpeg?fit=300%2C169&amp;ssl=1\" data-large-file=\"https:\/\/i0.wp.com\/elmundodelosnegocios.com.do\/v1\/wp-content\/uploads\/2023\/09\/2-2.jpeg?fit=1024%2C576&amp;ssl=1\" decoding=\"async\" width=\"1024\" height=\"576\" src=\"https:\/\/i0.wp.com\/elmundodelosnegocios.com.do\/v1\/wp-content\/uploads\/2023\/09\/2-2-1024x576.jpeg?resize=1024,576&amp;ssl=1\" alt=\"\" class=\"wp-image-32546\" srcset=\"https:\/\/i0.wp.com\/elmundodelosnegocios.com.do\/v1\/wp-content\/uploads\/2023\/09\/2-2.jpeg?resize=1024%2C576&amp;ssl=1 1024w, https:\/\/i0.wp.com\/elmundodelosnegocios.com.do\/v1\/wp-content\/uploads\/2023\/09\/2-2.jpeg?resize=300%2C169&amp;ssl=1 300w, https:\/\/i0.wp.com\/elmundodelosnegocios.com.do\/v1\/wp-content\/uploads\/2023\/09\/2-2.jpeg?resize=768%2C432&amp;ssl=1 768w, https:\/\/i0.wp.com\/elmundodelosnegocios.com.do\/v1\/wp-content\/uploads\/2023\/09\/2-2.jpeg?w=1300&amp;ssl=1 1300w\" sizes=\"auto, (max-width: 1024px) 100vw, 1024px\" data-recalc-dims=\"1\"><\/figure>\n<\/div>\n<p>De acuerdo con declaraciones del director ejecutivo del Consejo Nacional de Zonas Francas de Exportaci\u00f3n\u00a0<strong>(CNZFE), Daniel Liranzo<\/strong>, durante el\u00a0 mes de agosto de 2023, el valor de las exportaciones de zonas francas se situaron en los\u00a0<strong>USD 672.9 millones<\/strong>, para un crecimiento de un\u00a0<strong>1.5%<\/strong>, en relaci\u00f3n con el mes de agosto del a\u00f1o 2022.<\/p>\n<p>Liranzo indic\u00f3 que\u00a0<strong>pr\u00e1cticamente todos los subsectores productivos\u00a0<\/strong>de zonas francas registraron<strong>\u00a0incrementos en el valor de sus exportaciones\u00a0<\/strong>en el periodo enero-agosto, los siguientes como los m\u00e1s destacados: Productos M\u00e9dicos y Farmac\u00e9uticos (6.7%), Manufactura Textil (9.1%), Productos El\u00e9ctricos y Electr\u00f3nicos (1.0%), Art\u00edculos de Pl\u00e1sticos (36.8%) y Productos Agroindustriales (17.3%).\u00a0<\/p>\n<p>Asimismo, destac\u00f3 que el sector actualmente representa m\u00e1s del\u00a0<strong>60 % de las exportaciones totales del pa\u00eds<\/strong>\u00a0y que, por el extraordinario desempe\u00f1o que exhibe,\u00a0<strong>se espera sobrepasar los 8 millones de d\u00f3lares<\/strong>\u00a0en exportaci\u00f3n al finalizar el a\u00f1o 2023.<\/p>\n<p>En un comunicado de prensa del CNZFE, el titular de la instituci\u00f3n\u00a0 manifest\u00f3 que,\u00a0 el sector cuenta con\u00a0<strong>196,652 empleos directos<\/strong>, la actividad de Tabacos y sus Derivados como el mayor generador de empleos, con 42,836 puestos de trabajo; seguida de Servicios con 39,600; Confecciones y Textiles, con un total de 35,529. Despu\u00e9s les siguen Productos M\u00e9dicos y Farmac\u00e9uticos con 31,895, as\u00ed como Productos El\u00e9ctricos y Electr\u00f3nicos con 10,742, entre otros.<\/p>\n<p>Finalmente, puntualiz\u00f3 que este crecimiento ha sido producto de\u00a0<strong>la exhaustiva labor y las pol\u00edticas p\u00fablicas<\/strong>\u00a0que ha puesto en marcha el actual gobierno encabezado por el presidente de la Rep\u00fablica,\u00a0<strong>Lic. Luis Abinader Corona, para fortalecer el clima de inversiones en las zonas francas<\/strong>, lo cual ha propiciado la construcci\u00f3n de nuevas naves industriales para hacer frente al s\u00f3lido desarrollo del sector.<\/p>\n<\/div>\n","protected":false},"excerpt":{"rendered":"<p>Santo Domingo.- En los primeros ocho meses del presente a\u00f1o,\u00a0el sector de zonas francas\u00a0continu\u00f3 experimentando un\u00a0crecimiento sostenido\u00a0en sus exportaciones, lo cual se evidencia en el\u00a0incremento del 2.5 %\u00a0de los valores&hellip; <\/p>\n","protected":false},"author":2,"featured_media":5027,"comment_status":"closed","ping_status":"closed","sticky":false,"template":"","format":"standard","meta":{"fifu_image_url":"https:\/\/i0.wp.com\/elmundodelosnegocios.com.do\/v1\/wp-content\/uploads\/2023\/09\/2-2-1024x576.jpeg?resize=1024,576&ssl=1","fifu_image_alt":"Zonas Francas registran m\u00e1s de 5,000 millones de d\u00f3lares en exportaciones durante los primeros 8 meses de 2023","footnotes":""},"categories":[63],"tags":[],"class_list":["post-5026","post","type-post","status-publish","format-standard","has-post-thumbnail","hentry","category-actualidad"],"_links":{"self":[{"href":"https:\/\/elmundodelapolitica.com\/v1\/wp-json\/wp\/v2\/posts\/5026","targetHints":{"allow":["GET"]}}],"collection":[{"href":"https:\/\/elmundodelapolitica.com\/v1\/wp-json\/wp\/v2\/posts"}],"about":[{"href":"https:\/\/elmundodelapolitica.com\/v1\/wp-json\/wp\/v2\/types\/post"}],"author":[{"embeddable":true,"href":"https:\/\/elmundodelapolitica.com\/v1\/wp-json\/wp\/v2\/users\/2"}],"replies":[{"embeddable":true,"href":"https:\/\/elmundodelapolitica.com\/v1\/wp-json\/wp\/v2\/comments?post=5026"}],"version-history":[{"count":0,"href":"https:\/\/elmundodelapolitica.com\/v1\/wp-json\/wp\/v2\/posts\/5026\/revisions"}],"wp:featuredmedia":[{"embeddable":true,"href":"https:\/\/elmundodelapolitica.com\/v1\/wp-json\/wp\/v2\/media\/5027"}],"wp:attachment":[{"href":"https:\/\/elmundodelapolitica.com\/v1\/wp-json\/wp\/v2\/media?parent=5026"}],"wp:term":[{"taxonomy":"category","embeddable":true,"href":"https:\/\/elmundodelapolitica.com\/v1\/wp-json\/wp\/v2\/categories?post=5026"},{"taxonomy":"post_tag","embeddable":true,"href":"https:\/\/elmundodelapolitica.com\/v1\/wp-json\/wp\/v2\/tags?post=5026"}],"curies":[{"name":"wp","href":"https:\/\/api.w.org\/{rel}","templated":true}]}}