{"id":5024,"date":"2023-09-26T09:37:25","date_gmt":"2023-09-26T13:37:25","guid":{"rendered":"https:\/\/elmundodelapolitica.com\/v1\/?p=5024"},"modified":"2023-09-26T09:37:25","modified_gmt":"2023-09-26T13:37:25","slug":"productos-dominicanos-llegan-a-la-feria-mas-importante-de-miami-americas-food-and-beverage-2023","status":"publish","type":"post","link":"https:\/\/elmundodelapolitica.com\/v1\/productos-dominicanos-llegan-a-la-feria-mas-importante-de-miami-americas-food-and-beverage-2023\/","title":{"rendered":"Productos dominicanos llegan a la feria m\u00e1s importante de Miami: America\u2019s Food and Beverage 2023"},"content":{"rendered":"<div>\n<p>Miami.- Con el objetivo de continuar\u00a0<strong>posicionando la industria de Alimentos y Bebidas de la Rep\u00fablica Dominicana<\/strong>\u00a0para su exportaci\u00f3n, el Centro de Exportaci\u00f3n e Inversi\u00f3n de la Rep\u00fablica Dominicana\u00a0<strong>(ProDominicana)<\/strong>\u00a0organiz\u00f3 la participaci\u00f3n de 10 empresas dominicanas en la feria m\u00e1s importante de Miami<strong>, \u201cAmericas Food and Beverage Show &amp; Conference (AF&amp;B)<\/strong>\u201d.<\/p>\n<div class=\"wp-block-image\">\n<figure class=\"aligncenter size-large\"><img data-attachment-id=\"32543\" data-permalink=\"https:\/\/elmundodelosnegocios.com.do\/v1\/index.php\/2023\/09\/26\/productos-dominicanos-llegan-a-la-feria-mas-importante-de-miami-americas-food-and-beverage-2023\/americas-food\/\" data-orig-file=\"https:\/\/i0.wp.com\/elmundodelosnegocios.com.do\/v1\/wp-content\/uploads\/2023\/09\/Americas-Food.jpeg?fit=1300%2C731&amp;ssl=1\" data-orig-size=\"1300,731\" data-comments-opened=\"0\" data-image-meta='{\"aperture\":\"0\",\"credit\":\"\",\"camera\":\"\",\"caption\":\"\",\"created_timestamp\":\"0\",\"copyright\":\"\",\"focal_length\":\"0\",\"iso\":\"0\",\"shutter_speed\":\"0\",\"title\":\"\",\"orientation\":\"0\"}' data-image-title=\"Americas-Food\" data-image-description=\"\" data-image-caption=\"\" data-medium-file=\"https:\/\/i0.wp.com\/elmundodelosnegocios.com.do\/v1\/wp-content\/uploads\/2023\/09\/Americas-Food.jpeg?fit=300%2C169&amp;ssl=1\" data-large-file=\"https:\/\/i0.wp.com\/elmundodelosnegocios.com.do\/v1\/wp-content\/uploads\/2023\/09\/Americas-Food.jpeg?fit=1024%2C576&amp;ssl=1\" decoding=\"async\" loading=\"lazy\" width=\"1024\" height=\"576\" src=\"https:\/\/i0.wp.com\/elmundodelosnegocios.com.do\/v1\/wp-content\/uploads\/2023\/09\/Americas-Food-1024x576.jpeg?resize=1024,576&amp;ssl=1\" alt=\"\" class=\"wp-image-32543\" srcset=\"https:\/\/i0.wp.com\/elmundodelosnegocios.com.do\/v1\/wp-content\/uploads\/2023\/09\/Americas-Food.jpeg?resize=1024%2C576&amp;ssl=1 1024w, https:\/\/i0.wp.com\/elmundodelosnegocios.com.do\/v1\/wp-content\/uploads\/2023\/09\/Americas-Food.jpeg?resize=300%2C169&amp;ssl=1 300w, https:\/\/i0.wp.com\/elmundodelosnegocios.com.do\/v1\/wp-content\/uploads\/2023\/09\/Americas-Food.jpeg?resize=768%2C432&amp;ssl=1 768w, https:\/\/i0.wp.com\/elmundodelosnegocios.com.do\/v1\/wp-content\/uploads\/2023\/09\/Americas-Food.jpeg?w=1300&amp;ssl=1 1300w\" sizes=\"auto, (max-width: 1024px) 100vw, 1024px\" data-recalc-dims=\"1\"><\/figure>\n<\/div>\n<p>Este evento se constituye por ser el punto de encuentro para los encargados de la toma de decisiones del sector alimentos y bebidas,\u00a0<strong>procedentes de todas partes del mundo.<\/strong><\/p>\n<p>En ese sentido, la directora ejecutiva de ProDominicana,\u00a0<strong>Biviana Riveiro,<\/strong>\u00a0expres\u00f3 que el 50 % de los asistentes a la feria son responsables de la toma de decisiones y, por consiguiente, la feria y conferencia\u00a0<strong>AF&amp;B es el escenario ideal<\/strong>\u00a0para que los exportadores conozcan clientes, proveedores de productos, prestadores de servicios, suministradores, distribuidores y expertos del sector.<\/p>\n<p>Riveiro se\u00f1al\u00f3 que el Gobierno asumi\u00f3 el compromiso de la internacionalizaci\u00f3n de las empresas de alimentos y bebidas dominicanas, dando importancia a la diversificaci\u00f3n de mercados, en un contexto de crecimiento como el actual.\u00a0<em>\u201cProDominicana seguir\u00e1 ofreciendo un abanico amplio de programas e instrumentos para acompa\u00f1ar a las empresas en su estrategia exterior, con el prop\u00f3sito de continuar incrementando la participaci\u00f3n en mercado no tradicionales\u201d,<\/em>\u00a0puntualiz\u00f3.<\/p>\n<p>Durante la feria los exportadores dominicanos sostuvieron m\u00e1s de 50 reuniones B2B donde ofrecieron a los asistentes de la feria los productos cultivados y elaborados en Rep\u00fablica Dominicana.<\/p>\n<p>La feria y conferencia de alimentos y bebidas de las Am\u00e9ricas est\u00e1 abierta a integrantes del sector, por lo que constituye un evento de negocios exclusivamente. A los asistentes a la feria les interesa buscar productos nuevos e innovadores para abastecer sus estantes, a\u00f1adirlos a sus men\u00fas e impresionar a sus clientes.<\/p>\n<p>Cabe se\u00f1alar que las empresas dominicanas que participaron en el evento gestionada por ProDominicana fueron: Sylvan Foods, Pasteurizadora Rica, Plant Powered Srl, Esco Srl, P&amp;P Tropical Mix, Ly Company Caribe SRL, Deliciel, Fromages De France S.R.L., Industrias banilejas, Brinsa Dominicana, Crazy About Organics.<\/p>\n<p><strong>Exportaciones a Estados Unidos<\/strong><\/p>\n<p>Es importante destacar que, Estados Unidos\u00a0<strong>es el principal socio comercial de Rep\u00fablica Dominicana.<\/strong>\u00a0Durante el 2023, desde Rep\u00fablica Dominicana se ha exportado un total de\u00a0<strong>US 4,305.5 millones<\/strong>. Dentro de los productos exportados a Estados Unidos encabezan la lista, los cigarros Puros, US 595 millones; disyuntores, US 510 millones, instrumentos y aparatos de medicina, US 410 millones y art\u00edculos de joyer\u00eda, US 392 millones.<\/p>\n<\/div>\n","protected":false},"excerpt":{"rendered":"<p>Miami.- Con el objetivo de continuar\u00a0posicionando la industria de Alimentos y Bebidas de la Rep\u00fablica Dominicana\u00a0para su exportaci\u00f3n, el Centro de Exportaci\u00f3n e Inversi\u00f3n de la Rep\u00fablica Dominicana\u00a0(ProDominicana)\u00a0organiz\u00f3 la participaci\u00f3n&hellip; <\/p>\n","protected":false},"author":2,"featured_media":5025,"comment_status":"closed","ping_status":"closed","sticky":false,"template":"","format":"standard","meta":{"fifu_image_url":"https:\/\/i0.wp.com\/elmundodelosnegocios.com.do\/v1\/wp-content\/uploads\/2023\/09\/Americas-Food-1024x576.jpeg?resize=1024,576&ssl=1","fifu_image_alt":"Productos dominicanos llegan a la feria m\u00e1s importante de Miami: America\u2019s Food and Beverage 2023","footnotes":""},"categories":[63],"tags":[],"class_list":["post-5024","post","type-post","status-publish","format-standard","has-post-thumbnail","hentry","category-actualidad"],"_links":{"self":[{"href":"https:\/\/elmundodelapolitica.com\/v1\/wp-json\/wp\/v2\/posts\/5024","targetHints":{"allow":["GET"]}}],"collection":[{"href":"https:\/\/elmundodelapolitica.com\/v1\/wp-json\/wp\/v2\/posts"}],"about":[{"href":"https:\/\/elmundodelapolitica.com\/v1\/wp-json\/wp\/v2\/types\/post"}],"author":[{"embeddable":true,"href":"https:\/\/elmundodelapolitica.com\/v1\/wp-json\/wp\/v2\/users\/2"}],"replies":[{"embeddable":true,"href":"https:\/\/elmundodelapolitica.com\/v1\/wp-json\/wp\/v2\/comments?post=5024"}],"version-history":[{"count":0,"href":"https:\/\/elmundodelapolitica.com\/v1\/wp-json\/wp\/v2\/posts\/5024\/revisions"}],"wp:featuredmedia":[{"embeddable":true,"href":"https:\/\/elmundodelapolitica.com\/v1\/wp-json\/wp\/v2\/media\/5025"}],"wp:attachment":[{"href":"https:\/\/elmundodelapolitica.com\/v1\/wp-json\/wp\/v2\/media?parent=5024"}],"wp:term":[{"taxonomy":"category","embeddable":true,"href":"https:\/\/elmundodelapolitica.com\/v1\/wp-json\/wp\/v2\/categories?post=5024"},{"taxonomy":"post_tag","embeddable":true,"href":"https:\/\/elmundodelapolitica.com\/v1\/wp-json\/wp\/v2\/tags?post=5024"}],"curies":[{"name":"wp","href":"https:\/\/api.w.org\/{rel}","templated":true}]}}