{"id":5022,"date":"2023-09-26T09:33:39","date_gmt":"2023-09-26T13:33:39","guid":{"rendered":"https:\/\/elmundodelapolitica.com\/v1\/?p=5022"},"modified":"2023-09-26T09:33:39","modified_gmt":"2023-09-26T13:33:39","slug":"se-une-florida-central-para-sanar-y-empoderar-con-irise-expo-2023","status":"publish","type":"post","link":"https:\/\/elmundodelapolitica.com\/v1\/se-une-florida-central-para-sanar-y-empoderar-con-irise-expo-2023\/","title":{"rendered":"Se une Florida Central para sanar y empoderar con \u2018IRise Expo 2023\u2019"},"content":{"rendered":"<div>\n<p><strong>Kissimmee<\/strong>, Florida. Septiembre, 2023.- Con el tema \u00abSanar y empoderar a nuestra ciudad\u00bb, este a\u00f1o, Irise Expo 2023, un evento gratuito de un d\u00eda traer\u00e1 recursos importantes para emprendedores, l\u00edderes y miembros de esta vibrante comunidad, el 30 de septiembre, en Osceola Heritage Park, en Kissimmee.<\/p>\n<div class=\"wp-block-image\">\n<figure class=\"aligncenter size-large\"><img data-attachment-id=\"32540\" data-permalink=\"https:\/\/elmundodelosnegocios.com.do\/v1\/index.php\/2023\/09\/26\/se-une-florida-central-para-sanar-y-empoderar-con-irise-expo-2023\/img-20230922-wa0127\/\" data-orig-file=\"https:\/\/i0.wp.com\/elmundodelosnegocios.com.do\/v1\/wp-content\/uploads\/2023\/09\/IMG-20230922-WA0127.jpg?fit=1600%2C1200&amp;ssl=1\" data-orig-size=\"1600,1200\" data-comments-opened=\"0\" data-image-meta='{\"aperture\":\"0\",\"credit\":\"\",\"camera\":\"\",\"caption\":\"\",\"created_timestamp\":\"0\",\"copyright\":\"\",\"focal_length\":\"0\",\"iso\":\"0\",\"shutter_speed\":\"0\",\"title\":\"\",\"orientation\":\"0\"}' data-image-title=\"IMG-20230922-WA0127\" data-image-description=\"\" data-image-caption=\"\" data-medium-file=\"https:\/\/i0.wp.com\/elmundodelosnegocios.com.do\/v1\/wp-content\/uploads\/2023\/09\/IMG-20230922-WA0127.jpg?fit=300%2C225&amp;ssl=1\" data-large-file=\"https:\/\/i0.wp.com\/elmundodelosnegocios.com.do\/v1\/wp-content\/uploads\/2023\/09\/IMG-20230922-WA0127.jpg?fit=1024%2C768&amp;ssl=1\" decoding=\"async\" loading=\"lazy\" width=\"1024\" height=\"768\" src=\"https:\/\/i0.wp.com\/elmundodelosnegocios.com.do\/v1\/wp-content\/uploads\/2023\/09\/IMG-20230922-WA0127-1024x768.jpg?resize=1024,768&amp;ssl=1\" alt=\"\" class=\"wp-image-32540\" srcset=\"https:\/\/i0.wp.com\/elmundodelosnegocios.com.do\/v1\/wp-content\/uploads\/2023\/09\/IMG-20230922-WA0127.jpg?resize=1024%2C768&amp;ssl=1 1024w, https:\/\/i0.wp.com\/elmundodelosnegocios.com.do\/v1\/wp-content\/uploads\/2023\/09\/IMG-20230922-WA0127.jpg?resize=300%2C225&amp;ssl=1 300w, https:\/\/i0.wp.com\/elmundodelosnegocios.com.do\/v1\/wp-content\/uploads\/2023\/09\/IMG-20230922-WA0127.jpg?resize=768%2C576&amp;ssl=1 768w, https:\/\/i0.wp.com\/elmundodelosnegocios.com.do\/v1\/wp-content\/uploads\/2023\/09\/IMG-20230922-WA0127.jpg?resize=1536%2C1152&amp;ssl=1 1536w, https:\/\/i0.wp.com\/elmundodelosnegocios.com.do\/v1\/wp-content\/uploads\/2023\/09\/IMG-20230922-WA0127.jpg?w=1600&amp;ssl=1 1600w\" sizes=\"auto, (max-width: 1024px) 100vw, 1024px\" data-recalc-dims=\"1\"><\/figure>\n<\/div>\n<p>Yohanna Cruz, una reconocida joven l\u00edder y organizadora, junto a su esposo H\u00e9ctor Cruz, fundaron este evento distintivo en 2019. A lo largo de los a\u00f1os, muchas mujeres, hombres y familias se han inspirado y motivado para mejorar sus vidas y lograr un equilibrio entre lo personal y lo profesional, aspectos con la ayuda de la gu\u00eda espiritual.<\/p>\n<p>\u201cTodos est\u00e1n invitados a ser parte de este gran evento comunitario, donde nos vamos a unir a colaborar, encontrar esos recursos para desarrollar nuestros sue\u00f1os m\u00e1s grandes y salir renovados y listos para tener esa vida sana y positiva para nuestras familias\u201d, dijo la empresaria Cruz.<\/p>\n<p>Cruz se compromete a proporcionar recursos accesibles e importantes, oradores, programas y eventos inspiradores en\u00a0 \u2018IRise Expo 2023\u2019 para ayudar a las personas a desarrollarse tanto profesional como personalmente.<\/p>\n<p>Nuestra misi\u00f3n principal es fomentar relaciones familiares positivas y crear una comunidad donde las personas puedan prosperar y sentirse realizadas. \u00danase a nosotros en nuestra b\u00fasqueda de la excelencia y forme parte de IRise Expo, un evento dedicado a sanar y empoderar a nuestra comunidad\u201d, dijo.<\/p>\n<p>La jornada comienza a las 12:00 del medio d\u00eda con registro y los asistentes participar\u00e1n en diversas actividades que incluyen oportunidades profesionales, programas comunitarios, escritores, organizaciones sin fines de lucro y sesiones de concientizaci\u00f3n sobre la salud mental.\u00a0<\/p>\n<p>Habr\u00e1 ex\u00e1menes de salud gratuitos, cortes de pelo gratuitos, rifas y m\u00e1s.<\/p>\n<p>Los visitantes pueden explorar la sala de expositores,\u00a0 mientras los ni\u00f1os disfrutan de la Kid Zone con m\u00fasica y entretenimiento apto para todas las edades.<\/p>\n<p>El a\u00f1o pasado, organizaciones sin \u00e1nimo de lucro, empresas y profesionales tuvieron la oportunidad de hacer networking y conocer potenciales colaboradores en un entorno fant\u00e1stico.<\/p>\n<p>\u00a0El d\u00eda finalizar\u00e1 con m\u00fasica en vivo y una agradable velada de momentos memorables.<\/p>\n<p>\u00a0Las personas pueden obtener sus entradas gratuitas registr\u00e1ndose aqu\u00ed:\u00a0<a href=\"http:\/\/tickettailor.com\/events\/iriseexpo2023\" target=\"_blank\" rel=\"noreferrer noopener\">tickettailor.com\/events\/iriseexpo2023<\/a><\/p>\n<p>Para obtener m\u00e1s informaci\u00f3n sobre las oportunidades de patrocinio, visite\u00a0<a href=\"http:\/\/www.iriseexpo.com\/\" target=\"_blank\" rel=\"noreferrer noopener\">www.iriseexpo.com<\/a>.<\/p>\n<\/div>\n","protected":false},"excerpt":{"rendered":"<p>Kissimmee, Florida. Septiembre, 2023.- Con el tema \u00abSanar y empoderar a nuestra ciudad\u00bb, este a\u00f1o, Irise Expo 2023, un evento gratuito de un d\u00eda traer\u00e1 recursos importantes para emprendedores, l\u00edderes&hellip; <\/p>\n","protected":false},"author":2,"featured_media":5023,"comment_status":"closed","ping_status":"closed","sticky":false,"template":"","format":"standard","meta":{"fifu_image_url":"https:\/\/i0.wp.com\/elmundodelosnegocios.com.do\/v1\/wp-content\/uploads\/2023\/09\/IMG-20230922-WA0127-1024x768.jpg?resize=1024,768&ssl=1","fifu_image_alt":"Se une Florida Central para sanar y empoderar con \u2018IRise Expo 2023\u2019","footnotes":""},"categories":[63],"tags":[],"class_list":["post-5022","post","type-post","status-publish","format-standard","has-post-thumbnail","hentry","category-actualidad"],"_links":{"self":[{"href":"https:\/\/elmundodelapolitica.com\/v1\/wp-json\/wp\/v2\/posts\/5022","targetHints":{"allow":["GET"]}}],"collection":[{"href":"https:\/\/elmundodelapolitica.com\/v1\/wp-json\/wp\/v2\/posts"}],"about":[{"href":"https:\/\/elmundodelapolitica.com\/v1\/wp-json\/wp\/v2\/types\/post"}],"author":[{"embeddable":true,"href":"https:\/\/elmundodelapolitica.com\/v1\/wp-json\/wp\/v2\/users\/2"}],"replies":[{"embeddable":true,"href":"https:\/\/elmundodelapolitica.com\/v1\/wp-json\/wp\/v2\/comments?post=5022"}],"version-history":[{"count":0,"href":"https:\/\/elmundodelapolitica.com\/v1\/wp-json\/wp\/v2\/posts\/5022\/revisions"}],"wp:featuredmedia":[{"embeddable":true,"href":"https:\/\/elmundodelapolitica.com\/v1\/wp-json\/wp\/v2\/media\/5023"}],"wp:attachment":[{"href":"https:\/\/elmundodelapolitica.com\/v1\/wp-json\/wp\/v2\/media?parent=5022"}],"wp:term":[{"taxonomy":"category","embeddable":true,"href":"https:\/\/elmundodelapolitica.com\/v1\/wp-json\/wp\/v2\/categories?post=5022"},{"taxonomy":"post_tag","embeddable":true,"href":"https:\/\/elmundodelapolitica.com\/v1\/wp-json\/wp\/v2\/tags?post=5022"}],"curies":[{"name":"wp","href":"https:\/\/api.w.org\/{rel}","templated":true}]}}