{"id":5010,"date":"2023-09-25T21:48:31","date_gmt":"2023-09-26T01:48:31","guid":{"rendered":"https:\/\/elmundodelapolitica.com\/v1\/?p=5010"},"modified":"2023-09-25T21:48:31","modified_gmt":"2023-09-26T01:48:31","slug":"days-to-shine-el-mayor-evento-para-mujeres-de-dominicana","status":"publish","type":"post","link":"https:\/\/elmundodelapolitica.com\/v1\/days-to-shine-el-mayor-evento-para-mujeres-de-dominicana\/","title":{"rendered":"Days to Shine, el mayor evento para mujeres de Dominicana"},"content":{"rendered":"<div>\n<p><em>El a\u00f1o pasado,\u00a0Days to Shine\u00a0reuni\u00f3 a 15 mil personas en el hotel El Embajador, de Santo Domingo, que ser\u00e1 nuevamente la sede.<\/em><\/p>\n<p>Santo Domingo, 25 de septiembre de 2023 \u2013 <strong>Days to Shine<\/strong>, el mayor evento para mujeres de Rep\u00fablica Dominicana, dar\u00e1 el salto oficial a Estados Unidos con su primera edici\u00f3n en Miami en 2024.<\/p>\n<div class=\"wp-block-image\">\n<figure class=\"aligncenter size-large\"><img loading=\"lazy\" data-attachment-id=\"32523\" data-permalink=\"https:\/\/elmundodelosnegocios.com.do\/v1\/index.php\/2023\/09\/25\/days-to-shine-el-mayor-evento-para-mujeres-de-dominicana\/1-1-1-4\/\" data-orig-file=\"https:\/\/i0.wp.com\/elmundodelosnegocios.com.do\/v1\/wp-content\/uploads\/2023\/09\/1-1-1.jpg?fit=1200%2C864&amp;ssl=1\" data-orig-size=\"1200,864\" data-comments-opened=\"0\" data-image-meta='{\"aperture\":\"8\",\"credit\":\"Alondra Angeles\",\"camera\":\"Canon EOS 5D Mark IV\",\"caption\":\"\",\"created_timestamp\":\"1688386689\",\"copyright\":\"u00a9 Alouette Photo\",\"focal_length\":\"50\",\"iso\":\"500\",\"shutter_speed\":\"0.005\",\"title\":\"\",\"orientation\":\"1\"}' data-image-title=\"1-1-1\" data-image-description=\"\" data-image-caption=\"\" data-medium-file=\"https:\/\/i0.wp.com\/elmundodelosnegocios.com.do\/v1\/wp-content\/uploads\/2023\/09\/1-1-1.jpg?fit=300%2C216&amp;ssl=1\" data-large-file=\"https:\/\/i0.wp.com\/elmundodelosnegocios.com.do\/v1\/wp-content\/uploads\/2023\/09\/1-1-1.jpg?fit=1024%2C737&amp;ssl=1\" decoding=\"async\" width=\"1024\" height=\"737\" src=\"https:\/\/i0.wp.com\/elmundodelosnegocios.com.do\/v1\/wp-content\/uploads\/2023\/09\/1-1-1-1024x737.jpg?resize=1024,737&amp;ssl=1\" alt=\"\" class=\"wp-image-32523\" srcset=\"https:\/\/i0.wp.com\/elmundodelosnegocios.com.do\/v1\/wp-content\/uploads\/2023\/09\/1-1-1.jpg?resize=1024%2C737&amp;ssl=1 1024w, https:\/\/i0.wp.com\/elmundodelosnegocios.com.do\/v1\/wp-content\/uploads\/2023\/09\/1-1-1.jpg?resize=300%2C216&amp;ssl=1 300w, https:\/\/i0.wp.com\/elmundodelosnegocios.com.do\/v1\/wp-content\/uploads\/2023\/09\/1-1-1.jpg?resize=768%2C553&amp;ssl=1 768w, https:\/\/i0.wp.com\/elmundodelosnegocios.com.do\/v1\/wp-content\/uploads\/2023\/09\/1-1-1.jpg?w=1200&amp;ssl=1 1200w\" sizes=\"auto, (max-width: 1024px) 100vw, 1024px\" data-recalc-dims=\"1\"><\/figure>\n<\/div>\n<p>El anuncio se hizo en \u00abDespierta Am\u00e9rica\u00bb (Univisi\u00f3n, EEUU), programa que realizar\u00e1 una transmisi\u00f3n especial desde Santo Domingo el 29 de septiembre, en el marco de Days to Shine.<\/p>\n<p>\u00abLa alianza entre el exitoso programa televisivo y el evento para la mujer m\u00e1s grande de Rep\u00fablica Dominicana y la regi\u00f3n, es parte de la meta de Days to Shine de impactar positivamente a todas las mujeres de Latinoam\u00e9rica, d\u00e1ndoles las herramientas para que brillen en cada aspecto de su vida\u00bb, afirm\u00f3 Evelyn Betancourt,\u00a0directora de \u00abShine Magazine\u00bb y co-fundadora del encuentro.<\/p>\n<p>Betancourt aclar\u00f3 que Days to Shine permanecer\u00e1 realiz\u00e1ndose en Rep\u00fablica Dominicana, como de costumbre. Dijo que la extensi\u00f3n de la plataforma ser\u00e1 un evento independiente e invit\u00f3 a toda la comunidad a participar en ambos.<\/p>\n<p>En 2022,\u00a0Days to Shine\u00a0reuni\u00f3 a 15 mil personas en las instalaciones del hotel El Embajador, de Santo Domingo, que ser\u00e1 nuevamente la sede.<\/p>\n<p>Este a\u00f1o, trae una invitaci\u00f3n al amor propio y su lema Love Yourself (\u00c1mate a ti misma), as\u00ed como una agenda de conferencias, talleres y masterclasses, pensadas para que resulten de provecho y ayuden a las asistentes a entender sobre el amor propio a trav\u00e9s de un contenido de valor que enriquezca sus vidas y aporte a su objetivo particular.<\/p>\n<p>Entre las conferencistas estar\u00e1n Pilar Sordo, psic\u00f3loga cl\u00ednica con una aplaudida trayectoria y una de las mujeres m\u00e1s influyentes de su Chile natal; Sof\u00eda Cortina, mejor chef repostera de Latinoam\u00e9rica en 2020 por 50 Best Restaurants, y Francisca, destacada actriz y presentadora del programa \u00abDespierta Am\u00e9rica\u00bb.<\/p>\n<p>Boletas a la venta en https:\/\/www.tuboleta.com.do\/daystoshine. Para m\u00e1s informaci\u00f3n,\u00a0<a href=\"https:\/\/michelsuarez.us17.list-manage.com\/track\/click?u=ed4b953a69f2cd18e92677996&amp;id=b6d0b9b9ea&amp;e=258ab4e8b0\" target=\"_blank\" rel=\"noreferrer noopener\">www.shinemag.do<\/a>\u00a0o Instagram: @shinemagazinerd<\/p>\n<\/div>\n","protected":false},"excerpt":{"rendered":"<p>El a\u00f1o pasado,\u00a0Days to Shine\u00a0reuni\u00f3 a 15 mil personas en el hotel El Embajador, de Santo Domingo, que ser\u00e1 nuevamente la sede. Santo Domingo, 25 de septiembre de 2023 \u2013&hellip; <\/p>\n","protected":false},"author":2,"featured_media":5011,"comment_status":"closed","ping_status":"closed","sticky":false,"template":"","format":"standard","meta":{"fifu_image_url":"https:\/\/i0.wp.com\/elmundodelosnegocios.com.do\/v1\/wp-content\/uploads\/2023\/09\/1-1-1-1024x737.jpg?resize=1024,737&ssl=1","fifu_image_alt":"Days to Shine, el mayor evento para mujeres de Dominicana","footnotes":""},"categories":[63],"tags":[],"class_list":["post-5010","post","type-post","status-publish","format-standard","has-post-thumbnail","hentry","category-actualidad"],"_links":{"self":[{"href":"https:\/\/elmundodelapolitica.com\/v1\/wp-json\/wp\/v2\/posts\/5010","targetHints":{"allow":["GET"]}}],"collection":[{"href":"https:\/\/elmundodelapolitica.com\/v1\/wp-json\/wp\/v2\/posts"}],"about":[{"href":"https:\/\/elmundodelapolitica.com\/v1\/wp-json\/wp\/v2\/types\/post"}],"author":[{"embeddable":true,"href":"https:\/\/elmundodelapolitica.com\/v1\/wp-json\/wp\/v2\/users\/2"}],"replies":[{"embeddable":true,"href":"https:\/\/elmundodelapolitica.com\/v1\/wp-json\/wp\/v2\/comments?post=5010"}],"version-history":[{"count":0,"href":"https:\/\/elmundodelapolitica.com\/v1\/wp-json\/wp\/v2\/posts\/5010\/revisions"}],"wp:featuredmedia":[{"embeddable":true,"href":"https:\/\/elmundodelapolitica.com\/v1\/wp-json\/wp\/v2\/media\/5011"}],"wp:attachment":[{"href":"https:\/\/elmundodelapolitica.com\/v1\/wp-json\/wp\/v2\/media?parent=5010"}],"wp:term":[{"taxonomy":"category","embeddable":true,"href":"https:\/\/elmundodelapolitica.com\/v1\/wp-json\/wp\/v2\/categories?post=5010"},{"taxonomy":"post_tag","embeddable":true,"href":"https:\/\/elmundodelapolitica.com\/v1\/wp-json\/wp\/v2\/tags?post=5010"}],"curies":[{"name":"wp","href":"https:\/\/api.w.org\/{rel}","templated":true}]}}