{"id":5005,"date":"2023-09-25T14:30:39","date_gmt":"2023-09-25T18:30:39","guid":{"rendered":"https:\/\/elmundodelapolitica.com\/v1\/?p=5005"},"modified":"2023-09-25T14:30:39","modified_gmt":"2023-09-25T18:30:39","slug":"ministerios-de-turismo-de-republica-dominicana-y-canada-estrechan-relaciones","status":"publish","type":"post","link":"https:\/\/elmundodelapolitica.com\/v1\/ministerios-de-turismo-de-republica-dominicana-y-canada-estrechan-relaciones\/","title":{"rendered":"Ministerios de Turismo de Rep\u00fablica Dominicana y Canad\u00e1 estrechan relaciones"},"content":{"rendered":"<div>\n<p>Toronto, Canad\u00e1.- El ministro de Turismo,\u00a0<strong>David Collado, se reuni\u00f3 con su hom\u00f3loga canadiense, Soraya Mart\u00ednez<\/strong>, con quien discuti\u00f3\u00a0<strong>planes concretos<\/strong>\u00a0que fortalezcan las relaciones del turismo de Rep\u00fablica Dominicana y Canad\u00e1, adem\u00e1s de garantizar que\u00a0<strong>m\u00e1s visitantes de esa naci\u00f3n sigan llegando a este pa\u00eds del Caribe.<\/strong><\/p>\n<div class=\"wp-block-image\">\n<figure class=\"aligncenter size-large\"><img decoding=\"async\" src=\"https:\/\/i0.wp.com\/presidencia.gob.do\/sites\/default\/files\/styles\/large\/public\/news\/2023-09\/IMG_3708.jpeg?w=1110&amp;ssl=1\" alt=\"\" data-recalc-dims=\"1\"><\/figure>\n<\/div>\n<p>Collado calific\u00f3 de\u00a0<em>\u201ctrascendente\u201d\u00a0<\/em>su encuentro con la ministra canadiense de turismo, tomando en cuenta que este pa\u00eds es el\u00a0<strong>segundo emisor de turistas hacia Rep\u00fablica Dominicana<\/strong>.<\/p>\n<p>\u201cEsta reuni\u00f3n, realmente es un gran paso para en lo adelante garantizar una mayor conectividad entre Canad\u00e1 y Rep\u00fablica Dominicana, lo que redundar\u00e1 en un aumento sustancial en la llegada de canadienses a Quisqueya, y acercando m\u00e1s la proyecci\u00f3n de llegar a 10 millones de turistas al finalizar el a\u00f1o\u201d.<\/p>\n<p>En el encuentro entre ambos titulares de turismo se trataron temas bilaterales para estrechar relaciones e impulsar el turismo entre ambas naciones.<\/p>\n<p>La agenda del ministro Collado en Toronto incluy\u00f3 reuniones con\u00a0<strong>Sunwing Travel Group, Air Canad\u00e1 Vacations, as\u00ed\u00a0 como otros agentes de viajes y turoperadores.<\/strong><\/p>\n<p>Ese encuentro se produjo en el marco de una\u00a0<strong>visita de 4 d\u00edas<\/strong>\u00a0del ministro Collado a Canad\u00e1, donde el funcionario realiz\u00f3 sus\u00a0<strong>tradicionales Road Shows en esta ciudad de Toronto y Montreal<\/strong>, donde asistieron\u00a0<strong>m\u00e1s de 200 turoperadores, agentes de viaje y ejecutivos de l\u00edneas a\u00e9reas.<\/strong><\/p>\n<\/div>\n","protected":false},"excerpt":{"rendered":"<p>Toronto, Canad\u00e1.- El ministro de Turismo,\u00a0David Collado, se reuni\u00f3 con su hom\u00f3loga canadiense, Soraya Mart\u00ednez, con quien discuti\u00f3\u00a0planes concretos\u00a0que fortalezcan las relaciones del turismo de Rep\u00fablica Dominicana y Canad\u00e1, adem\u00e1s&hellip; <\/p>\n","protected":false},"author":2,"featured_media":5006,"comment_status":"closed","ping_status":"closed","sticky":false,"template":"","format":"standard","meta":{"fifu_image_url":"https:\/\/i0.wp.com\/presidencia.gob.do\/sites\/default\/files\/styles\/large\/public\/news\/2023-09\/IMG_3708.jpeg?w=1110&ssl=1","fifu_image_alt":"Ministerios de Turismo de Rep\u00fablica Dominicana y Canad\u00e1 estrechan relaciones","footnotes":""},"categories":[63],"tags":[],"class_list":["post-5005","post","type-post","status-publish","format-standard","has-post-thumbnail","hentry","category-actualidad"],"_links":{"self":[{"href":"https:\/\/elmundodelapolitica.com\/v1\/wp-json\/wp\/v2\/posts\/5005","targetHints":{"allow":["GET"]}}],"collection":[{"href":"https:\/\/elmundodelapolitica.com\/v1\/wp-json\/wp\/v2\/posts"}],"about":[{"href":"https:\/\/elmundodelapolitica.com\/v1\/wp-json\/wp\/v2\/types\/post"}],"author":[{"embeddable":true,"href":"https:\/\/elmundodelapolitica.com\/v1\/wp-json\/wp\/v2\/users\/2"}],"replies":[{"embeddable":true,"href":"https:\/\/elmundodelapolitica.com\/v1\/wp-json\/wp\/v2\/comments?post=5005"}],"version-history":[{"count":0,"href":"https:\/\/elmundodelapolitica.com\/v1\/wp-json\/wp\/v2\/posts\/5005\/revisions"}],"wp:featuredmedia":[{"embeddable":true,"href":"https:\/\/elmundodelapolitica.com\/v1\/wp-json\/wp\/v2\/media\/5006"}],"wp:attachment":[{"href":"https:\/\/elmundodelapolitica.com\/v1\/wp-json\/wp\/v2\/media?parent=5005"}],"wp:term":[{"taxonomy":"category","embeddable":true,"href":"https:\/\/elmundodelapolitica.com\/v1\/wp-json\/wp\/v2\/categories?post=5005"},{"taxonomy":"post_tag","embeddable":true,"href":"https:\/\/elmundodelapolitica.com\/v1\/wp-json\/wp\/v2\/tags?post=5005"}],"curies":[{"name":"wp","href":"https:\/\/api.w.org\/{rel}","templated":true}]}}