{"id":499,"date":"2020-11-19T12:52:29","date_gmt":"2020-11-19T16:52:29","guid":{"rendered":"http:\/\/www.elmundodelapolitica.com\/v2\/?p=22637"},"modified":"2020-11-19T12:52:29","modified_gmt":"2020-11-19T16:52:29","slug":"realiza-marca-pais-panel-santiago-concientizar-sobre-su-valor","status":"publish","type":"post","link":"https:\/\/elmundodelapolitica.com\/v1\/realiza-marca-pais-panel-santiago-concientizar-sobre-su-valor\/","title":{"rendered":"Realiza Marca Pa\u00eds panel Santiago concientizar sobre su valor"},"content":{"rendered":"\n<p><strong>Santiago de los Caballeros<\/strong>, R.D., Noviembre 18, 2020<strong>.-<\/strong>&nbsp;La Comisi\u00f3n Multisectorial Marca Pa\u00eds realiz\u00f3 este martes un tercer panel en el Centro Le\u00f3n para promover, educar y propiciar un di\u00e1logo sobre la estrategia de la Marca Pa\u00eds de la Rep\u00fablica Dominicana y su impacto en el desarrollo de la naci\u00f3n, que se transmiti\u00f3 en vivo a trav\u00e9s de las redes sociales.<\/p>\n\n\n\n<p>El encuentro, llevado a cabo en Santiago de los Caballeros, fue moderado por&nbsp;Stella Le\u00f3n, socia-presidente de Engage, y estuvo conformado por&nbsp;Felipe Pag\u00e9s, presidente de Pages BBDO; Freddy Jana, VP Ogilvy Dominicana; Soraya Pina, directora de 5Hormigascaribe; y Lily Rodr\u00edguez, rectora de la Universidad Tecnol\u00f3gica de Santiago- UTESA.<\/p>\n\n\n\n<p>Ligia Bonetti, presidente ejecutiva de Grupo SID y coordinadora por el Sector Privado de la Comisi\u00f3n Multisectorial, indic\u00f3 en sus palabras de bienvenida, que este tercer Panel de Marca Pa\u00eds se ha hecho presente en la regi\u00f3n del Cibao, como muestra del compromiso de la Comisi\u00f3n Multisectorial con crear espacios para que todos los dominicanos se integren y enriquezcan el di\u00e1logo.<\/p>\n\n\n\n<p>Los profesionales del sector educativo, publicidad y comunicaci\u00f3n explicaron que, adem\u00e1s de fortalecer la reputaci\u00f3n de la naci\u00f3n, la Marca Pa\u00eds forma parte de la estrategia nacional de desarrollo, por lo que es importante que se base en lo que distingue a los dominicanos y las dominicanas.&nbsp;<\/p>\n\n\n\n<p>Freddy Jana indic\u00f3 que los ciudadanos de otros pa\u00edses tienen una percepci\u00f3n de Rep\u00fablica Dominicana, por lo que como naci\u00f3n se puede influir y mejorar esto a trav\u00e9s de la estrategia de Marca Pa\u00eds. Para tales fines, Soraya Pina recomend\u00f3 que es importante llevar un radar de c\u00f3mo se va ajustando la identidad dominicana y que la investigaci\u00f3n acad\u00e9mica puede contribuir con esto.<\/p>\n\n\n\n<p>\u201cLas estrategias hay que cuidarlas, pues no viven en el papel, hay que construirlas y trabajarlas\u201d. &#8211; apunt\u00f3 Felipe Pag\u00e9s. Mientras que Lily Rodr\u00edguez, entiende que la Marca Pa\u00eds es orgullo dominicano, identidad y vibraci\u00f3n. Asimismo, asegura que esto se debe trabajar en los ni\u00f1os desde peque\u00f1os, porque nacen con la identidad a flor de piel.<\/p>\n\n\n\n<p>Los panelistas coincidieron en que se trata de un compromiso de todos, por lo que es importante crear estos escenarios de di\u00e1logo, llevarlos a todos los lugares y trabajar de manera consistente para lograr su permanencia.<\/p>\n\n\n\n<p>Al evento se dio cita un nutrido grupo de personalidades, destac\u00e1ndose Luciano Carillo&nbsp;director general para el Caribe y Centroam\u00e9rica de AB InBev y miembro de la Comisi\u00f3n Multisectorial Marca Pa\u00eds, Frank Rodr\u00edguez, vicerrector de UTESA, Lina Garc\u00eda, presidenta de Envases Antillanos, Hendrick Kelner, presidente de Procigar, Sandy Filpo, presidente de ACIS, Rosa Olga Medrano, de Grupo Medrano, entre otros.<\/p>\n","protected":false},"excerpt":{"rendered":"<p>Santiago de los Caballeros, R.D., Noviembre 18, 2020.-&nbsp;La Comisi\u00f3n Multisectorial Marca Pa\u00eds realiz\u00f3 este martes un tercer panel en el Centro Le\u00f3n para promover, educar y propiciar un di\u00e1logo sobre&hellip; <\/p>\n","protected":false},"author":2,"featured_media":500,"comment_status":"closed","ping_status":"open","sticky":false,"template":"","format":"standard","meta":{"fifu_image_url":"","fifu_image_alt":"","footnotes":""},"categories":[10],"tags":[],"class_list":["post-499","post","type-post","status-publish","format-standard","has-post-thumbnail","hentry","category-marketing-politico"],"_links":{"self":[{"href":"https:\/\/elmundodelapolitica.com\/v1\/wp-json\/wp\/v2\/posts\/499","targetHints":{"allow":["GET"]}}],"collection":[{"href":"https:\/\/elmundodelapolitica.com\/v1\/wp-json\/wp\/v2\/posts"}],"about":[{"href":"https:\/\/elmundodelapolitica.com\/v1\/wp-json\/wp\/v2\/types\/post"}],"author":[{"embeddable":true,"href":"https:\/\/elmundodelapolitica.com\/v1\/wp-json\/wp\/v2\/users\/2"}],"replies":[{"embeddable":true,"href":"https:\/\/elmundodelapolitica.com\/v1\/wp-json\/wp\/v2\/comments?post=499"}],"version-history":[{"count":0,"href":"https:\/\/elmundodelapolitica.com\/v1\/wp-json\/wp\/v2\/posts\/499\/revisions"}],"wp:featuredmedia":[{"embeddable":true,"href":"https:\/\/elmundodelapolitica.com\/v1\/wp-json\/wp\/v2\/media\/500"}],"wp:attachment":[{"href":"https:\/\/elmundodelapolitica.com\/v1\/wp-json\/wp\/v2\/media?parent=499"}],"wp:term":[{"taxonomy":"category","embeddable":true,"href":"https:\/\/elmundodelapolitica.com\/v1\/wp-json\/wp\/v2\/categories?post=499"},{"taxonomy":"post_tag","embeddable":true,"href":"https:\/\/elmundodelapolitica.com\/v1\/wp-json\/wp\/v2\/tags?post=499"}],"curies":[{"name":"wp","href":"https:\/\/api.w.org\/{rel}","templated":true}]}}