{"id":4977,"date":"2023-09-22T10:16:26","date_gmt":"2023-09-22T14:16:26","guid":{"rendered":"https:\/\/elmundodelapolitica.com\/v1\/?p=4977"},"modified":"2023-09-22T10:16:26","modified_gmt":"2023-09-22T14:16:26","slug":"apec-cultural-y-banco-popular-convocan-vii-edicion-premio-al-periodismo-fotografico","status":"publish","type":"post","link":"https:\/\/elmundodelapolitica.com\/v1\/apec-cultural-y-banco-popular-convocan-vii-edicion-premio-al-periodismo-fotografico\/","title":{"rendered":"APEC Cultural y Banco Popular convocan VII edici\u00f3n Premio al Periodismo Fotogr\u00e1fico"},"content":{"rendered":"<div>\n<p>SANTO DOMINGO, R.D. Septiembre 21, 2023.-\u00a0\u00a0Acci\u00f3n Pro-Educaci\u00f3n y Cultura (APEC) a trav\u00e9s de su programa APEC Cultural, y con el auspicio del Banco Popular Dominicano, convocan a la \u201cVII Edici\u00f3n Premio APEC al Periodismo Fotogr\u00e1fico 2023\u201d.<\/p>\n<div class=\"wp-block-image\">\n<figure class=\"aligncenter size-large\"><img loading=\"lazy\" data-attachment-id=\"32469\" data-permalink=\"https:\/\/elmundodelosnegocios.com.do\/v1\/index.php\/2023\/09\/22\/apec-cultural-y-banco-popular-convocan-vii-edicion-premio-al-periodismo-fotografico\/de-vuelta-a-casa-me-voy-pero-con-la-esperanza-de-algun-dia-regresar\/\" data-orig-file=\"https:\/\/i0.wp.com\/elmundodelosnegocios.com.do\/v1\/wp-content\/uploads\/2023\/09\/DE-VUELTA-A-CASA-ME-VOY-PERO-CON-LA-ESPERANZA-DE-ALGUN-DIA-REGRESAR..jpg?fit=1096%2C726&amp;ssl=1\" data-orig-size=\"1096,726\" data-comments-opened=\"0\" data-image-meta='{\"aperture\":\"2.8\",\"credit\":\"Oda Gallart\",\"camera\":\"NIKON D7000\",\"caption\":\"\",\"created_timestamp\":\"1412861851\",\"copyright\":\"Oda Gallart\",\"focal_length\":\"17\",\"iso\":\"160\",\"shutter_speed\":\"0.01\",\"title\":\"\",\"orientation\":\"1\"}' data-image-title=\"DE-VUELTA-A-CASA-ME-VOY-PERO-CON-LA-ESPERANZA-DE-ALGUN-DIA-REGRESAR.\" data-image-description=\"\" data-image-caption=\"\" data-medium-file=\"https:\/\/i0.wp.com\/elmundodelosnegocios.com.do\/v1\/wp-content\/uploads\/2023\/09\/DE-VUELTA-A-CASA-ME-VOY-PERO-CON-LA-ESPERANZA-DE-ALGUN-DIA-REGRESAR..jpg?fit=300%2C199&amp;ssl=1\" data-large-file=\"https:\/\/i0.wp.com\/elmundodelosnegocios.com.do\/v1\/wp-content\/uploads\/2023\/09\/DE-VUELTA-A-CASA-ME-VOY-PERO-CON-LA-ESPERANZA-DE-ALGUN-DIA-REGRESAR..jpg?fit=1024%2C678&amp;ssl=1\" decoding=\"async\" width=\"1024\" height=\"678\" src=\"https:\/\/i0.wp.com\/elmundodelosnegocios.com.do\/v1\/wp-content\/uploads\/2023\/09\/DE-VUELTA-A-CASA-ME-VOY-PERO-CON-LA-ESPERANZA-DE-ALGUN-DIA-REGRESAR.-1024x678.jpg?resize=1024,678&amp;ssl=1\" alt=\"\" class=\"wp-image-32469\" srcset=\"https:\/\/i0.wp.com\/elmundodelosnegocios.com.do\/v1\/wp-content\/uploads\/2023\/09\/DE-VUELTA-A-CASA-ME-VOY-PERO-CON-LA-ESPERANZA-DE-ALGUN-DIA-REGRESAR..jpg?resize=1024%2C678&amp;ssl=1 1024w, https:\/\/i0.wp.com\/elmundodelosnegocios.com.do\/v1\/wp-content\/uploads\/2023\/09\/DE-VUELTA-A-CASA-ME-VOY-PERO-CON-LA-ESPERANZA-DE-ALGUN-DIA-REGRESAR..jpg?resize=300%2C199&amp;ssl=1 300w, https:\/\/i0.wp.com\/elmundodelosnegocios.com.do\/v1\/wp-content\/uploads\/2023\/09\/DE-VUELTA-A-CASA-ME-VOY-PERO-CON-LA-ESPERANZA-DE-ALGUN-DIA-REGRESAR..jpg?resize=768%2C509&amp;ssl=1 768w, https:\/\/i0.wp.com\/elmundodelosnegocios.com.do\/v1\/wp-content\/uploads\/2023\/09\/DE-VUELTA-A-CASA-ME-VOY-PERO-CON-LA-ESPERANZA-DE-ALGUN-DIA-REGRESAR..jpg?w=1096&amp;ssl=1 1096w\" sizes=\"auto, (max-width: 1024px) 100vw, 1024px\" data-recalc-dims=\"1\"><\/figure>\n<\/div>\n<p>El Programa APEC Cultural, consciente del valor del fotoperiodismo y de la trascendencia de los fotoperiodistas de los medios de comunicaci\u00f3n de la Rep\u00fablica Dominicana, premian cada a\u00f1o a estos profesionales que a trav\u00e9s de sus fotograf\u00edas ayudan a contextualizar los diferentes momentos hist\u00f3ricos y noticiosos que ocurren en el pa\u00eds.<\/p>\n<p>Carlos Sangiovanni, presidente de la Comisi\u00f3n del Programa APEC Cultural, ofreci\u00f3 los detalles para la convocatoria de esta VII edici\u00f3n.<\/p>\n<p>Inform\u00f3 que los temas ser\u00e1n libres, pero debe destacar la particularidad de un hecho noticioso del pa\u00eds y que haya sido publicado en medios period\u00edsticos nacionales o internacionales, entre el 30 de agosto de 2022 al 29 de septiembre de 2023.<\/p>\n<p>Como en otras ocasiones, el concurso est\u00e1 abierto a fot\u00f3grafos dominicanos o extranjeros que tengan m\u00e1s de cinco a\u00f1os de residencia en el pa\u00eds y que, en ambos casos, est\u00e9n ligados a la prensa escrita o digital, tanto nacional como internacional.<\/p>\n<p>De igual manera, se inform\u00f3 que cada una de las fotograf\u00edas remitidas ser\u00e1n valoradas por un jurado compuesto por personalidades reconocidas y de prestigio en el \u00e1rea de la fotograf\u00eda y que han participado en versiones anteriores, quienes emitir\u00e1n su fallo previo a la premiaci\u00f3n del galard\u00f3n.<\/p>\n<p>Se premiar\u00e1n las tres mejores fotograf\u00edas con un \u00fanico premio de RD$260,000.00 y certificado institucional acreditando el galard\u00f3n; segundo premio con una dotaci\u00f3n de RD 130,000.00 m\u00e1s certificado institucional y un tercer premio de RD$64,000.00 y un certificado institucional, atendiendo a las especificaciones y bases del concurso.<\/p>\n<p>Este premio se ha convertido en una de las citas del fotoperiodismo a nivel nacional y se considera \u00fanico en su categor\u00eda en el pa\u00eds.<\/p>\n<p>Es importante resaltar que el Banco Popular Dominicano apoya este concurso desde su primera entrega.<\/p>\n<p>Para inscripci\u00f3n se debe llenar un formulario previo a la entrega de las fotograf\u00edas que estar\u00e1 disponible en su p\u00e1gina web\u00a0<a href=\"https:\/\/apec.edu.do\/?page_id=1247\" target=\"_blank\" rel=\"noreferrer noopener\">https:\/\/apec.edu.do\/?page_id=1247<\/a>\u00a0. Para m\u00e1s informaci\u00f3n acceder a la p\u00e1gina del Grupo APEC:\u00a0<a href=\"http:\/\/www.apec.edu.do\/\" target=\"_blank\" rel=\"noreferrer noopener\">www.apec.edu.do<\/a><\/p>\n<\/div>\n","protected":false},"excerpt":{"rendered":"<p>SANTO DOMINGO, R.D. Septiembre 21, 2023.-\u00a0\u00a0Acci\u00f3n Pro-Educaci\u00f3n y Cultura (APEC) a trav\u00e9s de su programa APEC Cultural, y con el auspicio del Banco Popular Dominicano, convocan a la \u201cVII Edici\u00f3n&hellip; <\/p>\n","protected":false},"author":2,"featured_media":4978,"comment_status":"closed","ping_status":"closed","sticky":false,"template":"","format":"standard","meta":{"fifu_image_url":"https:\/\/i0.wp.com\/elmundodelosnegocios.com.do\/v1\/wp-content\/uploads\/2023\/09\/DE-VUELTA-A-CASA-ME-VOY-PERO-CON-LA-ESPERANZA-DE-ALGUN-DIA-REGRESAR.-1024x678.jpg?resize=1024,678&ssl=1","fifu_image_alt":"APEC Cultural y Banco Popular convocan VII edici\u00f3n Premio al Periodismo Fotogr\u00e1fico","footnotes":""},"categories":[63],"tags":[],"class_list":["post-4977","post","type-post","status-publish","format-standard","has-post-thumbnail","hentry","category-actualidad"],"_links":{"self":[{"href":"https:\/\/elmundodelapolitica.com\/v1\/wp-json\/wp\/v2\/posts\/4977","targetHints":{"allow":["GET"]}}],"collection":[{"href":"https:\/\/elmundodelapolitica.com\/v1\/wp-json\/wp\/v2\/posts"}],"about":[{"href":"https:\/\/elmundodelapolitica.com\/v1\/wp-json\/wp\/v2\/types\/post"}],"author":[{"embeddable":true,"href":"https:\/\/elmundodelapolitica.com\/v1\/wp-json\/wp\/v2\/users\/2"}],"replies":[{"embeddable":true,"href":"https:\/\/elmundodelapolitica.com\/v1\/wp-json\/wp\/v2\/comments?post=4977"}],"version-history":[{"count":0,"href":"https:\/\/elmundodelapolitica.com\/v1\/wp-json\/wp\/v2\/posts\/4977\/revisions"}],"wp:featuredmedia":[{"embeddable":true,"href":"https:\/\/elmundodelapolitica.com\/v1\/wp-json\/wp\/v2\/media\/4978"}],"wp:attachment":[{"href":"https:\/\/elmundodelapolitica.com\/v1\/wp-json\/wp\/v2\/media?parent=4977"}],"wp:term":[{"taxonomy":"category","embeddable":true,"href":"https:\/\/elmundodelapolitica.com\/v1\/wp-json\/wp\/v2\/categories?post=4977"},{"taxonomy":"post_tag","embeddable":true,"href":"https:\/\/elmundodelapolitica.com\/v1\/wp-json\/wp\/v2\/tags?post=4977"}],"curies":[{"name":"wp","href":"https:\/\/api.w.org\/{rel}","templated":true}]}}