{"id":4975,"date":"2023-09-22T10:08:24","date_gmt":"2023-09-22T14:08:24","guid":{"rendered":"https:\/\/elmundodelapolitica.com\/v1\/?p=4975"},"modified":"2023-09-22T10:08:24","modified_gmt":"2023-09-22T14:08:24","slug":"firman-camara-comercio-dominico-alemana-y-bandex-acuerdo-en-berlin","status":"publish","type":"post","link":"https:\/\/elmundodelapolitica.com\/v1\/firman-camara-comercio-dominico-alemana-y-bandex-acuerdo-en-berlin\/","title":{"rendered":"Firman C\u00e1mara Comercio Dom\u00ednico-Alemana y Bandex acuerdo en Berl\u00edn"},"content":{"rendered":"<div>\n<p>Berl\u00edn, Alemania, septiembre de 2023.- La C\u00e1mara de Comercio Dom\u00ednico-Alemana firm\u00f3 un acuerdo de cooperaci\u00f3n con el Banco de Desarrollo y Exportaciones (Bandex) como una forma de contribuir con las relaciones entre Alemania y Rep\u00fablica Dominicana, as\u00ed como proveer facilidades para los miembros de la c\u00e1mara y promover relaciones entre pa\u00edses dominicanos que hagan negocios con Alemania y viceversa.<\/p>\n<div class=\"wp-block-image\">\n<figure class=\"aligncenter size-full\"><img data-attachment-id=\"32466\" data-permalink=\"https:\/\/elmundodelosnegocios.com.do\/v1\/index.php\/2023\/09\/22\/firman-camara-comercio-dominico-alemana-y-bandex-acuerdo-en-berlin\/img_4281-el-embajador-de-rd-en-alemania-francisco-caraballo-junto-karsten-paul-windeler-y-juan-mustafa\/\" data-orig-file=\"https:\/\/i0.wp.com\/elmundodelosnegocios.com.do\/v1\/wp-content\/uploads\/2023\/09\/IMG_4281-El-embajador-de-RD-en-Alemania-Francisco-Caraballo-junto-Karsten-Paul-Windeler-y-Juan-Mustafa.jpg?fit=1000%2C667&amp;ssl=1\" data-orig-size=\"1000,667\" data-comments-opened=\"0\" data-image-meta='{\"aperture\":\"4\",\"credit\":\"\",\"camera\":\"ILCE-7M3\",\"caption\":\"\",\"created_timestamp\":\"1694525206\",\"copyright\":\"\",\"focal_length\":\"40\",\"iso\":\"6400\",\"shutter_speed\":\"0.004\",\"title\":\"\",\"orientation\":\"0\"}' data-image-title=\"IMG_4281-El-embajador-de-RD-en-Alemania-Francisco-Caraballo-junto-Karsten-Paul-Windeler-y-Juan-Mustafa\" data-image-description=\"\" data-image-caption=\"\" data-medium-file=\"https:\/\/i0.wp.com\/elmundodelosnegocios.com.do\/v1\/wp-content\/uploads\/2023\/09\/IMG_4281-El-embajador-de-RD-en-Alemania-Francisco-Caraballo-junto-Karsten-Paul-Windeler-y-Juan-Mustafa.jpg?fit=300%2C200&amp;ssl=1\" data-large-file=\"https:\/\/i0.wp.com\/elmundodelosnegocios.com.do\/v1\/wp-content\/uploads\/2023\/09\/IMG_4281-El-embajador-de-RD-en-Alemania-Francisco-Caraballo-junto-Karsten-Paul-Windeler-y-Juan-Mustafa.jpg?fit=1000%2C667&amp;ssl=1\" decoding=\"async\" loading=\"lazy\" width=\"1000\" height=\"667\" src=\"https:\/\/i0.wp.com\/elmundodelosnegocios.com.do\/v1\/wp-content\/uploads\/2023\/09\/IMG_4281-El-embajador-de-RD-en-Alemania-Francisco-Caraballo-junto-Karsten-Paul-Windeler-y-Juan-Mustafa.jpg?resize=1000,667&amp;ssl=1\" alt=\"\" class=\"wp-image-32466\" srcset=\"https:\/\/i0.wp.com\/elmundodelosnegocios.com.do\/v1\/wp-content\/uploads\/2023\/09\/IMG_4281-El-embajador-de-RD-en-Alemania-Francisco-Caraballo-junto-Karsten-Paul-Windeler-y-Juan-Mustafa.jpg?w=1000&amp;ssl=1 1000w, https:\/\/i0.wp.com\/elmundodelosnegocios.com.do\/v1\/wp-content\/uploads\/2023\/09\/IMG_4281-El-embajador-de-RD-en-Alemania-Francisco-Caraballo-junto-Karsten-Paul-Windeler-y-Juan-Mustafa.jpg?resize=300%2C200&amp;ssl=1 300w, https:\/\/i0.wp.com\/elmundodelosnegocios.com.do\/v1\/wp-content\/uploads\/2023\/09\/IMG_4281-El-embajador-de-RD-en-Alemania-Francisco-Caraballo-junto-Karsten-Paul-Windeler-y-Juan-Mustafa.jpg?resize=768%2C512&amp;ssl=1 768w\" sizes=\"auto, (max-width: 1000px) 100vw, 1000px\" data-recalc-dims=\"1\"><\/figure>\n<\/div>\n<p>Karsten Paul Windeler, presidente de la C\u00e1mara de Comercio, Industria y Turismo Dom\u00ednico-Alemana y\u00a0 Juan Mustaf\u00e1, Gerente General de Bandex, manifestaron su satisfacci\u00f3n por la firma de dicho acuerdo.<\/p>\n<p>Este acuerdo se desarroll\u00f3 en el marco de la primera semana dominicana en Alemania.<\/p>\n<p>Bandex es una instituci\u00f3n de intermediaci\u00f3n financiera que fomenta y financia las exportaciones desde Rep\u00fablica Dominicana y los proyectos de desarrollo sociales y econ\u00f3micos.<\/p>\n<p>En la semana dominicana participan destacadas entidades p\u00fablicas locales que apoyan e impulsan las relaciones bilaterales entre ambos pa\u00edses.<\/p>\n<\/div>\n","protected":false},"excerpt":{"rendered":"<p>Berl\u00edn, Alemania, septiembre de 2023.- La C\u00e1mara de Comercio Dom\u00ednico-Alemana firm\u00f3 un acuerdo de cooperaci\u00f3n con el Banco de Desarrollo y Exportaciones (Bandex) como una forma de contribuir con las&hellip; <\/p>\n","protected":false},"author":2,"featured_media":4976,"comment_status":"closed","ping_status":"closed","sticky":false,"template":"","format":"standard","meta":{"fifu_image_url":"https:\/\/i0.wp.com\/elmundodelosnegocios.com.do\/v1\/wp-content\/uploads\/2023\/09\/IMG_4281-El-embajador-de-RD-en-Alemania-Francisco-Caraballo-junto-Karsten-Paul-Windeler-y-Juan-Mustafa.jpg?resize=1000,667&ssl=1","fifu_image_alt":"Firman C\u00e1mara Comercio Dom\u00ednico-Alemana y Bandex acuerdo en Berl\u00edn","footnotes":""},"categories":[63],"tags":[],"class_list":["post-4975","post","type-post","status-publish","format-standard","has-post-thumbnail","hentry","category-actualidad"],"_links":{"self":[{"href":"https:\/\/elmundodelapolitica.com\/v1\/wp-json\/wp\/v2\/posts\/4975","targetHints":{"allow":["GET"]}}],"collection":[{"href":"https:\/\/elmundodelapolitica.com\/v1\/wp-json\/wp\/v2\/posts"}],"about":[{"href":"https:\/\/elmundodelapolitica.com\/v1\/wp-json\/wp\/v2\/types\/post"}],"author":[{"embeddable":true,"href":"https:\/\/elmundodelapolitica.com\/v1\/wp-json\/wp\/v2\/users\/2"}],"replies":[{"embeddable":true,"href":"https:\/\/elmundodelapolitica.com\/v1\/wp-json\/wp\/v2\/comments?post=4975"}],"version-history":[{"count":0,"href":"https:\/\/elmundodelapolitica.com\/v1\/wp-json\/wp\/v2\/posts\/4975\/revisions"}],"wp:featuredmedia":[{"embeddable":true,"href":"https:\/\/elmundodelapolitica.com\/v1\/wp-json\/wp\/v2\/media\/4976"}],"wp:attachment":[{"href":"https:\/\/elmundodelapolitica.com\/v1\/wp-json\/wp\/v2\/media?parent=4975"}],"wp:term":[{"taxonomy":"category","embeddable":true,"href":"https:\/\/elmundodelapolitica.com\/v1\/wp-json\/wp\/v2\/categories?post=4975"},{"taxonomy":"post_tag","embeddable":true,"href":"https:\/\/elmundodelapolitica.com\/v1\/wp-json\/wp\/v2\/tags?post=4975"}],"curies":[{"name":"wp","href":"https:\/\/api.w.org\/{rel}","templated":true}]}}