{"id":497,"date":"2021-01-28T21:17:22","date_gmt":"2021-01-29T01:17:22","guid":{"rendered":"http:\/\/www.elmundodelapolitica.com\/v2\/?p=23023"},"modified":"2021-01-28T21:17:22","modified_gmt":"2021-01-29T01:17:22","slug":"ecuador-celebrara-elecciones-presidenciales-y-legislativas-con-activa-participacion-migrantes","status":"publish","type":"post","link":"https:\/\/elmundodelapolitica.com\/v1\/ecuador-celebrara-elecciones-presidenciales-y-legislativas-con-activa-participacion-migrantes\/","title":{"rendered":"Ecuador celebrar\u00e1 elecciones Presidenciales y Legislativas con activa participaci\u00f3n migrantes"},"content":{"rendered":"\n<p>Venezuela es uno de los pa\u00edses con&nbsp;<strong>mayor n\u00famero de ecuatorianos residentes en el pa\u00eds<\/strong>, se trata de una colonia trabajadora, con altos valores morales, apegado a sus&nbsp;<strong>tradiciones<\/strong>, entregados a su&nbsp;<strong>familia<\/strong>&nbsp;y defensores de su&nbsp;<strong>dignidad<\/strong>&nbsp;y&nbsp;<strong>honor<\/strong>&nbsp;como personas. Entre esos migrantes se encuentran los cuatro aspirantes con mayor oportunidad de ser electos como asamble\u00edstas del Ecuador, para la Circunscripci\u00f3n especial del exterior; Latinoam\u00e9rica, el Caribe y \u00c1frica.<\/p>\n\n\n\n<p>Juan Cort\u00e9s, Johana Paucar, M\u00f3nica Chaguay y Vicente Ponce, quienes, siendo&nbsp;<strong>migrantes en Venezuela<\/strong>, han trabajado desde hace a\u00f1os para procurar el bienestar de la&nbsp;<strong>comunidad ecuatoriana<\/strong>&nbsp;son el equipo que representa al partido Social Cristiano La 6, respaldando al se\u00f1or Guillermo Lasso como candidato Presidencial.<\/p>\n\n\n\n<p>\u201cEstamos&nbsp;<strong>orgullosos de ser migrantes<\/strong>, de nuestras ra\u00edces y de ser el producto del trabajo de padres y abuelos que constituyen esa primera y segunda generaci\u00f3n que form\u00f3 a profesionales de cuarto nivel que hoy, en reconocimiento a ese trabajo, queremos retribuir a nuestra comunidad ecuatoriana en el mundo, aportando conocimiento y experiencia para reivindicar a cada paisano de nuestra tierra\u201d, comenta&nbsp;<strong>Juan Cort\u00e9s postulado como asamble\u00edsta principal por La 6.<\/strong><\/p>\n\n\n\n<p>&nbsp;Lo que llama la atenci\u00f3n de este equipo de&nbsp;<strong>La 6<\/strong>, es que todos sin ser pol\u00edticos, vienen de espacios altruistas que han contribuido con sus hermanos ecuatorianos. En el caso de&nbsp;<strong>Juan Cort\u00e9s<\/strong>, este ingeniero, empresario y padre de familia ha bregado por la formaci\u00f3n de emprendedores, artesanos, comerciantes y otros empresarios ecuatorianos y se ha dedicado a buscar soluciones reales para mejorar la calidad de vida de los migrantes.&nbsp;<strong>Johana Paucar<\/strong>, con dos t\u00edtulos universitarios en las \u00e1reas de ingenier\u00eda y derecho, es conocida por su dedicaci\u00f3n al mejoramiento de la producci\u00f3n y a las funciones consulares para acompa\u00f1ar a sus coterr\u00e1neos. Por su parte&nbsp;<strong>M\u00f3nica Chaguay<\/strong>&nbsp;ha sido una constante luchadora social, entregada al trabajo comunitario y su alterno&nbsp;<strong>Vicente Ponce<\/strong>&nbsp;es ejemplo de perseverancia en el trabajo artesanal y la actividad econ\u00f3mica para contribuir con el desarrollo social.<\/p>\n\n\n\n<p>\u201cNuestro enfoque es&nbsp;<strong>consolidar las iniciativas<\/strong>&nbsp;que ya venimos trabajando para hacer realidad&nbsp;<strong>cuatro objetivos<\/strong>: el primero para la&nbsp;<strong>protecci\u00f3n cultural<\/strong>&nbsp;abrir la casa del migrante en la mayor cantidad de ciudades; no tienen que ser mansiones ni clubes, solo&nbsp;<strong>espacios de encuentro para unirnos<\/strong>, segundo la promoci\u00f3n del&nbsp;<strong>desarrollo econ\u00f3mico<\/strong>&nbsp;con la apertura del&nbsp;<strong>ministerio<\/strong>&nbsp;y el&nbsp;<strong>banco del migrante<\/strong>&nbsp;para atender de manera cercana a las verdaderas necesidades de los ciudadanos y que sus remesas puedan ser enviadas con confianza y a bajo costo eliminando la burocracia, el tercer norte es la&nbsp;<strong>protecci\u00f3n legal con gesti\u00f3n de documentos<\/strong>&nbsp;que permitan de manera expedita y f\u00e1cil legalizar situaci\u00f3n&nbsp;<strong>laboral, residencial, educativa y profesional<\/strong>&nbsp;en cualquier pa\u00eds\u2026 por \u00faltimo apostamos por el&nbsp;<strong>desarrollo educativo<\/strong>&nbsp;con la ejecuci\u00f3n de proyectos escuela y academias para la formaci\u00f3n integral del ecuatoriano\u201d, explic\u00f3 Cort\u00e9s enfatizando que la&nbsp;<strong>prioridad es trabajar con y por el migrante,<\/strong>&nbsp;acompa\u00f1\u00e1ndolo y promoviendo su participaci\u00f3n a lo largo de los cuatro a\u00f1os de gesti\u00f3n en el Congreso Nacional, acabando con la intermitencia en la relaci\u00f3n que exist\u00eda entre los ciudadanos y sus representantes en el gobierno.<\/p>\n\n\n\n<p><strong>La 6<\/strong>&nbsp;como es conocida esta opci\u00f3n, est\u00e1 haciendo&nbsp;<strong>el trabajo de acercarse a la gente en los lugares donde ejercen su trabajo o en se encuentran sus casas en Venezuela,<\/strong>&nbsp;para hacerse presente en un momento hist\u00f3rico en el que, lo importante es cambiar de una vez la pol\u00edtica ausente por una representaci\u00f3n cercana que escuche la&nbsp;<strong>voz y el clamor de ciudadanos<\/strong>&nbsp;que han dado mucho por el desarrollo de su pa\u00eds de origen y esta naci\u00f3n que los ha recibido, \u201c<strong>es hora de reconocer la entrega de tantos hombres y mujeres migrantes que han luchado por el progreso, la libertad y el trabajo<\/strong>\u2026 sabemos c\u00f3mo hacerlo porque somos tambi\u00e9n migrantes, orgullosos de nuestros padres y de la idiosincrasia que nos define de por vida a todas la generaciones a lo largo de historia\u201d, comenta Cort\u00e9s.<\/p>\n\n\n\n<p>\u201cEstamos a un paso de&nbsp;<strong>construir una relaci\u00f3n que logre unir a todos los ecuatorianos en Latinoam\u00e9rica el Caribe y \u00c1frica<\/strong>, para podernos sostener entre todos, para respaldarnos, por encima del tema pol\u00edtico, respetando cada ideolog\u00eda, sabemos que la&nbsp;<strong>esencia del ecuatoriano es la hermandad, la dignidad y el honor<\/strong>\u2026 vamos de la mano, esto ser\u00e1 el logro de todos, porque estaremos legislando a trav\u00e9s de sus representantes de la 6\u201d, finaliz\u00f3 Cort\u00e9s aclarando que el 7 de febrero los ecuatorianos podr\u00e1n dirigirse a los recintos electorales en los que podr\u00e1 ejercer este derecho que cambiar\u00e1 para bien la realidad del migrante, \u201c<strong>porque el mayor emprendimiento del ser humano es emigrar\u201d.<\/strong><\/p>\n","protected":false},"excerpt":{"rendered":"<p>Venezuela es uno de los pa\u00edses con&nbsp;mayor n\u00famero de ecuatorianos residentes en el pa\u00eds, se trata de una colonia trabajadora, con altos valores morales, apegado a sus&nbsp;tradiciones, entregados a su&nbsp;familia&nbsp;y&hellip; <\/p>\n","protected":false},"author":2,"featured_media":498,"comment_status":"closed","ping_status":"open","sticky":false,"template":"","format":"standard","meta":{"fifu_image_url":"","fifu_image_alt":"","footnotes":""},"categories":[10],"tags":[],"class_list":["post-497","post","type-post","status-publish","format-standard","has-post-thumbnail","hentry","category-marketing-politico"],"_links":{"self":[{"href":"https:\/\/elmundodelapolitica.com\/v1\/wp-json\/wp\/v2\/posts\/497","targetHints":{"allow":["GET"]}}],"collection":[{"href":"https:\/\/elmundodelapolitica.com\/v1\/wp-json\/wp\/v2\/posts"}],"about":[{"href":"https:\/\/elmundodelapolitica.com\/v1\/wp-json\/wp\/v2\/types\/post"}],"author":[{"embeddable":true,"href":"https:\/\/elmundodelapolitica.com\/v1\/wp-json\/wp\/v2\/users\/2"}],"replies":[{"embeddable":true,"href":"https:\/\/elmundodelapolitica.com\/v1\/wp-json\/wp\/v2\/comments?post=497"}],"version-history":[{"count":0,"href":"https:\/\/elmundodelapolitica.com\/v1\/wp-json\/wp\/v2\/posts\/497\/revisions"}],"wp:featuredmedia":[{"embeddable":true,"href":"https:\/\/elmundodelapolitica.com\/v1\/wp-json\/wp\/v2\/media\/498"}],"wp:attachment":[{"href":"https:\/\/elmundodelapolitica.com\/v1\/wp-json\/wp\/v2\/media?parent=497"}],"wp:term":[{"taxonomy":"category","embeddable":true,"href":"https:\/\/elmundodelapolitica.com\/v1\/wp-json\/wp\/v2\/categories?post=497"},{"taxonomy":"post_tag","embeddable":true,"href":"https:\/\/elmundodelapolitica.com\/v1\/wp-json\/wp\/v2\/tags?post=497"}],"curies":[{"name":"wp","href":"https:\/\/api.w.org\/{rel}","templated":true}]}}