{"id":4955,"date":"2023-09-21T22:59:44","date_gmt":"2023-09-22T02:59:44","guid":{"rendered":"https:\/\/elmundodelapolitica.com\/v1\/?p=4955"},"modified":"2023-09-21T22:59:46","modified_gmt":"2023-09-22T02:59:46","slug":"presidente-abinader-solicita-redoblar-esfuerzos-para-despliegue-mision-de-seguridad-en-haiti","status":"publish","type":"post","link":"https:\/\/elmundodelapolitica.com\/v1\/presidente-abinader-solicita-redoblar-esfuerzos-para-despliegue-mision-de-seguridad-en-haiti\/","title":{"rendered":"Presidente Abinader solicita redoblar esfuerzos para despliegue misi\u00f3n de seguridad en Hait\u00ed"},"content":{"rendered":"\n<p>Nueva York. &#8211;&nbsp;<strong>El presidente Luis Abinader<\/strong>, durante un encuentro privado con el secretario general de las Naciones Unidas,&nbsp;<strong>Ant\u00f3nio Guterres<\/strong>, le reiter\u00f3 su solicitud de&nbsp;<strong>redoblar los esfuerzos<\/strong>&nbsp;para el despliegue de una&nbsp;<strong>misi\u00f3n de seguridad en Hait\u00ed<\/strong>, que estar\u00eda liderada por Kenia.<\/p>\n\n\n\n<p>Al mismo tiempo, le agradeci\u00f3 por las acciones y resoluciones que se han tomado hasta el momento.<\/p>\n\n\n\n<p>El encuentro se desarroll\u00f3 de manera cordial, luego de que el presidente Abinader pronunciara su discurso en la&nbsp;<strong>78.\u00aa Asamblea General de las Naciones Unidas<\/strong>, en la que resalt\u00f3 la agudizaci\u00f3n de la crisis haitiana, que llev\u00f3 al Gobierno dominicano a cerrar sus fronteras terrestre, a\u00e9rea y mar\u00edtima con dicho pa\u00eds.&nbsp;<\/p>\n\n\n\n<p><strong>Liderazgo RD en el Caribe<\/strong><\/p>\n\n\n\n<p>En tanto que&nbsp;<strong>Guterres reconoci\u00f3 el liderazgo que tiene la Rep\u00fablica Dominicana en la regi\u00f3n<\/strong>, siendo adem\u00e1s miembro del comit\u00e9 preparatorio de la cumbre de los Peque\u00f1os Estados Insulares en Desarrollo, a desarrollarse en mayo de 2024 en Antigua y Barbuda.<\/p>\n\n\n\n<p>De igual forma, se abordaron desaf\u00edos a\u00fan pendientes y temas actuales como la&nbsp;<strong>Convenci\u00f3n sobre Cambio Clim\u00e1tico 2028<\/strong>&nbsp;y el avance de los&nbsp;<strong>Objetivos de Desarrollo Sostenible<\/strong>.&nbsp;<\/p>\n\n\n\n<p>El mandatario estuvo acompa\u00f1ado por el canciller&nbsp;<strong>Roberto \u00c1lvarez<\/strong>; el embajador de la Rep\u00fablica Dominicana ante las Naciones Unidas,&nbsp;<strong>Jos\u00e9 Blanco,<\/strong>&nbsp;y el asesor del Poder Ejecutivo en materia de Pol\u00edtica Exterior,&nbsp;<strong>Jos\u00e9 Singer.<\/strong><\/p>\n\n\n\n<figure class=\"wp-block-image\"><img decoding=\"async\" src=\"https:\/\/presidencia.gob.do\/sites\/default\/files\/inline-images\/Firma%20del%20Acuerdo%20sobre%20la%20Biodiversidad%20de%20las%20Zonas%20Situadas%20Fuera%20de%20la%20Jurisdicci%C3%B3n%20Nacional..jpeg\" alt=\"\"\/><\/figure>\n\n\n\n<p><strong>Protecci\u00f3n Global de los Oc\u00e9anos<\/strong><\/p>\n\n\n\n<p>Tambi\u00e9n, en el marco de la&nbsp;78.\u00aa&nbsp;Asamblea General de las Naciones Unidas,&nbsp;<strong>el presidente Luis Abinader<\/strong>&nbsp;reafirm\u00f3 el compromiso de la Rep\u00fablica Dominicana en la protecci\u00f3n global de los oc\u00e9anos, con la firma del&nbsp;<strong>Acuerdo sobre la Biodiversidad de las Zonas Situadas Fuera de la Jurisdicci\u00f3n Nacional<\/strong>.<\/p>\n\n\n\n<p>Este aborda temas como el alcance y la aplicaci\u00f3n del instrumento, el establecimiento de \u00e1reas marinas protegidas, la distribuci\u00f3n de los beneficios derivados de los recursos gen\u00e9ticos marinos, y la regulaci\u00f3n de actividades como la pesca y la miner\u00eda en aguas profundas.<\/p>\n\n\n\n<p>Adem\u00e1s, facilitar\u00e1 el intercambio de conocimientos cient\u00edficos, datos y tecnolog\u00edas, para permitir que los pa\u00edses en desarrollo participen de manera efectiva en la conservaci\u00f3n y el uso sostenible de la biodiversidad marina.<\/p>\n\n\n\n<p>Al adoptar pr\u00e1cticas sostenibles, la Rep\u00fablica Dominicana puede garantizar la viabilidad a largo plazo de su biodiversidad marina y&nbsp;<strong>mantener ecosistemas saludables que sustentan la pesca, el turismo y las comunidades costeras.<\/strong><\/p>\n\n\n\n<p><strong>Se re\u00fane con primer ministro de Antigua y Barbuda<\/strong><\/p>\n\n\n\n<p>Durante la jornada del jueves, el mandatario sostuvo una reuni\u00f3n con el primer ministro de Antigua y Barbuda,&nbsp;<strong>Gaston Browne<\/strong>, a quien reiter\u00f3 el apoyo de la Rep\u00fablica Dominicana a su pa\u00eds<strong>, en el que residen unos 15,000 dominicanos.&nbsp;<\/strong><\/p>\n\n\n\n<p>De igual forma, Browne solicit\u00f3 la participaci\u00f3n activa de la Rep\u00fablica Dominicana en la celebraci\u00f3n de la cumbre de los Peque\u00f1os Estados Insulares en Desarrollo, a desarrollarse en mayo de 2024 en Antigua y Barbuda.<\/p>\n","protected":false},"excerpt":{"rendered":"<p>Nueva York. &#8211;&nbsp;El presidente Luis Abinader, durante un encuentro privado con el secretario general de las Naciones Unidas,&nbsp;Ant\u00f3nio Guterres, le reiter\u00f3 su solicitud de&nbsp;redoblar los esfuerzos&nbsp;para el despliegue de una&nbsp;misi\u00f3n&hellip; <\/p>\n","protected":false},"author":2,"featured_media":4956,"comment_status":"open","ping_status":"open","sticky":false,"template":"","format":"standard","meta":{"fifu_image_url":"","fifu_image_alt":"","footnotes":""},"categories":[1],"tags":[],"class_list":["post-4955","post","type-post","status-publish","format-standard","has-post-thumbnail","hentry","category-sin-categoria"],"_links":{"self":[{"href":"https:\/\/elmundodelapolitica.com\/v1\/wp-json\/wp\/v2\/posts\/4955","targetHints":{"allow":["GET"]}}],"collection":[{"href":"https:\/\/elmundodelapolitica.com\/v1\/wp-json\/wp\/v2\/posts"}],"about":[{"href":"https:\/\/elmundodelapolitica.com\/v1\/wp-json\/wp\/v2\/types\/post"}],"author":[{"embeddable":true,"href":"https:\/\/elmundodelapolitica.com\/v1\/wp-json\/wp\/v2\/users\/2"}],"replies":[{"embeddable":true,"href":"https:\/\/elmundodelapolitica.com\/v1\/wp-json\/wp\/v2\/comments?post=4955"}],"version-history":[{"count":1,"href":"https:\/\/elmundodelapolitica.com\/v1\/wp-json\/wp\/v2\/posts\/4955\/revisions"}],"predecessor-version":[{"id":4957,"href":"https:\/\/elmundodelapolitica.com\/v1\/wp-json\/wp\/v2\/posts\/4955\/revisions\/4957"}],"wp:featuredmedia":[{"embeddable":true,"href":"https:\/\/elmundodelapolitica.com\/v1\/wp-json\/wp\/v2\/media\/4956"}],"wp:attachment":[{"href":"https:\/\/elmundodelapolitica.com\/v1\/wp-json\/wp\/v2\/media?parent=4955"}],"wp:term":[{"taxonomy":"category","embeddable":true,"href":"https:\/\/elmundodelapolitica.com\/v1\/wp-json\/wp\/v2\/categories?post=4955"},{"taxonomy":"post_tag","embeddable":true,"href":"https:\/\/elmundodelapolitica.com\/v1\/wp-json\/wp\/v2\/tags?post=4955"}],"curies":[{"name":"wp","href":"https:\/\/api.w.org\/{rel}","templated":true}]}}