{"id":4921,"date":"2023-09-20T10:50:13","date_gmt":"2023-09-20T14:50:13","guid":{"rendered":"https:\/\/elmundodelapolitica.com\/v1\/?p=4921"},"modified":"2023-09-20T10:50:13","modified_gmt":"2023-09-20T14:50:13","slug":"vicepresidenta-raquel-pena-encabeza-consejo-de-gobierno-para-conocer-presupuesto-general-del-estado-2024","status":"publish","type":"post","link":"https:\/\/elmundodelapolitica.com\/v1\/vicepresidenta-raquel-pena-encabeza-consejo-de-gobierno-para-conocer-presupuesto-general-del-estado-2024\/","title":{"rendered":"Vicepresidenta Raquel Pe\u00f1a encabeza Consejo de Gobierno para conocer Presupuesto General del Estado 2024"},"content":{"rendered":"<div>\n<p>Santo Domingo.- La\u00a0<strong>vicepresidenta Raquel Pe\u00f1a<\/strong>\u00a0encabez\u00f3 este martes un\u00a0<strong>Consejo de Gobierno,<\/strong>\u00a0en el\u00a0<strong>Palacio Nacional<\/strong>, donde se conoci\u00f3 el\u00a0<strong>Presupuesto General del Estado<\/strong>\u00a0para el a\u00f1o\u00a0<strong>2024,<\/strong>\u00a0que ser\u00e1 de\u00a0<strong>un bill\u00f3n trescientos setenta y un mil millones de pesos.<\/strong><\/p>\n<div class=\"wp-block-image\">\n<figure class=\"aligncenter size-large\"><img decoding=\"async\" src=\"https:\/\/i0.wp.com\/presidencia.gob.do\/sites\/default\/files\/styles\/large\/public\/news\/2023-09\/Consejo de Gobierno Septiembre 2023.jpeg?w=1110&amp;ssl=1\" alt=\"\" data-recalc-dims=\"1\"><\/figure>\n<\/div>\n<p>Estas informaciones fueron ofrecidas por los ministros, de la Presidencia,\u00a0<strong>Joel Santos,<\/strong>\u00a0y de Hacienda,\u00a0<strong>Jos\u00e9 Manuel (Jochi) Vicente<\/strong>, al t\u00e9rmino de la reuni\u00f3n que se llev\u00f3 a cabo en el\u00a0<strong>Sal\u00f3n Consejo de Gobierno<\/strong>\u00a0del Palacio Nacional.<\/p>\n<figure class=\"wp-block-image\"><img decoding=\"async\" src=\"https:\/\/i0.wp.com\/presidencia.gob.do\/sites\/default\/files\/inline-images\/Ministro Joel Santos - Comercio Binacional.jpeg?w=1110&amp;ssl=1\" alt=\"\" data-recalc-dims=\"1\"><\/figure>\n<p>El ministro de la\u00a0<strong>Presidencia<\/strong>, Joel Santos, precis\u00f3 que este\u00a0<strong>proyecto de presupuesto<\/strong>\u00a0a nivel de gasto es de un bill\u00f3n trescientos setenta y un mil millones de pesos, con un\u00a0<strong>crecimiento<\/strong>\u00a0en la\u00a0<strong>econom\u00eda\u00a0<\/strong>esperado para el 2024, de un\u00a0<strong>4.8 %<\/strong>, y una inflaci\u00f3n de\u00a0<strong>4 %.<\/strong><\/p>\n<p><em>\u201cPero sobre todo con una combinaci\u00f3n de crecimiento econ\u00f3mico, desarrollo de obras importantes. Incluye el 4 % de educaci\u00f3n, las partidas sociales que siempre son fundamentales y una combinaci\u00f3n que persigue mantener la estabilidad econ\u00f3mica, el crecimiento y los aspectos sociales\u201d,<\/em>\u00a0asegur\u00f3 el funcionario.<\/p>\n<figure class=\"wp-block-image\"><img decoding=\"async\" src=\"https:\/\/i0.wp.com\/presidencia.gob.do\/sites\/default\/files\/inline-images\/Jos\u00e9 Manuel (Jochi) Vicente.jpeg?w=1110&amp;ssl=1\" alt=\"\" data-recalc-dims=\"1\"><\/figure>\n<p>De su lado el ministro de\u00a0<strong>Hacienda<\/strong>, Jos\u00e9 Manuel (Jochi) Vicente, indic\u00f3 que el presupuesto ser\u00e1\u00a0<strong>sometido\u00a0<\/strong>a las c\u00e1maras antes del 1 de octubre, para as\u00ed cumplir con el mandato de la\u00a0<strong>Ley de Presupuesto.<\/strong><\/p>\n<p>A\u00f1adi\u00f3 que el presupuesto contempla un\u00a0<strong>d\u00e9ficit de 3.1 %,<\/strong>\u00a0incorporando las prioridades del presidente en\u00a0<strong>obras\u00a0<\/strong>importantes, como es la del\u00a0<strong>Monorriel de Santiago<\/strong>, que tiene asignados\u00a0<strong>RD 20,000 millones de pesos,<\/strong>\u00a0la terminaci\u00f3n de la\u00a0<strong>l\u00ednea 2C del metro<\/strong>, con\u00a0<strong>RD 11,000 millones de pesos,<\/strong>\u00a0y la protecci\u00f3n social, con los subsidios que tiene el gobierno.\u00a0<\/p>\n<figure class=\"wp-block-image\"><img decoding=\"async\" src=\"https:\/\/i0.wp.com\/presidencia.gob.do\/sites\/default\/files\/inline-images\/Consejo de Gobierno.jpeg?w=1110&amp;ssl=1\" alt=\"\" data-recalc-dims=\"1\"><\/figure>\n<p><strong>Comercio Binacional<\/strong><\/p>\n<p>En relaci\u00f3n con el\u00a0<strong>comercio binacional<\/strong>\u00a0en toda la zona fronteriza, el ministro Joel Santos sostuvo que el\u00a0<strong>Gobierno\u00a0<\/strong>seguir\u00e1 dando ayudas a los comerciantes, mediante la compra de los principales\u00a0<strong>productos\u00a0<\/strong>que se puedan ver afectados, para mantener la\u00a0<strong>sostenibilidad<\/strong>\u00a0de la zona.<\/p>\n<p>Inform\u00f3 que el d\u00eda de hoy, el ministro de Industria y Comercio,\u00a0<strong>Ito Bison\u00f3<\/strong>, y todo un equipo, estuvieron en la frontera y se reunieron con todas las principales instituciones de la zona y comerciantes.<\/p>\n<p><em>\u201cLo que el presidente ha dicho en diferentes ocasiones, es que lo importante es la integridad del territorio de la Rep\u00fablica Dominicana, que no es negociable\u201d.<\/em><\/p>\n<\/div>\n","protected":false},"excerpt":{"rendered":"<p>Santo Domingo.- La\u00a0vicepresidenta Raquel Pe\u00f1a\u00a0encabez\u00f3 este martes un\u00a0Consejo de Gobierno,\u00a0en el\u00a0Palacio Nacional, donde se conoci\u00f3 el\u00a0Presupuesto General del Estado\u00a0para el a\u00f1o\u00a02024,\u00a0que ser\u00e1 de\u00a0un bill\u00f3n trescientos setenta y un mil millones&hellip; <\/p>\n","protected":false},"author":2,"featured_media":4922,"comment_status":"closed","ping_status":"closed","sticky":false,"template":"","format":"standard","meta":{"fifu_image_url":"https:\/\/i0.wp.com\/presidencia.gob.do\/sites\/default\/files\/styles\/large\/public\/news\/2023-09\/Consejo%20de%20Gobierno%20Septiembre%202023.jpeg?w=1110&ssl=1","fifu_image_alt":"Vicepresidenta Raquel Pe\u00f1a encabeza Consejo de Gobierno para conocer Presupuesto General del Estado 2024","footnotes":""},"categories":[63],"tags":[],"class_list":["post-4921","post","type-post","status-publish","format-standard","has-post-thumbnail","hentry","category-actualidad"],"_links":{"self":[{"href":"https:\/\/elmundodelapolitica.com\/v1\/wp-json\/wp\/v2\/posts\/4921","targetHints":{"allow":["GET"]}}],"collection":[{"href":"https:\/\/elmundodelapolitica.com\/v1\/wp-json\/wp\/v2\/posts"}],"about":[{"href":"https:\/\/elmundodelapolitica.com\/v1\/wp-json\/wp\/v2\/types\/post"}],"author":[{"embeddable":true,"href":"https:\/\/elmundodelapolitica.com\/v1\/wp-json\/wp\/v2\/users\/2"}],"replies":[{"embeddable":true,"href":"https:\/\/elmundodelapolitica.com\/v1\/wp-json\/wp\/v2\/comments?post=4921"}],"version-history":[{"count":0,"href":"https:\/\/elmundodelapolitica.com\/v1\/wp-json\/wp\/v2\/posts\/4921\/revisions"}],"wp:featuredmedia":[{"embeddable":true,"href":"https:\/\/elmundodelapolitica.com\/v1\/wp-json\/wp\/v2\/media\/4922"}],"wp:attachment":[{"href":"https:\/\/elmundodelapolitica.com\/v1\/wp-json\/wp\/v2\/media?parent=4921"}],"wp:term":[{"taxonomy":"category","embeddable":true,"href":"https:\/\/elmundodelapolitica.com\/v1\/wp-json\/wp\/v2\/categories?post=4921"},{"taxonomy":"post_tag","embeddable":true,"href":"https:\/\/elmundodelapolitica.com\/v1\/wp-json\/wp\/v2\/tags?post=4921"}],"curies":[{"name":"wp","href":"https:\/\/api.w.org\/{rel}","templated":true}]}}