{"id":4897,"date":"2023-09-19T01:17:11","date_gmt":"2023-09-19T05:17:11","guid":{"rendered":"https:\/\/elmundodelapolitica.com\/v1\/?p=4897"},"modified":"2023-09-19T01:17:11","modified_gmt":"2023-09-19T05:17:11","slug":"resumen-dia-internacional-de-la-igualdad-salarial-el-grupo-esi-fomenta-la-igualdad-de-genero-en-el-trabajo-y-aumenta-a-nivel-mundial-el-salario-de-las-mujeres-que-se-reincorporan-tras-una-baja-por-m","status":"publish","type":"post","link":"https:\/\/elmundodelapolitica.com\/v1\/resumen-dia-internacional-de-la-igualdad-salarial-el-grupo-esi-fomenta-la-igualdad-de-genero-en-el-trabajo-y-aumenta-a-nivel-mundial-el-salario-de-las-mujeres-que-se-reincorporan-tras-una-baja-por-m\/","title":{"rendered":"Resumen: D\u00eda internacional de la igualdad salarial: El Grupo ESI fomenta la igualdad de g\u00e9nero en el trabajo y aumenta a nivel mundial el salario de las mujeres que se reincorporan tras una baja por maternidad"},"content":{"rendered":"<p>RUNGIS, Francia&#8211;(BUSINESS WIRE)&#8211;Noticias sobre legislaci\u00f3n:<br \/>\nESI Group (Par\u00eds:ESI), proveedor de software de simulaci\u00f3n y prototipado virtual para la industria de renombre mundial, trabaja activamente para garantizar la igualdad de g\u00e9nero en el lugar de trabajo y pone en marcha acciones destinadas a eliminar la discriminaci\u00f3n por brecha salarial.<br \/>\nEl 18 de septiembre se conmemora el d\u00eda internacional de la igualdad salarial, una ocasi\u00f3n para concienciar sobre la desigualdad salarial y abogar por la eliminaci\u00f3n de la brecha salarial entre hombres y mujeres. En las dos \u00faltimas d\u00e9cadas, la brecha salarial se ha ido reduciendo, aunque a un ritmo lento. En 2022, fue el 15 de marzo.<br \/>\nEl comunicado en el idioma original es la versi\u00f3n oficial y autorizada del mismo. Esta traducci\u00f3n es solamente un medio de ayuda y deber\u00e1 ser comparada con el texto en idioma original, que es la \u00fanica versi\u00f3n del texto que tendr\u00e1 validez legal. Contacts<br \/>\nPrensaESI GroupFlorence Barr\u00e9<br \/>\npress@esi-group.com+33 1 49 78 28 28<br \/>\nRelaciones con la prensaAline Besseli\u00e8vre<br \/>\naline.besselievre@gmail.com+33 6 61 85 10 05<\/p>\n","protected":false},"excerpt":{"rendered":"<div>\n<p>RUNGIS, Francia&#8211;(BUSINESS WIRE)&#8211;Noticias sobre legislaci\u00f3n:<\/p>\n<p><a href=\"https:\/\/mms.businesswire.com\/media\/20230917674028\/es\/1892074\/5\/2020_11_04_MKTG_ESI_Logo_ColorTagline_rgb.jpg\"><img decoding=\"async\" src=\"https:\/\/mms.businesswire.com\/media\/20230917848256\/en\/1892074\/21\/2020_11_04_MKTG_ESI_Logo_ColorTagline_rgb.jpg\"><\/a><br \/><a href=\"https:\/\/mms.businesswire.com\/media\/20230917674028\/es\/1892074\/5\/2020_11_04_MKTG_ESI_Logo_ColorTagline_rgb.jpg\"><img decoding=\"async\" src=\"https:\/\/mms.businesswire.com\/media\/20230917674028\/es\/1892074\/22\/2020_11_04_MKTG_ESI_Logo_ColorTagline_rgb.jpg\"><\/a><\/p>\n<p>\n<b>ESI Group <\/b><b>(Par\u00eds:ESI)<\/b><b>, proveedor de software de simulaci\u00f3n y prototipado virtual para la industria de renombre mundial, trabaja activamente para garantizar la igualdad de g\u00e9nero en el lugar de trabajo y pone en marcha acciones destinadas a eliminar la discriminaci\u00f3n por brecha salarial.<\/b><\/p>\n<p>\nEl 18 de septiembre se conmemora el <a target=\"_blank\" href=\"https:\/\/cts.businesswire.com\/ct\/CT?id=smartlink&amp;url=https%3A%2F%2Fwww.un.org%2Fen%2Fobservances%2Fequal-pay-day%23%3A~%3Atext%3DInternational%2520Equal%2520Pay%2520Day%252C%2520celebrated%2Cfor%2520work%2520of%2520equal%2520value.&amp;esheet=53556165&amp;newsitemid=20230917674028&amp;lan=es-ES&amp;anchor=d%26iacute%3Ba+internacional+de+la+igualdad+salarial&amp;index=1&amp;md5=3a4ab4a5af52b830357ce8ddc3086672\" rel=\"nofollow noopener\">d\u00eda internacional de la igualdad salarial<\/a>, una ocasi\u00f3n para concienciar sobre la desigualdad salarial y abogar por la eliminaci\u00f3n de la brecha salarial entre hombres y mujeres. En las dos \u00faltimas d\u00e9cadas, la brecha salarial se ha ido reduciendo, aunque a un ritmo lento. En 2022, fue el 15 de marzo.<sup> <\/sup><\/p>\n<p>\nEl comunicado en el idioma original es la versi\u00f3n oficial y autorizada del mismo. Esta traducci\u00f3n es solamente un medio de ayuda y deber\u00e1 ser comparada con el texto en idioma original, que es la \u00fanica versi\u00f3n del texto que tendr\u00e1 validez legal.<\/p>\n<p> <b>Contacts<\/b> <\/p>\n<p>\n<b>Prensa<\/b><br \/><b>ESI Group<\/b><br \/>Florence Barr\u00e9<br \/>\n<br \/><a target=\"_blank\" href=\"mailto:press@esi-group.com\" rel=\"nofollow noopener\">press@esi-group.com<\/a><br \/>+33 1 49 78 28 28<\/p>\n<p>\n<b>Relaciones con la prensa<\/b><br \/>Aline Besseli\u00e8vre<br \/>\n<br \/><a target=\"_blank\" href=\"mailto:aline.besselievre@gmail.com\" rel=\"nofollow noopener\">aline.besselievre@gmail.com<\/a><br \/>+33 6 61 85 10 05<\/p>\n<\/div>\n","protected":false},"author":2,"featured_media":4898,"comment_status":"closed","ping_status":"closed","sticky":false,"template":"","format":"standard","meta":{"fifu_image_url":"https:\/\/mms.businesswire.com\/media\/20230917848256\/en\/1892074\/21\/2020_11_04_MKTG_ESI_Logo_ColorTagline_rgb.jpg","fifu_image_alt":"Resumen: D\u00eda internacional de la igualdad salarial: El Grupo ESI fomenta la igualdad de g\u00e9nero en el trabajo y aumenta a nivel mundial el salario de las mujeres que se reincorporan tras una baja por maternidad","footnotes":""},"categories":[44],"tags":[],"class_list":["post-4897","post","type-post","status-publish","format-standard","has-post-thumbnail","hentry","category-business-wire"],"_links":{"self":[{"href":"https:\/\/elmundodelapolitica.com\/v1\/wp-json\/wp\/v2\/posts\/4897","targetHints":{"allow":["GET"]}}],"collection":[{"href":"https:\/\/elmundodelapolitica.com\/v1\/wp-json\/wp\/v2\/posts"}],"about":[{"href":"https:\/\/elmundodelapolitica.com\/v1\/wp-json\/wp\/v2\/types\/post"}],"author":[{"embeddable":true,"href":"https:\/\/elmundodelapolitica.com\/v1\/wp-json\/wp\/v2\/users\/2"}],"replies":[{"embeddable":true,"href":"https:\/\/elmundodelapolitica.com\/v1\/wp-json\/wp\/v2\/comments?post=4897"}],"version-history":[{"count":0,"href":"https:\/\/elmundodelapolitica.com\/v1\/wp-json\/wp\/v2\/posts\/4897\/revisions"}],"wp:featuredmedia":[{"embeddable":true,"href":"https:\/\/elmundodelapolitica.com\/v1\/wp-json\/wp\/v2\/media\/4898"}],"wp:attachment":[{"href":"https:\/\/elmundodelapolitica.com\/v1\/wp-json\/wp\/v2\/media?parent=4897"}],"wp:term":[{"taxonomy":"category","embeddable":true,"href":"https:\/\/elmundodelapolitica.com\/v1\/wp-json\/wp\/v2\/categories?post=4897"},{"taxonomy":"post_tag","embeddable":true,"href":"https:\/\/elmundodelapolitica.com\/v1\/wp-json\/wp\/v2\/tags?post=4897"}],"curies":[{"name":"wp","href":"https:\/\/api.w.org\/{rel}","templated":true}]}}