{"id":4895,"date":"2023-09-18T16:39:46","date_gmt":"2023-09-18T20:39:46","guid":{"rendered":"https:\/\/elmundodelapolitica.com\/v1\/?p=4895"},"modified":"2023-09-18T16:39:46","modified_gmt":"2023-09-18T20:39:46","slug":"celebran-congreso-sobre-estandarizacion-y-mejora-de-procesos","status":"publish","type":"post","link":"https:\/\/elmundodelapolitica.com\/v1\/celebran-congreso-sobre-estandarizacion-y-mejora-de-procesos\/","title":{"rendered":"Celebran congreso sobre estandarizaci\u00f3n y mejora de procesos"},"content":{"rendered":"<div>\n<p>El \u00abPrimer Congreso Internacional de Estandarizaci\u00f3n Direcci\u00f3n y Perspectivas Globales\u00bb fue celebrado en Rep\u00fablica Dominicana, reuniendo destacados l\u00edderes internacionales y renombradas instituciones locales en dos d\u00edas de conferencias, presentaci\u00f3n de innovaciones y creaci\u00f3n de oportunidades de networking con profesionales de calidad y excelencia.<\/p>\n<div class=\"wp-block-image\">\n<figure class=\"aligncenter size-large\"><img loading=\"lazy\" data-attachment-id=\"32359\" data-permalink=\"https:\/\/elmundodelosnegocios.com.do\/v1\/index.php\/2023\/09\/18\/celebran-congreso-sobre-estandarizacion-y-mejora-de-procesos\/foto-001-principal\/\" data-orig-file=\"https:\/\/i0.wp.com\/elmundodelosnegocios.com.do\/v1\/wp-content\/uploads\/2023\/09\/Foto-001-Principal-scaled.jpg?fit=2560%2C1707&amp;ssl=1\" data-orig-size=\"2560,1707\" data-comments-opened=\"0\" data-image-meta='{\"aperture\":\"6.3\",\"credit\":\"\",\"camera\":\"NIKON D7500\",\"caption\":\"\",\"created_timestamp\":\"1694767784\",\"copyright\":\"\",\"focal_length\":\"30\",\"iso\":\"1000\",\"shutter_speed\":\"0.005\",\"title\":\"\",\"orientation\":\"1\"}' data-image-title=\"Foto-001-Principal\" data-image-description=\"\" data-image-caption=\"\" data-medium-file=\"https:\/\/i0.wp.com\/elmundodelosnegocios.com.do\/v1\/wp-content\/uploads\/2023\/09\/Foto-001-Principal-scaled.jpg?fit=300%2C200&amp;ssl=1\" data-large-file=\"https:\/\/i0.wp.com\/elmundodelosnegocios.com.do\/v1\/wp-content\/uploads\/2023\/09\/Foto-001-Principal-scaled.jpg?fit=1024%2C683&amp;ssl=1\" decoding=\"async\" width=\"1024\" height=\"683\" src=\"https:\/\/i0.wp.com\/elmundodelosnegocios.com.do\/v1\/wp-content\/uploads\/2023\/09\/Foto-001-Principal.jpg?resize=1024,683\" alt=\"\" class=\"wp-image-32359\" srcset=\"https:\/\/i0.wp.com\/elmundodelosnegocios.com.do\/v1\/wp-content\/uploads\/2023\/09\/Foto-001-Principal-scaled.jpg?resize=1024%2C683&amp;ssl=1 1024w, https:\/\/i0.wp.com\/elmundodelosnegocios.com.do\/v1\/wp-content\/uploads\/2023\/09\/Foto-001-Principal-scaled.jpg?resize=300%2C200&amp;ssl=1 300w, https:\/\/i0.wp.com\/elmundodelosnegocios.com.do\/v1\/wp-content\/uploads\/2023\/09\/Foto-001-Principal-scaled.jpg?resize=768%2C512&amp;ssl=1 768w, https:\/\/i0.wp.com\/elmundodelosnegocios.com.do\/v1\/wp-content\/uploads\/2023\/09\/Foto-001-Principal-scaled.jpg?resize=1536%2C1024&amp;ssl=1 1536w, https:\/\/i0.wp.com\/elmundodelosnegocios.com.do\/v1\/wp-content\/uploads\/2023\/09\/Foto-001-Principal-scaled.jpg?resize=2048%2C1365&amp;ssl=1 2048w, https:\/\/i0.wp.com\/elmundodelosnegocios.com.do\/v1\/wp-content\/uploads\/2023\/09\/Foto-001-Principal-scaled.jpg?w=2220 2220w\" sizes=\"auto, (max-width: 1024px) 100vw, 1024px\" data-recalc-dims=\"1\"><\/figure>\n<\/div>\n<p>Raisa Rodr\u00edguez, directora de R&amp;R Divisi\u00f3n de Entrenamiento, fue la responsable de este evento organizado por G-Certi (Global Certification), un organismo internacional de certificaci\u00f3n reconocido en m\u00e1s de 54 pa\u00edses, especializado en la mejora de procesos y certificaci\u00f3n de Normas ISO.<\/p>\n<div class=\"wp-block-image\">\n<figure class=\"aligncenter size-large\"><img data-attachment-id=\"32358\" data-permalink=\"https:\/\/elmundodelosnegocios.com.do\/v1\/index.php\/2023\/09\/18\/celebran-congreso-sobre-estandarizacion-y-mejora-de-procesos\/foto-3-5\/\" data-orig-file=\"https:\/\/i0.wp.com\/elmundodelosnegocios.com.do\/v1\/wp-content\/uploads\/2023\/09\/Foto-3-scaled.jpg?fit=2560%2C1707&amp;ssl=1\" data-orig-size=\"2560,1707\" data-comments-opened=\"0\" data-image-meta='{\"aperture\":\"6.3\",\"credit\":\"\",\"camera\":\"NIKON D7500\",\"caption\":\"\",\"created_timestamp\":\"1694768243\",\"copyright\":\"\",\"focal_length\":\"34\",\"iso\":\"1000\",\"shutter_speed\":\"0.005\",\"title\":\"\",\"orientation\":\"1\"}' data-image-title=\"Foto-3\" data-image-description=\"\" data-image-caption=\"\" data-medium-file=\"https:\/\/i0.wp.com\/elmundodelosnegocios.com.do\/v1\/wp-content\/uploads\/2023\/09\/Foto-3-scaled.jpg?fit=300%2C200&amp;ssl=1\" data-large-file=\"https:\/\/i0.wp.com\/elmundodelosnegocios.com.do\/v1\/wp-content\/uploads\/2023\/09\/Foto-3-scaled.jpg?fit=1024%2C683&amp;ssl=1\" decoding=\"async\" loading=\"lazy\" width=\"1024\" height=\"683\" src=\"https:\/\/i0.wp.com\/elmundodelosnegocios.com.do\/v1\/wp-content\/uploads\/2023\/09\/Foto-3-1024x683.jpg?resize=1024,683&amp;ssl=1\" alt=\"\" class=\"wp-image-32358\" srcset=\"https:\/\/i0.wp.com\/elmundodelosnegocios.com.do\/v1\/wp-content\/uploads\/2023\/09\/Foto-3-scaled.jpg?resize=1024%2C683&amp;ssl=1 1024w, https:\/\/i0.wp.com\/elmundodelosnegocios.com.do\/v1\/wp-content\/uploads\/2023\/09\/Foto-3-scaled.jpg?resize=300%2C200&amp;ssl=1 300w, https:\/\/i0.wp.com\/elmundodelosnegocios.com.do\/v1\/wp-content\/uploads\/2023\/09\/Foto-3-scaled.jpg?resize=768%2C512&amp;ssl=1 768w, https:\/\/i0.wp.com\/elmundodelosnegocios.com.do\/v1\/wp-content\/uploads\/2023\/09\/Foto-3-scaled.jpg?resize=1536%2C1024&amp;ssl=1 1536w, https:\/\/i0.wp.com\/elmundodelosnegocios.com.do\/v1\/wp-content\/uploads\/2023\/09\/Foto-3-scaled.jpg?resize=2048%2C1365&amp;ssl=1 2048w, https:\/\/i0.wp.com\/elmundodelosnegocios.com.do\/v1\/wp-content\/uploads\/2023\/09\/Foto-3-scaled.jpg?w=2220 2220w\" sizes=\"auto, (max-width: 1024px) 100vw, 1024px\" data-recalc-dims=\"1\"><\/figure>\n<\/div>\n<p>Los participantes adquirieron conocimientos sobre tendencias y actualizaciones en est\u00e1ndares internacionales a trav\u00e9s de las ponencias a cargo de auditores y veedores t\u00e9cnicos especializados en proyectos de certificaci\u00f3n ISO de G-Certi.<\/p>\n<p>David Choi, presidente de G-Certi; Fernando Arrieta, CEO; y Alejandro del Colle, director acad\u00e9mico, entre otras importantes figuras, trataron temas como \u00abContexto ISO y su relevancia global\u00bb; \u00abLiderazgo ISO: Inspirar y marcar la diferencia\u00bb; \u00abGesti\u00f3n del cambio y riesgos bajo ISO\u00bb; \u00abEficiencia y sistemas de gesti\u00f3n\u00bb; \u00abRevoluci\u00f3n tecnol\u00f3gica a trav\u00e9s de ISO\u00bb e inteligencia artificial, entre otros.<\/p>\n<p>Los expertos se\u00f1alaron que en el entorno global es importante tener todas las herramientas y comprensi\u00f3n para adaptar las organizaciones a las regulaciones m\u00e1s recientes, garantizando el cumplimiento sino tambi\u00e9n la eficiencia y la excelencia en sus operaciones.<\/p>\n<p>Empresarios, l\u00edderes y profesionales de alta direcci\u00f3n participaron en sesiones interactivas donde obtuvieron un entendimiento profundo sobre el impacto de las normas ISO en la gesti\u00f3n moderna y c\u00f3mo estas pueden ser aprovechadas para abordar desaf\u00edos actuales y futuros en el entorno empresarial.<\/p>\n<p><strong>M\u00e1s sobre G-Certi<\/strong><\/p>\n<p>Con presencia en 54 pa\u00edses, G-Certi ha cultivado una pericia t\u00e9cnica inigualable en una amplia gama de servicios que abarcan la calidad, la seguridad t\u00e9cnica, as\u00ed como la protecci\u00f3n humana y ambiental. Su alcance global le ha permitido adquirir y perfeccionar todos los aspectos relevantes a la promoci\u00f3n de la calidad, formando auditores para integrarlos a las organizaciones ya que entiende que a trav\u00e9s de la educaci\u00f3n se logran profundos procesos de transformaci\u00f3n.<\/p>\n<p>Tiene 16,435 clientes globales, han realizado m\u00e1s de 9 mil certificaciones y unas 67 mil auditor\u00edas realizadas.<\/p>\n<\/div>\n","protected":false},"excerpt":{"rendered":"<p>El \u00abPrimer Congreso Internacional de Estandarizaci\u00f3n Direcci\u00f3n y Perspectivas Globales\u00bb fue celebrado en Rep\u00fablica Dominicana, reuniendo destacados l\u00edderes internacionales y renombradas instituciones locales en dos d\u00edas de conferencias, presentaci\u00f3n de&hellip; <\/p>\n","protected":false},"author":2,"featured_media":4896,"comment_status":"closed","ping_status":"closed","sticky":false,"template":"","format":"standard","meta":{"fifu_image_url":"https:\/\/i0.wp.com\/elmundodelosnegocios.com.do\/v1\/wp-content\/uploads\/2023\/09\/Foto-001-Principal.jpg?resize=1024,683","fifu_image_alt":"Celebran congreso sobre estandarizaci\u00f3n y mejora de procesos","footnotes":""},"categories":[63],"tags":[],"class_list":["post-4895","post","type-post","status-publish","format-standard","has-post-thumbnail","hentry","category-actualidad"],"_links":{"self":[{"href":"https:\/\/elmundodelapolitica.com\/v1\/wp-json\/wp\/v2\/posts\/4895","targetHints":{"allow":["GET"]}}],"collection":[{"href":"https:\/\/elmundodelapolitica.com\/v1\/wp-json\/wp\/v2\/posts"}],"about":[{"href":"https:\/\/elmundodelapolitica.com\/v1\/wp-json\/wp\/v2\/types\/post"}],"author":[{"embeddable":true,"href":"https:\/\/elmundodelapolitica.com\/v1\/wp-json\/wp\/v2\/users\/2"}],"replies":[{"embeddable":true,"href":"https:\/\/elmundodelapolitica.com\/v1\/wp-json\/wp\/v2\/comments?post=4895"}],"version-history":[{"count":0,"href":"https:\/\/elmundodelapolitica.com\/v1\/wp-json\/wp\/v2\/posts\/4895\/revisions"}],"wp:featuredmedia":[{"embeddable":true,"href":"https:\/\/elmundodelapolitica.com\/v1\/wp-json\/wp\/v2\/media\/4896"}],"wp:attachment":[{"href":"https:\/\/elmundodelapolitica.com\/v1\/wp-json\/wp\/v2\/media?parent=4895"}],"wp:term":[{"taxonomy":"category","embeddable":true,"href":"https:\/\/elmundodelapolitica.com\/v1\/wp-json\/wp\/v2\/categories?post=4895"},{"taxonomy":"post_tag","embeddable":true,"href":"https:\/\/elmundodelapolitica.com\/v1\/wp-json\/wp\/v2\/tags?post=4895"}],"curies":[{"name":"wp","href":"https:\/\/api.w.org\/{rel}","templated":true}]}}