{"id":4893,"date":"2023-09-18T15:49:51","date_gmt":"2023-09-18T19:49:51","guid":{"rendered":"https:\/\/elmundodelapolitica.com\/v1\/?p=4893"},"modified":"2023-09-18T15:49:56","modified_gmt":"2023-09-18T19:49:56","slug":"articulo-las-de-cal-y-las-de-arena-en-educacion","status":"publish","type":"post","link":"https:\/\/elmundodelapolitica.com\/v1\/articulo-las-de-cal-y-las-de-arena-en-educacion\/","title":{"rendered":"ARTICULO: Las de cal y las de arena en educaci\u00f3n"},"content":{"rendered":"\n<p>Merecido el honor de que una buena parte de la poblaci\u00f3n me colocara los sobrenombres de \"el diputado que apoya la educaci\u00f3n\" y \"el padrino de la educaci\u00f3n\".<\/p>\n\n\n\n<p>Por Rafael M\u00e9ndez<\/p>\n\n\n\n<p>Traigo a colaci\u00f3n esta frase que sirve de t\u00edtulo a este trabajo para valorar como altamente positivo el cumplimiento de la ordenanza que dispuso el suministro de alimentos a los estudiantes de PREPARA.<\/p>\n\n\n\n<p>De las m\u00e1s variadas acepciones que tiene la frase \"unas van de cal y otras van de arena\", me quedar\u00e9 con la versi\u00f3n de que \"las de cal\" son las buenas y \"las de arena son las malas\", porque ha sido la constante que ha normado la gesti\u00f3n en la educaci\u00f3n p\u00fablica durante la gesti\u00f3n del presidente-candidato, Luis Abinader.<\/p>\n\n\n\n<p>Y le asign\u00f3 \"las de cal\" al actual ministro \u00c1ngel Hern\u00e1ndez, porque hay que ser justo y destacar y valorar como altamente positivo el cumplimiento de la ordenanza que dispuso el pasado mes de abril el suministro de alimentos a los estudiantes de la Modalidad de Educaci\u00f3n de Personas J\u00f3venes y Adultas, conocido como PREPARA.<\/p>\n\n\n\n<p>Y es que, desde hace muchos a\u00f1os, desde mi curul, y luego sin tener la investidura de representante de la provincia Bahoruco, hab\u00eda abrazado, como \"la voz que clama en el desierto\", y casi en solitario, la conquista que vi materializada el pasado s\u00e1bado.<\/p>\n\n\n\n<p>A esta gran conquista se a\u00f1ade la reivindicaci\u00f3n del gobierno pasado que exoner\u00f3 del pago de 800 pesos anuales que, en cuyo reclamo fui persistente, ya que el pago de ese importe era una violaci\u00f3n a la Constituci\u00f3n de la Rep\u00fablica, que establece que la educaci\u00f3n p\u00fablica pre-universitaria es gratuita y de calidad.<\/p>\n\n\n\n<p>Sin temor a equivocarnos, podemos afirmar que el suministro de los alimentos y la exoneraci\u00f3n del pago trae consigo la estabilidad del programa, porque hab\u00eda que ver a tantos j\u00f3venes, los s\u00e1bados y otros los domingos, deambulando por los alrededores de los centros educativos tratando de \"ligar\" un almuerzo y que, por falta de recursos, muchos a esa hora ten\u00edan que abandonar la docencia.<\/p>\n\n\n\n<p>Hechos que hablan en educaci\u00f3n<\/p>\n\n\n\n<p>Desde mi curul, y sin estar representando a mis comprovincianos, en la C\u00e1mara de Diputados me he mantenido impulsando iniciativas dirigidas a la comunidad educativa, al deporte y a la recreaci\u00f3n sana, en mi demarcaci\u00f3n del Sur Profundo, sostenido como pivote en la Fundaci\u00f3n Padrino de las Escuelas de Bahoruco.<\/p>\n\n\n\n<p>Esa entrega con pasi\u00f3n me ha merecido el honor de que una buena parte de la poblaci\u00f3n me colocara los sobrenombres de \"el diputado que apoya la educaci\u00f3n\" y \"el padrino de la educaci\u00f3n\", lo que traduce un reconocimiento a los aportes que hemos venido haciendo al sector educativo desde hace m\u00e1s de 20 a\u00f1os.<\/p>\n\n\n\n<p>Emprendiendo las m\u00e1s diversas y novedosas iniciativas que se han materializado en aportes al estudiantado pre-universitario, y en el nivel superior, a los docentes, a los padres, madres, tutores y amigos de la educaci\u00f3n.<\/p>\n\n\n\n<p>Enumerar las iniciativas que hemos emprendido conllevar\u00eda llenar varias cuartillas, como decimos los periodistas, pero me voy a permitir citar algunas, sin que eso signifique desde\u00f1ar la importancia y trascendencia de las que no haga referencia, por lo que debo comenzar destacando la extensi\u00f3n de la Escuela Vocacional de las Fuerzas Armadas y la Polic\u00eda Nacional y el programa \"Ingl\u00e9s de Inmersi\u00f3n\", del que han egresado m\u00e1s de 600 j\u00f3venes.<\/p>\n\n\n\n<p>Encuentro Provincial de Familia ampliamente valorado como una novedad por los t\u00e9cnicos del Ministerio de Educaci\u00f3n, quienes al ver esa amplia representaci\u00f3n de las asociaciones de padres, madres y tutores de toda la provincia dijeron que se llevar\u00edan esa experiencia ante las altas instancias de la cartera educativa a los fines de sea replicada en todo el pa\u00eds.<\/p>\n\n\n\n<p>Varias entregas del programa \"Beb\u00e9, pi\u00e9nsalo bien\", talleres sobre \"c\u00f3mo detectar la violencia infantil en la familia y en la escuela\", aprendizajes de las matem\u00e1ticas, y c\u00f3mo usar el peri\u00f3dico como material did\u00e1ctico, encuentros Provinciales con Bachilleres, giras recreativas y culturales, todos los a\u00f1os, para estudiantes y docentes, y habilitaci\u00f3n docente y cursos b\u00e1sicos de ingl\u00e9s para ni\u00f1os y ni\u00f1as.<\/p>\n\n\n\n<p>Por mi iniciativa se construy\u00f3, hace m\u00e1s de diez a\u00f1os, un liceo en Santa B\u00e1rbara de Batey 6, se entregaron varios minibuses para el transporte estudiantil para el nivel pre-universitario y superior, equipamiento y entrega de alimentos a las casas de estudiantes universitarios en Santo Domingo y Barahona, apoyo econ\u00f3micos y becas para estudios en el exterior, entrega de uniformes, utiler\u00eda deportiva y patrocinio de torneos deportivos, copatrocinio del Primer Torneo de F\u00fatbol, con la participaci\u00f3n de 14 equipos de diferentes comunidad<\/p>\n","protected":false},"excerpt":{"rendered":"<p>Merecido el honor de que una buena parte de la poblaci\u00f3n me colocara los sobrenombres de \"el diputado que apoya la educaci\u00f3n\" y \"el padrino de la educaci\u00f3n\". Por Rafael&hellip; <\/p>\n","protected":false},"author":2,"featured_media":3482,"comment_status":"open","ping_status":"open","sticky":false,"template":"","format":"standard","meta":{"fifu_image_url":"","fifu_image_alt":"","footnotes":""},"categories":[12,4],"tags":[],"class_list":["post-4893","post","type-post","status-publish","format-standard","has-post-thumbnail","hentry","category-agenda-politica","category-articulo"],"_links":{"self":[{"href":"https:\/\/elmundodelapolitica.com\/v1\/wp-json\/wp\/v2\/posts\/4893","targetHints":{"allow":["GET"]}}],"collection":[{"href":"https:\/\/elmundodelapolitica.com\/v1\/wp-json\/wp\/v2\/posts"}],"about":[{"href":"https:\/\/elmundodelapolitica.com\/v1\/wp-json\/wp\/v2\/types\/post"}],"author":[{"embeddable":true,"href":"https:\/\/elmundodelapolitica.com\/v1\/wp-json\/wp\/v2\/users\/2"}],"replies":[{"embeddable":true,"href":"https:\/\/elmundodelapolitica.com\/v1\/wp-json\/wp\/v2\/comments?post=4893"}],"version-history":[{"count":1,"href":"https:\/\/elmundodelapolitica.com\/v1\/wp-json\/wp\/v2\/posts\/4893\/revisions"}],"predecessor-version":[{"id":4894,"href":"https:\/\/elmundodelapolitica.com\/v1\/wp-json\/wp\/v2\/posts\/4893\/revisions\/4894"}],"wp:featuredmedia":[{"embeddable":true,"href":"https:\/\/elmundodelapolitica.com\/v1\/wp-json\/wp\/v2\/media\/3482"}],"wp:attachment":[{"href":"https:\/\/elmundodelapolitica.com\/v1\/wp-json\/wp\/v2\/media?parent=4893"}],"wp:term":[{"taxonomy":"category","embeddable":true,"href":"https:\/\/elmundodelapolitica.com\/v1\/wp-json\/wp\/v2\/categories?post=4893"},{"taxonomy":"post_tag","embeddable":true,"href":"https:\/\/elmundodelapolitica.com\/v1\/wp-json\/wp\/v2\/tags?post=4893"}],"curies":[{"name":"wp","href":"https:\/\/api.w.org\/{rel}","templated":true}]}}