{"id":4890,"date":"2023-09-18T15:48:30","date_gmt":"2023-09-18T19:48:30","guid":{"rendered":"https:\/\/elmundodelapolitica.com\/v1\/?p=4890"},"modified":"2023-09-18T15:48:33","modified_gmt":"2023-09-18T19:48:33","slug":"diputado-al-parlacen-respalda-medidas-sobre-el-cierre-de-la-frontera","status":"publish","type":"post","link":"https:\/\/elmundodelapolitica.com\/v1\/diputado-al-parlacen-respalda-medidas-sobre-el-cierre-de-la-frontera\/","title":{"rendered":"Diputado al Parlacen respalda medidas sobre el cierre de la frontera"},"content":{"rendered":"\n<p><strong><em>Jos\u00e9 Liz hizo un&nbsp;llamado a la comunidad internacional a respaldar las medidas anunciadas el pasado lunes por el gobierno dominicano.<\/em><\/strong><\/p>\n\n\n\n<p><strong>Santo Domingo Este. &#8211;&nbsp;<\/strong>El diputado al Parlamento Centroamericano (PARLACEN), Jos\u00e9 Liz salud\u00f3 la decisi\u00f3n del presidente Luis Abinader, al ordenar el cierre de las fronteras, frente a las diferentes situaciones que se han presentado con Hait\u00ed durante su gesti\u00f3n.<\/p>\n\n\n\n<p>Liz manifest\u00f3 este s\u00e1bado su respaldo a las medidas adoptadas por el mandatario sobre el cierre total de la frontera, ante el conflicto por la construcci\u00f3n de un desv\u00edo del r\u00edo Masacre.<\/p>\n\n\n\n<p>\"Valoramos como positivas y apoyamos la decisi\u00f3n del se\u00f1or presidente Luis Abinader al ordenar el cierre de las fronteras ante la intenci\u00f3n de un grupo de anarquistas que buscan desestabilizar el Gobierno, con acciones irresponsables\" adujo el legislador.<\/p>\n\n\n\n<p>El diputado hizo un&nbsp;llamado a la comunidad internacional a respaldar las medidas anunciadas el pasado lunes por el gobierno dominicano.<\/p>\n\n\n\n<p>Declar\u00f3 que es muy lamentable que el cierre de la frontera haya sido la \u00fanica salida que los haitianos hayan dejado a esta problem\u00e1tica, debido a que el gobierno dominicano le explic\u00f3 basado en los acuerdos suscritos con mucha anterioridad establecen los procesos.<\/p>\n\n\n\n<p>Asimismo, agreg\u00f3 que los haitianos han utilizado la construcci\u00f3n de este canal como un tema para provocar a la Rep\u00fablica Dominicana, sin detenerse a pensar en las consecuencias econ\u00f3micas que esto tendr\u00eda.<\/p>\n\n\n\n<p>Igualmente, afirm\u00f3 que \"por encima de la alimentaci\u00f3n y el comercio tiene que estar la patria. El derecho inalienable que tenemos como dominicanos\".<\/p>\n","protected":false},"excerpt":{"rendered":"<p>Jos\u00e9 Liz hizo un&nbsp;llamado a la comunidad internacional a respaldar las medidas anunciadas el pasado lunes por el gobierno dominicano. Santo Domingo Este. &#8211;&nbsp;El diputado al Parlamento Centroamericano (PARLACEN), Jos\u00e9&hellip; <\/p>\n","protected":false},"author":2,"featured_media":4891,"comment_status":"open","ping_status":"open","sticky":false,"template":"","format":"standard","meta":{"fifu_image_url":"","fifu_image_alt":"","footnotes":""},"categories":[12],"tags":[],"class_list":["post-4890","post","type-post","status-publish","format-standard","has-post-thumbnail","hentry","category-agenda-politica"],"_links":{"self":[{"href":"https:\/\/elmundodelapolitica.com\/v1\/wp-json\/wp\/v2\/posts\/4890","targetHints":{"allow":["GET"]}}],"collection":[{"href":"https:\/\/elmundodelapolitica.com\/v1\/wp-json\/wp\/v2\/posts"}],"about":[{"href":"https:\/\/elmundodelapolitica.com\/v1\/wp-json\/wp\/v2\/types\/post"}],"author":[{"embeddable":true,"href":"https:\/\/elmundodelapolitica.com\/v1\/wp-json\/wp\/v2\/users\/2"}],"replies":[{"embeddable":true,"href":"https:\/\/elmundodelapolitica.com\/v1\/wp-json\/wp\/v2\/comments?post=4890"}],"version-history":[{"count":1,"href":"https:\/\/elmundodelapolitica.com\/v1\/wp-json\/wp\/v2\/posts\/4890\/revisions"}],"predecessor-version":[{"id":4892,"href":"https:\/\/elmundodelapolitica.com\/v1\/wp-json\/wp\/v2\/posts\/4890\/revisions\/4892"}],"wp:featuredmedia":[{"embeddable":true,"href":"https:\/\/elmundodelapolitica.com\/v1\/wp-json\/wp\/v2\/media\/4891"}],"wp:attachment":[{"href":"https:\/\/elmundodelapolitica.com\/v1\/wp-json\/wp\/v2\/media?parent=4890"}],"wp:term":[{"taxonomy":"category","embeddable":true,"href":"https:\/\/elmundodelapolitica.com\/v1\/wp-json\/wp\/v2\/categories?post=4890"},{"taxonomy":"post_tag","embeddable":true,"href":"https:\/\/elmundodelapolitica.com\/v1\/wp-json\/wp\/v2\/tags?post=4890"}],"curies":[{"name":"wp","href":"https:\/\/api.w.org\/{rel}","templated":true}]}}