{"id":4888,"date":"2023-09-18T12:30:46","date_gmt":"2023-09-18T16:30:46","guid":{"rendered":"https:\/\/elmundodelapolitica.com\/v1\/?p=4888"},"modified":"2023-09-18T12:30:46","modified_gmt":"2023-09-18T16:30:46","slug":"ministro-de-turismo-inaugura-sendero-peatonal-en-cabrera","status":"publish","type":"post","link":"https:\/\/elmundodelapolitica.com\/v1\/ministro-de-turismo-inaugura-sendero-peatonal-en-cabrera\/","title":{"rendered":"Ministro de Turismo inaugura sendero peatonal en Cabrera"},"content":{"rendered":"<div>\n<p>Mar\u00eda Trinidad S\u00e1nchez.- El ministro de Turismo,\u00a0<strong>David Collado<\/strong>, inaugur\u00f3 este domingo el\u00a0<strong>Paseo Peatonal Tur\u00edstico\u00a0<\/strong>dedicado a la\u00a0<strong>m\u00fasica t\u00edpica,<\/strong>\u00a0en este municipio; un punto de inter\u00e9s y de encuentro en la zona, que forma parte del proyecto de\u00a0<strong>remozamiento<\/strong>\u00a0de espacios p\u00fablicos y de impulso a ese destino.<\/p>\n<div class=\"wp-block-image\">\n<figure class=\"aligncenter size-large\"><img decoding=\"async\" src=\"https:\/\/i0.wp.com\/presidencia.gob.do\/sites\/default\/files\/styles\/large\/public\/news\/2023-09\/MITUR en Cabrera.jpg?w=1110&amp;ssl=1\" alt=\"\" data-recalc-dims=\"1\"><\/figure>\n<\/div>\n<p>El proyecto, construido por un monto superior a los\u00a0<strong>9 millones de pesos<\/strong>, consiste en la intervenci\u00f3n de un\u00a0<strong>sendero peatonal<\/strong>\u00a0de aproximadamente<strong>\u00a062\u00a0<\/strong>metros\u00a0 lineales y\u00a0<strong>592\u00a0<\/strong>metros cuadrados.<\/p>\n<p>El sendero es la continuaci\u00f3n del nuevo\u00a0<strong>malec\u00f3n de Cabrera,<\/strong>\u00a0conectando la calle Lorenzo \u00c1lvarez hasta la calle Duarte.<\/p>\n<p>El ministro Collado expres\u00f3 que peque\u00f1as\u00a0<strong>obras<\/strong>\u00a0como esa marcan la\u00a0<strong>diferencia<\/strong>.<\/p>\n<p><em>\u00abPara nosotros lo m\u00e1s importante es c\u00f3mo nuestras intervenciones impactan en las comunidades y elevan la oferta, y as\u00ed podemos llevar el turismo a cada rinc\u00f3n\u00bb,<\/em>\u00a0manifest\u00f3 Collado.<\/p>\n<p>La obra contempla una<strong>\u00a0plaza<\/strong>\u00a0de acceso y\u00a0<strong>conexi\u00f3n<\/strong>\u00a0entre el malec\u00f3n y el sendero, adem\u00e1s, un\u00a0<strong>mirador<\/strong>\u00a0para albergar a los pescadores de la zona.<\/p>\n<p>La misma consiste en el\u00a0<strong>embellecimiento<\/strong>\u00a0de espacio p\u00fablico, y estuvo dirigida por el\u00a0<strong>Comit\u00e9 Ejecutor de Infraestructura de Zonas Tur\u00edsticas<\/strong>\u00a0(CEIZTUR), con un monto total de\u00a0<strong>RD 9,450,000.82.<\/strong><\/p>\n<div class=\"wp-block-image\">\n<figure class=\"aligncenter\"><img decoding=\"async\" src=\"https:\/\/i0.wp.com\/presidencia.gob.do\/sites\/default\/files\/inline-images\/IMG-20230917-WA0010.jpg?w=1110&amp;ssl=1\" alt=\"David Collado\" data-recalc-dims=\"1\"><\/figure>\n<\/div>\n<p>La obra contempla\u00a0<strong>paisajismo,<\/strong>\u00a0iluminaci\u00f3n, equipamiento y\u00a0<strong>arte<\/strong>\u00a0urbano sobre el nuevo muro colindante, que da privacidad a los residentes de la zona y a su vez un\u00a0<strong>punto focal<\/strong>\u00a0en el \u00e1rea.<\/p>\n<p>Adem\u00e1s, se realizaron los trabajos de\u00a0<strong>acondicionamiento\u00a0<\/strong>de las viviendas colindantes, con la pintura exterior y la canalizaci\u00f3n de las\u00a0<strong>aguas residuales<\/strong>\u00a0de las comunidades aleda\u00f1as, hacia un pozo de absorci\u00f3n de las aguas.<\/p>\n<p>En la\u00a0<strong>intervenci\u00f3n<\/strong>\u00a0se contempl\u00f3 dentro de un sendero creado por la comunidad de Cabrera, frente a la costa, conectando el nuevo malec\u00f3n con la calle\u00a0<strong>Lorenzo \u00c1lvarez,<\/strong>\u00a0un espacio que no contaba con condiciones adecuadas para la circulaci\u00f3n y uso del \u00e1rea.<\/p>\n<p>El proyecto de construcci\u00f3n incluye, pisos, basureros, bancos y tabletas en hormig\u00f3n, as\u00ed\u00a0 como esculturas, iluminaci\u00f3n, paisajismo, entre otros atractivos.<\/p>\n<\/div>\n","protected":false},"excerpt":{"rendered":"<p>Mar\u00eda Trinidad S\u00e1nchez.- El ministro de Turismo,\u00a0David Collado, inaugur\u00f3 este domingo el\u00a0Paseo Peatonal Tur\u00edstico\u00a0dedicado a la\u00a0m\u00fasica t\u00edpica,\u00a0en este municipio; un punto de inter\u00e9s y de encuentro en la zona, que&hellip; <\/p>\n","protected":false},"author":2,"featured_media":4889,"comment_status":"closed","ping_status":"closed","sticky":false,"template":"","format":"standard","meta":{"fifu_image_url":"https:\/\/i0.wp.com\/presidencia.gob.do\/sites\/default\/files\/styles\/large\/public\/news\/2023-09\/MITUR%20en%20Cabrera.jpg?w=1110&ssl=1","fifu_image_alt":"Ministro de Turismo inaugura sendero peatonal en Cabrera","footnotes":""},"categories":[63],"tags":[],"class_list":["post-4888","post","type-post","status-publish","format-standard","has-post-thumbnail","hentry","category-actualidad"],"_links":{"self":[{"href":"https:\/\/elmundodelapolitica.com\/v1\/wp-json\/wp\/v2\/posts\/4888","targetHints":{"allow":["GET"]}}],"collection":[{"href":"https:\/\/elmundodelapolitica.com\/v1\/wp-json\/wp\/v2\/posts"}],"about":[{"href":"https:\/\/elmundodelapolitica.com\/v1\/wp-json\/wp\/v2\/types\/post"}],"author":[{"embeddable":true,"href":"https:\/\/elmundodelapolitica.com\/v1\/wp-json\/wp\/v2\/users\/2"}],"replies":[{"embeddable":true,"href":"https:\/\/elmundodelapolitica.com\/v1\/wp-json\/wp\/v2\/comments?post=4888"}],"version-history":[{"count":0,"href":"https:\/\/elmundodelapolitica.com\/v1\/wp-json\/wp\/v2\/posts\/4888\/revisions"}],"wp:featuredmedia":[{"embeddable":true,"href":"https:\/\/elmundodelapolitica.com\/v1\/wp-json\/wp\/v2\/media\/4889"}],"wp:attachment":[{"href":"https:\/\/elmundodelapolitica.com\/v1\/wp-json\/wp\/v2\/media?parent=4888"}],"wp:term":[{"taxonomy":"category","embeddable":true,"href":"https:\/\/elmundodelapolitica.com\/v1\/wp-json\/wp\/v2\/categories?post=4888"},{"taxonomy":"post_tag","embeddable":true,"href":"https:\/\/elmundodelapolitica.com\/v1\/wp-json\/wp\/v2\/tags?post=4888"}],"curies":[{"name":"wp","href":"https:\/\/api.w.org\/{rel}","templated":true}]}}