{"id":4863,"date":"2023-09-14T18:54:57","date_gmt":"2023-09-14T22:54:57","guid":{"rendered":"https:\/\/elmundodelapolitica.com\/v1\/?p=4863"},"modified":"2023-09-14T18:54:58","modified_gmt":"2023-09-14T22:54:58","slug":"leonel-fernandez-comienza-una-gira-politica-por-estados-unidos","status":"publish","type":"post","link":"https:\/\/elmundodelapolitica.com\/v1\/leonel-fernandez-comienza-una-gira-politica-por-estados-unidos\/","title":{"rendered":"Leonel Fern\u00e1ndez comienza una gira pol\u00edtica por Estados Unidos"},"content":{"rendered":"\n<p>Santo Domingo, 14 sep.- El presidente de la Fuerza del Pueblo Leonel Fern\u00e1ndez viaj\u00f3 este martes a Miami, Estados Unidos, para iniciar un recorrido por diversas ciudades de ese pa\u00eds, donde participar\u00e1 en eventos pol\u00edticos y acad\u00e9micos, inform\u00f3 su oficina.<\/p>\n\n\n<div class=\"wp-block-image\">\n<figure class=\"aligncenter size-large\"><img decoding=\"async\" src=\"https:\/\/almomento.net\/wp-content\/uploads\/2023\/09\/c38f7734-640a-41eb-b587-5726ff0f0276.jpeg\" alt=\"\"\/><\/figure>\n<\/div>\n\n\n<p>Fern\u00e1ndez permanecer\u00e1 en Miami hasta el jueves participando en varias actividades de la Fundaci\u00f3n Global Democracia y Desarrollo (Funglode), de la cual es fundador y presidente. El jueves tambi\u00e9n sostendr\u00e1 un encuentro de trabajo con la Direcci\u00f3n Estatal de la Fuerza del Pueblo en la Florida.<\/p>\n\n\n\n<p>A partir del viernes, iniciar\u00e1 una intensa agenda de contactos con la comunidad dominicana radicada en Pensilvania, Nueva Jersey y Nueva York.<\/p>\n\n\n\n<p>Entre las actividades en las que participar\u00e1 Fern\u00e1ndez est\u00e1 un encuentro con el gobernador de Pensilvania, Josh Shapiro, asegur\u00f3 la informaci\u00f3n.<\/p>\n\n\n<div class=\"wp-block-image\">\n<figure class=\"aligncenter size-large\"><img decoding=\"async\" src=\"https:\/\/almomento.net\/wp-content\/uploads\/2023\/09\/737e4f55-a571-4fe0-9176-5ddb8eb8db1e-1024x682.jpeg\" alt=\"\"\/><\/figure>\n<\/div>\n\n\n<p>El s\u00e1bado venidero, Fern\u00e1ndez asistir\u00e1 a un conversatorio con comunicadores del Estado de Nueva York y luego se reunir\u00e1 con l\u00edderes del sistema escolar, en su mayor\u00eda dominicanos, que ocupan \u00abimportantes puestos\u00bb.<\/p>\n\n\n\n<p>De acuerdo al comunicado, en la ciudad de Nueva York el pol\u00edtico inaugurar\u00e1 un nuevo local de la Fuerza del Pueblo y juramentar\u00e1 a exdirigentes y miembros del oficialista Partido Revolucionario Moderno (PRM).<\/p>\n\n\n\n<p>Fern\u00e1ndez tambi\u00e9n participar\u00e1 en las actividades acad\u00e9micas que organiza Funglode cada a\u00f1o; se reunir\u00e1 con comerciantes y dirigentes de la comunidad de Perth Amboy, en Nueva Jersey, y con taxistas dominicanos de Nueva York. En esa ciudad, visitar\u00e1 la zona de Long Island.<\/p>\n","protected":false},"excerpt":{"rendered":"<p>Santo Domingo, 14 sep.- El presidente de la Fuerza del Pueblo Leonel Fern\u00e1ndez viaj\u00f3 este martes a Miami, Estados Unidos, para iniciar un recorrido por diversas ciudades de ese pa\u00eds,&hellip; <\/p>\n","protected":false},"author":2,"featured_media":4864,"comment_status":"open","ping_status":"open","sticky":false,"template":"","format":"standard","meta":{"fifu_image_url":"","fifu_image_alt":"","footnotes":""},"categories":[63],"tags":[],"class_list":["post-4863","post","type-post","status-publish","format-standard","has-post-thumbnail","hentry","category-actualidad"],"_links":{"self":[{"href":"https:\/\/elmundodelapolitica.com\/v1\/wp-json\/wp\/v2\/posts\/4863","targetHints":{"allow":["GET"]}}],"collection":[{"href":"https:\/\/elmundodelapolitica.com\/v1\/wp-json\/wp\/v2\/posts"}],"about":[{"href":"https:\/\/elmundodelapolitica.com\/v1\/wp-json\/wp\/v2\/types\/post"}],"author":[{"embeddable":true,"href":"https:\/\/elmundodelapolitica.com\/v1\/wp-json\/wp\/v2\/users\/2"}],"replies":[{"embeddable":true,"href":"https:\/\/elmundodelapolitica.com\/v1\/wp-json\/wp\/v2\/comments?post=4863"}],"version-history":[{"count":1,"href":"https:\/\/elmundodelapolitica.com\/v1\/wp-json\/wp\/v2\/posts\/4863\/revisions"}],"predecessor-version":[{"id":4865,"href":"https:\/\/elmundodelapolitica.com\/v1\/wp-json\/wp\/v2\/posts\/4863\/revisions\/4865"}],"wp:featuredmedia":[{"embeddable":true,"href":"https:\/\/elmundodelapolitica.com\/v1\/wp-json\/wp\/v2\/media\/4864"}],"wp:attachment":[{"href":"https:\/\/elmundodelapolitica.com\/v1\/wp-json\/wp\/v2\/media?parent=4863"}],"wp:term":[{"taxonomy":"category","embeddable":true,"href":"https:\/\/elmundodelapolitica.com\/v1\/wp-json\/wp\/v2\/categories?post=4863"},{"taxonomy":"post_tag","embeddable":true,"href":"https:\/\/elmundodelapolitica.com\/v1\/wp-json\/wp\/v2\/tags?post=4863"}],"curies":[{"name":"wp","href":"https:\/\/api.w.org\/{rel}","templated":true}]}}