{"id":4852,"date":"2023-09-14T10:56:17","date_gmt":"2023-09-14T14:56:17","guid":{"rendered":"https:\/\/elmundodelapolitica.com\/v1\/?p=4852"},"modified":"2023-09-14T10:56:17","modified_gmt":"2023-09-14T14:56:17","slug":"ministro-almonte-destaca-la-transparencia-regulatoria-y-los-nuevos-proyectos-energeticos","status":"publish","type":"post","link":"https:\/\/elmundodelapolitica.com\/v1\/ministro-almonte-destaca-la-transparencia-regulatoria-y-los-nuevos-proyectos-energeticos\/","title":{"rendered":"Ministro Almonte destaca la transparencia regulatoria y los nuevos proyectos energ\u00e9ticos"},"content":{"rendered":"<div>\n<p>Santo Domingo.-\u00a0<strong>El ministro de Energ\u00eda y Minas (MEM), Antonio Almonte<\/strong>, destac\u00f3 la importancia de las medidas adoptadas por el Gobierno para el\u00a0<strong>impulso de las energ\u00edas limpias\u00a0<\/strong>y enumer\u00f3 aquellas acciones que garantizan la\u00a0<strong>seguridad jur\u00eddica<\/strong>\u00a0y fomentan la\u00a0<strong>inversi\u00f3n privada<\/strong>\u00a0en el sector.\u00a0<\/p>\n<div class=\"wp-block-image\">\n<figure class=\"aligncenter size-large\"><img data-attachment-id=\"32254\" data-permalink=\"https:\/\/elmundodelosnegocios.com.do\/v1\/index.php\/2023\/09\/14\/ministro-almonte-destaca-la-transparencia-regulatoria-y-los-nuevos-proyectos-energeticos\/000b-4-2\/\" data-orig-file=\"https:\/\/i0.wp.com\/elmundodelosnegocios.com.do\/v1\/wp-content\/uploads\/2023\/09\/000b-4.jpg?fit=1300%2C731&amp;ssl=1\" data-orig-size=\"1300,731\" data-comments-opened=\"0\" data-image-meta='{\"aperture\":\"0\",\"credit\":\"\",\"camera\":\"\",\"caption\":\"\",\"created_timestamp\":\"0\",\"copyright\":\"\",\"focal_length\":\"0\",\"iso\":\"0\",\"shutter_speed\":\"0\",\"title\":\"\",\"orientation\":\"0\"}' data-image-title=\"000b-4\" data-image-description=\"\" data-image-caption=\"\" data-medium-file=\"https:\/\/i0.wp.com\/elmundodelosnegocios.com.do\/v1\/wp-content\/uploads\/2023\/09\/000b-4.jpg?fit=300%2C169&amp;ssl=1\" data-large-file=\"https:\/\/i0.wp.com\/elmundodelosnegocios.com.do\/v1\/wp-content\/uploads\/2023\/09\/000b-4.jpg?fit=1024%2C576&amp;ssl=1\" decoding=\"async\" loading=\"lazy\" width=\"1024\" height=\"576\" src=\"https:\/\/i0.wp.com\/elmundodelosnegocios.com.do\/v1\/wp-content\/uploads\/2023\/09\/000b-4-1024x576.jpg?resize=1024,576&amp;ssl=1\" alt=\"\" class=\"wp-image-32254\" srcset=\"https:\/\/i0.wp.com\/elmundodelosnegocios.com.do\/v1\/wp-content\/uploads\/2023\/09\/000b-4.jpg?resize=1024%2C576&amp;ssl=1 1024w, https:\/\/i0.wp.com\/elmundodelosnegocios.com.do\/v1\/wp-content\/uploads\/2023\/09\/000b-4.jpg?resize=300%2C169&amp;ssl=1 300w, https:\/\/i0.wp.com\/elmundodelosnegocios.com.do\/v1\/wp-content\/uploads\/2023\/09\/000b-4.jpg?resize=768%2C432&amp;ssl=1 768w, https:\/\/i0.wp.com\/elmundodelosnegocios.com.do\/v1\/wp-content\/uploads\/2023\/09\/000b-4.jpg?w=1300&amp;ssl=1 1300w\" sizes=\"auto, (max-width: 1024px) 100vw, 1024px\" data-recalc-dims=\"1\"><\/figure>\n<\/div>\n<p>Adem\u00e1s,\u00a0<strong>sostuvo la importancia de revisar el marco normativo establecido en 2007 y adecuarlo a la nueva realidad del mercado energ\u00e9tico global\u00a0<\/strong>que ha mejorado la competencia en materias como la\u00a0<strong>energ\u00eda e\u00f3lica y solar.<\/strong>\u00a0Insisti\u00f3 en la necesidad de revisar sus incentivos sin que esta medida frene la expansi\u00f3n renovable y defendi\u00f3 que cualquier actualizaci\u00f3n regulatoria debe ser el producto de un\u00a0<strong>amplio consenso social<\/strong>.<\/p>\n<p><em>\u201cEstos incentivos se establecieron cuando los costos de producci\u00f3n de energ\u00edas limpias eran alt\u00edsimos, pero ya, en los \u00faltimos a\u00f1os, los costos de producci\u00f3n de paneles solares, de turbinas e\u00f3licas y de otros combustibles han ca\u00eddo radicalmente; por consiguiente,, con tan bajo precio de producci\u00f3n hay que revisar cu\u00e1les incentivos se justifica sostener\u201d,<\/em>\u00a0dijo.<\/p>\n<p>Durante el conversatorio\u00a0<strong>\u201cAn\u00e1lisis del estatuto actual de la regulaci\u00f3n vigente en el sector el\u00e9ctrico\u201d<\/strong>, organizado por la Asociaci\u00f3n Dominicana de la Industria El\u00e9ctrica\u00a0<strong>(ADIE),<\/strong>\u00a0el ministro Almonte aclar\u00f3 que estas modificaciones a los incentivos se har\u00e1n\u00a0<strong>sin afectar al desarrollo y a la rentabilidad de los proyectos renovables<\/strong>.\u00a0<\/p>\n<p><em>\u201cSi los costos de producci\u00f3n para producir el kilovatio-hora de energ\u00eda renovable caen estrepitosamente, algunos incentivos van perdiendo sentido, entonces hay que hacer una revisi\u00f3n, porque al final esos incentivos los paga el pueblo dominicano a trav\u00e9s de las tasas impositivas\u201d,<\/em>\u00a0indic\u00f3 el funcionario.<\/p>\n<div class=\"wp-block-image\">\n<figure class=\"aligncenter\"><img decoding=\"async\" src=\"https:\/\/i0.wp.com\/presidencia.gob.do\/sites\/default\/files\/inline-images\/Almonte ADIE 2.jpg?w=1110&amp;ssl=1\" alt=\"\" data-recalc-dims=\"1\"><\/figure>\n<\/div>\n<p>Mantuvo que\u00a0<strong>hay incentivos importantes respecto a las renovables que no pueden ser modificados<\/strong>, entre ellos, la prioridad que tienen los desarrolladores de estos proyectos para\u00a0<strong>vender su energ\u00eda a las Empresas Distribuidoras de Electricidad (EDE).<\/strong><\/p>\n<p>Explic\u00f3 que, una vez obtenida la concesi\u00f3n,\u00a0<strong>el desarrollador del proyecto tiene derecho a conseguir inmediatamente un contrato de compraventa de energ\u00eda<\/strong>. Este tipo de acuerdo permite a los empresarios conseguir el\u00a0<strong>financiamiento<\/strong>\u00a0para la construcci\u00f3n de los proyectos y hace que el pa\u00eds sea un\u00a0<strong>destino muy atractivo tanto para inversionistas locales como extranjeros.<\/strong><\/p>\n<p>Almonte manifest\u00f3 que las \u00faltimas estad\u00edsticas del Banco Central registran que\u00a0<strong>la energ\u00eda lidera la inversi\u00f3n extranjera directa<\/strong>\u00a0y que esto es debido, principalmente, a los proyectos renovables y a las ventajas asociadas a la transparencia gubernamental.<\/p>\n<p>Enfatiz\u00f3 que la revisi\u00f3n de estos incentivos ser\u00e1 producto del di\u00e1logo entre el sector p\u00fablico y privado; esto ayudar\u00e1 al fortalecimiento del marco regulatorio y se traducir\u00e1 en la consolidaci\u00f3n de un\u00a0<strong>sistema energ\u00e9tico m\u00e1s robusto y sostenible.<\/strong><\/p>\n<\/div>\n","protected":false},"excerpt":{"rendered":"<p>Santo Domingo.-\u00a0El ministro de Energ\u00eda y Minas (MEM), Antonio Almonte, destac\u00f3 la importancia de las medidas adoptadas por el Gobierno para el\u00a0impulso de las energ\u00edas limpias\u00a0y enumer\u00f3 aquellas acciones que&hellip; <\/p>\n","protected":false},"author":2,"featured_media":4853,"comment_status":"closed","ping_status":"closed","sticky":false,"template":"","format":"standard","meta":{"fifu_image_url":"https:\/\/i0.wp.com\/elmundodelosnegocios.com.do\/v1\/wp-content\/uploads\/2023\/09\/000b-4-1024x576.jpg?resize=1024,576&ssl=1","fifu_image_alt":"Ministro Almonte destaca la transparencia regulatoria y los nuevos proyectos energ\u00e9ticos","footnotes":""},"categories":[63],"tags":[],"class_list":["post-4852","post","type-post","status-publish","format-standard","has-post-thumbnail","hentry","category-actualidad"],"_links":{"self":[{"href":"https:\/\/elmundodelapolitica.com\/v1\/wp-json\/wp\/v2\/posts\/4852","targetHints":{"allow":["GET"]}}],"collection":[{"href":"https:\/\/elmundodelapolitica.com\/v1\/wp-json\/wp\/v2\/posts"}],"about":[{"href":"https:\/\/elmundodelapolitica.com\/v1\/wp-json\/wp\/v2\/types\/post"}],"author":[{"embeddable":true,"href":"https:\/\/elmundodelapolitica.com\/v1\/wp-json\/wp\/v2\/users\/2"}],"replies":[{"embeddable":true,"href":"https:\/\/elmundodelapolitica.com\/v1\/wp-json\/wp\/v2\/comments?post=4852"}],"version-history":[{"count":0,"href":"https:\/\/elmundodelapolitica.com\/v1\/wp-json\/wp\/v2\/posts\/4852\/revisions"}],"wp:featuredmedia":[{"embeddable":true,"href":"https:\/\/elmundodelapolitica.com\/v1\/wp-json\/wp\/v2\/media\/4853"}],"wp:attachment":[{"href":"https:\/\/elmundodelapolitica.com\/v1\/wp-json\/wp\/v2\/media?parent=4852"}],"wp:term":[{"taxonomy":"category","embeddable":true,"href":"https:\/\/elmundodelapolitica.com\/v1\/wp-json\/wp\/v2\/categories?post=4852"},{"taxonomy":"post_tag","embeddable":true,"href":"https:\/\/elmundodelapolitica.com\/v1\/wp-json\/wp\/v2\/tags?post=4852"}],"curies":[{"name":"wp","href":"https:\/\/api.w.org\/{rel}","templated":true}]}}