{"id":4850,"date":"2023-09-14T10:42:51","date_gmt":"2023-09-14T14:42:51","guid":{"rendered":"https:\/\/elmundodelapolitica.com\/v1\/?p=4850"},"modified":"2023-09-14T10:42:51","modified_gmt":"2023-09-14T14:42:51","slug":"firman-rd-y-brasil-memorandum-de-entendimiento-agricola-y-acuerdo-con-embrapa","status":"publish","type":"post","link":"https:\/\/elmundodelapolitica.com\/v1\/firman-rd-y-brasil-memorandum-de-entendimiento-agricola-y-acuerdo-con-embrapa\/","title":{"rendered":"Firman RD y Brasil memor\u00e1ndum de entendimiento agr\u00edcola y acuerdo con EMBRAPA"},"content":{"rendered":"<div>\n<p>Brasilia.- El Ministro de Agricultura de la Rep\u00fablica Dominicana,\u00a0<strong>Lic. Limber Cruz L\u00f3pez<\/strong>, y el Ministerio de Agricultura de Brasil firmaron un\u00a0<strong>memor\u00e1ndum de entendimiento\u00a0<\/strong>entre ambas instituciones, donde tambi\u00e9n se suscribi\u00f3 una carta de intenciones con la Empresa Brasile\u00f1a de Investigaci\u00f3n Agr\u00edcola<strong>\u00a0(EMBRAPA<\/strong>). Esta alianza fue coordinada con apoyo y respaldo de la embajadora de la Rep\u00fablica Dominicana en la Rep\u00fablica Federativa de Brasil,\u00a0<strong>Patricia Villegas de Jorge<\/strong>.<\/p>\n<div class=\"wp-block-image\">\n<figure class=\"aligncenter size-large\"><img decoding=\"async\" src=\"https:\/\/i0.wp.com\/presidencia.gob.do\/sites\/default\/files\/styles\/large\/public\/news\/2023-09\/Acuerdo Ministerio Agricultura RD Brasil Portada.jpeg?w=1110&amp;ssl=1\" alt=\"\" data-recalc-dims=\"1\"><\/figure>\n<\/div>\n<p>Mediante la suscripci\u00f3n del referido acuerdo, el ministro de Agricultura expres\u00f3 su\u00a0<strong>agradecimiento a las autoridades brasile\u00f1as en nombre del presidente de la Rep\u00fablica Dominicana Luis Abinader<\/strong>, debido a que esto forma parte del plan estrat\u00e9gico que desarrolla su gesti\u00f3n, en favor de poder garantizar la\u00a0<strong>seguridad alimentaria de los dominicanos.<\/strong><\/p>\n<p><em>\u201cParte de nuestro plan de acci\u00f3n, de nuestra gesti\u00f3n, era visitar a Brasil, primero por la visi\u00f3n del mandatario y segundo, que Brasil se ha convertido en un modelo a imitar en el mundo, dado que su vocaci\u00f3n de producci\u00f3n y modelos de tecnolog\u00eda nos hace acercarnos m\u00e1s a afianzar la cooperaci\u00f3n con este pa\u00eds\u201d,<\/em>\u00a0se\u00f1al\u00f3 el ministro.<\/p>\n<p>En ese sentido, las autoridades dominicanas, expresaron la necesidad de afianzar los lazos de cooperaci\u00f3n,\u00a0<strong>en consonancia la visi\u00f3n del presidente de Brasil Luiz Inacio Lula da Silva<\/strong>, quien se ha enfocado en fortalecer las relaciones bilaterales y comerciales con los pa\u00edses de Am\u00e9rica Latina y el Caribe.\u00a0\u00a0<\/p>\n<div class=\"wp-block-image\">\n<figure class=\"aligncenter\"><img decoding=\"async\" src=\"https:\/\/i0.wp.com\/presidencia.gob.do\/sites\/default\/files\/inline-images\/Acuerdo Ministerio Agricultura RD Brasil.png?w=1110&amp;ssl=1\" alt=\"\" data-recalc-dims=\"1\"><\/figure>\n<\/div>\n<p>El convenio instruye a ambas entidades a crear\u00a0<strong>grupos de trabajo para regular las normas sanitarias y fitosanitarias entre ambos pa\u00edses<\/strong>\u00a0y que los productos, tanto de Brasil como de la Rep\u00fablica Dominicana, puedan intercambiarse con mayor facilidad y agilidad. Siguiendo esa misma l\u00ednea, tambi\u00e9n se suscribi\u00f3 un acuerdo con la Empresa Brasile\u00f1a de Investigaciones Agr\u00edcolas, a los fines de poder instalar un\u00a0<strong>hub digital de EMBRAPA en el Caribe<\/strong>\u00a0con sede en la Rep\u00fablica Dominicana.<\/p>\n<p>En la firma del convenio, estuvieron presentes, adem\u00e1s del ministro Limber Cruz L\u00f3pez, la embajadora Patricia Villegas de Jorge; el viceministro de Agricultura, Rafael Ortiz; Rosa Elena Tejada S\u00e1nchez, directora de Cooperaci\u00f3n Internacional del Ministerio de Agricultura; Belkys Yermenos Brache, directora de Promoci\u00f3n e Inversiones del Ministerio de Relaciones Exteriores. Tambi\u00e9n, el ministro consejero, Marino Antonio Castillo Lacay, y el se\u00f1or Gustavo G\u00f3mez Thorman.\u00a0<\/p>\n<p>Por parte de las autoridades brasile\u00f1as estuvieron Iraj\u00e1 Lacerda, del\u00a0 Viceministerio de Agricultura; Clenio Pillon, director ejecutivo de Investigaci\u00f3n e Innovaci\u00f3n EMBRAPA y Marcelo Morandi, director de Relaciones Internacionales EMBRAPA.<\/p>\n<\/div>\n","protected":false},"excerpt":{"rendered":"<p>Brasilia.- El Ministro de Agricultura de la Rep\u00fablica Dominicana,\u00a0Lic. Limber Cruz L\u00f3pez, y el Ministerio de Agricultura de Brasil firmaron un\u00a0memor\u00e1ndum de entendimiento\u00a0entre ambas instituciones, donde tambi\u00e9n se suscribi\u00f3 una&hellip; <\/p>\n","protected":false},"author":2,"featured_media":4851,"comment_status":"closed","ping_status":"closed","sticky":false,"template":"","format":"standard","meta":{"fifu_image_url":"https:\/\/i0.wp.com\/presidencia.gob.do\/sites\/default\/files\/styles\/large\/public\/news\/2023-09\/Acuerdo%20Ministerio%20Agricultura%20RD%20Brasil%20Portada.jpeg?w=1110&ssl=1","fifu_image_alt":"Firman RD y Brasil memor\u00e1ndum de entendimiento agr\u00edcola y acuerdo con EMBRAPA","footnotes":""},"categories":[63],"tags":[],"class_list":["post-4850","post","type-post","status-publish","format-standard","has-post-thumbnail","hentry","category-actualidad"],"_links":{"self":[{"href":"https:\/\/elmundodelapolitica.com\/v1\/wp-json\/wp\/v2\/posts\/4850","targetHints":{"allow":["GET"]}}],"collection":[{"href":"https:\/\/elmundodelapolitica.com\/v1\/wp-json\/wp\/v2\/posts"}],"about":[{"href":"https:\/\/elmundodelapolitica.com\/v1\/wp-json\/wp\/v2\/types\/post"}],"author":[{"embeddable":true,"href":"https:\/\/elmundodelapolitica.com\/v1\/wp-json\/wp\/v2\/users\/2"}],"replies":[{"embeddable":true,"href":"https:\/\/elmundodelapolitica.com\/v1\/wp-json\/wp\/v2\/comments?post=4850"}],"version-history":[{"count":0,"href":"https:\/\/elmundodelapolitica.com\/v1\/wp-json\/wp\/v2\/posts\/4850\/revisions"}],"wp:featuredmedia":[{"embeddable":true,"href":"https:\/\/elmundodelapolitica.com\/v1\/wp-json\/wp\/v2\/media\/4851"}],"wp:attachment":[{"href":"https:\/\/elmundodelapolitica.com\/v1\/wp-json\/wp\/v2\/media?parent=4850"}],"wp:term":[{"taxonomy":"category","embeddable":true,"href":"https:\/\/elmundodelapolitica.com\/v1\/wp-json\/wp\/v2\/categories?post=4850"},{"taxonomy":"post_tag","embeddable":true,"href":"https:\/\/elmundodelapolitica.com\/v1\/wp-json\/wp\/v2\/tags?post=4850"}],"curies":[{"name":"wp","href":"https:\/\/api.w.org\/{rel}","templated":true}]}}