{"id":4839,"date":"2023-09-13T12:55:03","date_gmt":"2023-09-13T16:55:03","guid":{"rendered":"https:\/\/elmundodelapolitica.com\/v1\/?p=4839"},"modified":"2023-09-13T12:55:03","modified_gmt":"2023-09-13T16:55:03","slug":"firman-acuerdo-para-promover-las-inversiones-en-rd-y-alemania","status":"publish","type":"post","link":"https:\/\/elmundodelapolitica.com\/v1\/firman-acuerdo-para-promover-las-inversiones-en-rd-y-alemania\/","title":{"rendered":"Firman acuerdo para promover las inversiones en RD y Alemania"},"content":{"rendered":"<div>\n<p><strong>BERL\u00cdN, ALEMANIA.-\u00a0<\/strong>El ministerio de Industria, Comercio y MIpymes (MICM) y la Asociaci\u00f3n Alemana de Peque\u00f1as y Medianas Empresas (BVMW), firmaron un memorando de entendimiento con el objetivo de establecer un marco para la cooperaci\u00f3n para la promoci\u00f3n de las inversiones entre la Rep\u00fablica Dominicana y la Rep\u00fablica Federal de Alemania.<\/p>\n<div class=\"wp-block-image\">\n<figure class=\"aligncenter size-full\"><img data-attachment-id=\"32232\" data-permalink=\"https:\/\/elmundodelosnegocios.com.do\/v1\/index.php\/2023\/09\/13\/firman-acuerdo-para-promover-las-inversiones-en-rd-y-alemania\/000b-3-2\/\" data-orig-file=\"https:\/\/i0.wp.com\/elmundodelosnegocios.com.do\/v1\/wp-content\/uploads\/2023\/09\/000b-3.jpg?fit=1024%2C404&amp;ssl=1\" data-orig-size=\"1024,404\" data-comments-opened=\"0\" data-image-meta='{\"aperture\":\"0\",\"credit\":\"\",\"camera\":\"\",\"caption\":\"\",\"created_timestamp\":\"0\",\"copyright\":\"\",\"focal_length\":\"0\",\"iso\":\"0\",\"shutter_speed\":\"0\",\"title\":\"\",\"orientation\":\"0\"}' data-image-title=\"000b-3\" data-image-description=\"\" data-image-caption=\"\" data-medium-file=\"https:\/\/i0.wp.com\/elmundodelosnegocios.com.do\/v1\/wp-content\/uploads\/2023\/09\/000b-3.jpg?fit=300%2C118&amp;ssl=1\" data-large-file=\"https:\/\/i0.wp.com\/elmundodelosnegocios.com.do\/v1\/wp-content\/uploads\/2023\/09\/000b-3.jpg?fit=1024%2C404&amp;ssl=1\" decoding=\"async\" loading=\"lazy\" width=\"1024\" height=\"404\" src=\"https:\/\/i0.wp.com\/elmundodelosnegocios.com.do\/v1\/wp-content\/uploads\/2023\/09\/000b-3.jpg?resize=1024,404&amp;ssl=1\" alt=\"\" class=\"wp-image-32232\" srcset=\"https:\/\/i0.wp.com\/elmundodelosnegocios.com.do\/v1\/wp-content\/uploads\/2023\/09\/000b-3.jpg?w=1024&amp;ssl=1 1024w, https:\/\/i0.wp.com\/elmundodelosnegocios.com.do\/v1\/wp-content\/uploads\/2023\/09\/000b-3.jpg?resize=300%2C118&amp;ssl=1 300w, https:\/\/i0.wp.com\/elmundodelosnegocios.com.do\/v1\/wp-content\/uploads\/2023\/09\/000b-3.jpg?resize=768%2C303&amp;ssl=1 768w\" sizes=\"auto, (max-width: 1024px) 100vw, 1024px\" data-recalc-dims=\"1\"><\/figure>\n<\/div>\n<p>El convenio fue firmado por Johannes Kelner, Viceministro de Zonas Francas y Reg\u00edmenes Especiales, en representaci\u00f3n del MICM y Markus Jerger, presidente ejecutivo de la BVMW y tendr\u00e1 una duraci\u00f3n de dos a\u00f1os.<\/p>\n<div class=\"wp-block-image\">\n<figure class=\"aligncenter\"><img decoding=\"async\" src=\"https:\/\/i0.wp.com\/micm.gob.do\/wp-content\/uploads\/2023\/09\/El-MICM-y-la-BVMW-firman-acuerdo-02-846x1024.jpeg?resize=846,1024&amp;ssl=1\" alt=\"\" class=\"wp-image-5559\" data-recalc-dims=\"1\"><\/figure>\n<\/div>\n<p>El memorando tambi\u00e9n contempla estrechar el di\u00e1logo entre las dos naciones para garantizar un enfoque coherente e identificar \u00e1mbitos de ventajas comparativas, competencia y complementariedad, considerando como eje fundamental la importancia estrat\u00e9gica de la cooperaci\u00f3n para la promoci\u00f3n y facilitaci\u00f3n de las inversiones entre ambos pa\u00edses.<\/p>\n<p>El viceministro Kelner explic\u00f3 que entre las actividades a realizar se encuentra el intercambio regular de informaci\u00f3n sobre pol\u00edticas, normas, reglamentos, procedimientos, incentivos y oportunidades de inversi\u00f3n, as\u00ed como actualizaciones generales sobre estad\u00edsticas y datos comerciales relativos a la Rep\u00fablica Federal de Alemania y la Rep\u00fablica Dominicana.<\/p>\n<p>Asimismo, la colaboraci\u00f3n mutua para apoyar el intercambio de experiencia t\u00e9cnica, conocimientos y oportunidades de formaci\u00f3n entre sus respectivos miembros en el campo de la inversi\u00f3n y el esp\u00edritu empresarial.<\/p>\n<p>El acuerdo, firmado el pasado 13 de septiembre en la Ciudad de Berl\u00edn, Rep\u00fablica Federal de Alemania, tambi\u00e9n implica intercambiar conocimientos t\u00e9cnicos e informaci\u00f3n pertinente, cuando proceda, sobre la organizaci\u00f3n de exposiciones y ferias de inversi\u00f3n.<\/p>\n<p>Ambas partes proporcionar\u00e1n informaci\u00f3n relevante sobre el mercado, realizar\u00e1n contactos comerciales y facilitar\u00e1n la introducci\u00f3n de misiones visitadoras a representantes de las industrias pertinentes.<\/p>\n<p><strong>Sobre la Asociaci\u00f3n Alemana de Peque\u00f1as y Medianas Empresas<\/strong><\/p>\n<p>\u00a0La Asociaci\u00f3n Alemana de las Peque\u00f1as y Medianas Empresas (BVMW) fue creada en Bonn en 1975. Es una organizaci\u00f3n pol\u00edticamente neutral, que comprende todas las peque\u00f1as y medianas empresas (PME) y peque\u00f1as y medianas industrias (PMI) de todas las ramas y profesiones; Representa los intereses de las peque\u00f1as y medianas empresas en la pol\u00edtica, ante las autoridades administrativas, los sindicatos y las grandes empresas.<\/p>\n<p>Las empresas medianas, que son alrededor de 3,3 millones de empresas individuales, son la columna vertebral y el impulso de la econom\u00eda alemana, y la Asociaci\u00f3n BVMW crea una plataforma para las opiniones y perspectivas de estas empresas a nivel nacional.<\/p>\n<p>Como asociaci\u00f3n que representa los intereses de las peque\u00f1as y medianas empresas, la BVMW representa a m\u00e1s de 30 asociaciones medianas con un total de 900.000 miembros en Alemania.<\/p>\n<\/div>\n","protected":false},"excerpt":{"rendered":"<p>BERL\u00cdN, ALEMANIA.-\u00a0El ministerio de Industria, Comercio y MIpymes (MICM) y la Asociaci\u00f3n Alemana de Peque\u00f1as y Medianas Empresas (BVMW), firmaron un memorando de entendimiento con el objetivo de establecer un&hellip; <\/p>\n","protected":false},"author":2,"featured_media":4840,"comment_status":"closed","ping_status":"closed","sticky":false,"template":"","format":"standard","meta":{"fifu_image_url":"https:\/\/i0.wp.com\/elmundodelosnegocios.com.do\/v1\/wp-content\/uploads\/2023\/09\/000b-3.jpg?resize=1024,404&ssl=1","fifu_image_alt":"Firman acuerdo para promover las inversiones en RD y Alemania","footnotes":""},"categories":[63],"tags":[],"class_list":["post-4839","post","type-post","status-publish","format-standard","has-post-thumbnail","hentry","category-actualidad"],"_links":{"self":[{"href":"https:\/\/elmundodelapolitica.com\/v1\/wp-json\/wp\/v2\/posts\/4839","targetHints":{"allow":["GET"]}}],"collection":[{"href":"https:\/\/elmundodelapolitica.com\/v1\/wp-json\/wp\/v2\/posts"}],"about":[{"href":"https:\/\/elmundodelapolitica.com\/v1\/wp-json\/wp\/v2\/types\/post"}],"author":[{"embeddable":true,"href":"https:\/\/elmundodelapolitica.com\/v1\/wp-json\/wp\/v2\/users\/2"}],"replies":[{"embeddable":true,"href":"https:\/\/elmundodelapolitica.com\/v1\/wp-json\/wp\/v2\/comments?post=4839"}],"version-history":[{"count":0,"href":"https:\/\/elmundodelapolitica.com\/v1\/wp-json\/wp\/v2\/posts\/4839\/revisions"}],"wp:featuredmedia":[{"embeddable":true,"href":"https:\/\/elmundodelapolitica.com\/v1\/wp-json\/wp\/v2\/media\/4840"}],"wp:attachment":[{"href":"https:\/\/elmundodelapolitica.com\/v1\/wp-json\/wp\/v2\/media?parent=4839"}],"wp:term":[{"taxonomy":"category","embeddable":true,"href":"https:\/\/elmundodelapolitica.com\/v1\/wp-json\/wp\/v2\/categories?post=4839"},{"taxonomy":"post_tag","embeddable":true,"href":"https:\/\/elmundodelapolitica.com\/v1\/wp-json\/wp\/v2\/tags?post=4839"}],"curies":[{"name":"wp","href":"https:\/\/api.w.org\/{rel}","templated":true}]}}