{"id":4835,"date":"2023-09-13T12:42:40","date_gmt":"2023-09-13T16:42:40","guid":{"rendered":"https:\/\/elmundodelapolitica.com\/v1\/?p=4835"},"modified":"2023-09-13T12:42:40","modified_gmt":"2023-09-13T16:42:40","slug":"demanda-de-energia-alcanza-record-de-3500-megavatios-el-gobierno-adopta-medidas-para-cubrir-demanda","status":"publish","type":"post","link":"https:\/\/elmundodelapolitica.com\/v1\/demanda-de-energia-alcanza-record-de-3500-megavatios-el-gobierno-adopta-medidas-para-cubrir-demanda\/","title":{"rendered":"Demanda de energ\u00eda alcanza r\u00e9cord de 3,500 megavatios; el Gobierno adopta medidas para cubrir demanda"},"content":{"rendered":"<div>\n<p>Santo Domingo.- En la noche del lunes se registr\u00f3 un\u00a0<strong>nuevo r\u00e9cord de demanda de energ\u00eda el\u00e9ctrica<\/strong>\u00a0en el pa\u00eds, al alcanzar los\u00a0<strong>3,500 megavatios (MW)<\/strong>, inform\u00f3 el Ministerio de Energ\u00eda y Minas\u00a0<strong>(MEM).<\/strong>\u00a0Esta cifra representa un\u00a0<strong>incremento del 10.23 %<\/strong>\u00a0en comparaci\u00f3n con el a\u00f1o 2022.<\/p>\n<div class=\"wp-block-image\">\n<figure class=\"aligncenter size-large\"><img decoding=\"async\" src=\"https:\/\/i0.wp.com\/presidencia.gob.do\/sites\/default\/files\/styles\/large\/public\/news\/2023-09\/Fachada Ministerio de Energ\u00eda y Minas .jpeg?w=1110&amp;ssl=1\" alt=\"\" data-recalc-dims=\"1\"><\/figure>\n<\/div>\n<p><strong>El titular del MEM, Antonio Almonte<\/strong>, indic\u00f3 que el pico de demanda se produjo a las 9:00 p.m. y se\u00f1al\u00f3 que, desde el a\u00f1o 2022 hasta el 2023,\u00a0<strong>la demanda ha crecido en 325 MW, a causa del desarrollo econ\u00f3mico, social y productivo que experimenta la naci\u00f3n,<\/strong>\u00a0afirm\u00f3.\u00a0<\/p>\n<p>Record\u00f3 adem\u00e1s otras dos ocasiones en las que la demanda ha superado los niveles hist\u00f3ricos, el 28 de septiembre de 2021 con 3,161 MW y el 16 de septiembre de 2022 con 3,175 MW.<\/p>\n<p>Asimismo, destac\u00f3 que el<strong>\u00a0Gobierno ha adoptado medidas para garantizar el abastecimiento de energ\u00eda<\/strong>\u00a0a todos los sectores, tanto residenciales como industriales y comerciales. Entre las acciones realizadas se encuentran la incorporaci\u00f3n al sistema el\u00e9ctrico nacional de\u00a0<strong>368 MW provenientes de fuentes de combustibles f\u00f3siles y de 1,812 MW provenientes de proyectos de energ\u00eda renovables<\/strong>, como resultado de 34 contratos de compra firmados durante los \u00faltimos tres a\u00f1os, de los cuales\u00a0<strong>11 ya est\u00e1n en operaci\u00f3n comercial.<\/strong><\/p>\n<div class=\"wp-block-image\">\n<figure class=\"aligncenter is-resized\"><img decoding=\"async\" loading=\"lazy\" src=\"https:\/\/i0.wp.com\/presidencia.gob.do\/sites\/default\/files\/inline-images\/Reedes.jpg?resize=835,626&amp;ssl=1\" alt=\"\" width=\"835\" height=\"626\" data-recalc-dims=\"1\"><\/figure>\n<\/div>\n<p>De igual manera, se ha elaborado y puesto en marcha un\u00a0<strong>plan de construcci\u00f3n de plantas el\u00e9ctricas<\/strong>, con el fin de proveer al sistema local de suficiente capacidad para\u00a0<strong>satisfacer la demanda<\/strong>\u00a0energ\u00e9tica con proyecci\u00f3n al futuro\u00a0<strong>y mantener una reserva<\/strong>\u00a0en caso de una contingencia.<\/p>\n<p>El ministro Almonte reiter\u00f3\u00a0<strong>el compromiso del Gobierno del presidente Luis Abinader con el desarrollo sostenible del pa\u00eds<\/strong>\u00a0y con la transici\u00f3n hacia una matriz energ\u00e9tica m\u00e1s limpia, diversificada y competitiva.<\/p>\n<\/div>\n","protected":false},"excerpt":{"rendered":"<p>Santo Domingo.- En la noche del lunes se registr\u00f3 un\u00a0nuevo r\u00e9cord de demanda de energ\u00eda el\u00e9ctrica\u00a0en el pa\u00eds, al alcanzar los\u00a03,500 megavatios (MW), inform\u00f3 el Ministerio de Energ\u00eda y Minas\u00a0(MEM).\u00a0Esta&hellip; <\/p>\n","protected":false},"author":2,"featured_media":4836,"comment_status":"closed","ping_status":"closed","sticky":false,"template":"","format":"standard","meta":{"fifu_image_url":"https:\/\/i0.wp.com\/presidencia.gob.do\/sites\/default\/files\/styles\/large\/public\/news\/2023-09\/Fachada%20Ministerio%20de%20Energ\u00eda%20y%20Minas%20.jpeg?w=1110&ssl=1","fifu_image_alt":"Demanda de energ\u00eda alcanza r\u00e9cord de 3,500 megavatios; el Gobierno adopta medidas para cubrir demanda","footnotes":""},"categories":[63],"tags":[],"class_list":["post-4835","post","type-post","status-publish","format-standard","has-post-thumbnail","hentry","category-actualidad"],"_links":{"self":[{"href":"https:\/\/elmundodelapolitica.com\/v1\/wp-json\/wp\/v2\/posts\/4835","targetHints":{"allow":["GET"]}}],"collection":[{"href":"https:\/\/elmundodelapolitica.com\/v1\/wp-json\/wp\/v2\/posts"}],"about":[{"href":"https:\/\/elmundodelapolitica.com\/v1\/wp-json\/wp\/v2\/types\/post"}],"author":[{"embeddable":true,"href":"https:\/\/elmundodelapolitica.com\/v1\/wp-json\/wp\/v2\/users\/2"}],"replies":[{"embeddable":true,"href":"https:\/\/elmundodelapolitica.com\/v1\/wp-json\/wp\/v2\/comments?post=4835"}],"version-history":[{"count":0,"href":"https:\/\/elmundodelapolitica.com\/v1\/wp-json\/wp\/v2\/posts\/4835\/revisions"}],"wp:featuredmedia":[{"embeddable":true,"href":"https:\/\/elmundodelapolitica.com\/v1\/wp-json\/wp\/v2\/media\/4836"}],"wp:attachment":[{"href":"https:\/\/elmundodelapolitica.com\/v1\/wp-json\/wp\/v2\/media?parent=4835"}],"wp:term":[{"taxonomy":"category","embeddable":true,"href":"https:\/\/elmundodelapolitica.com\/v1\/wp-json\/wp\/v2\/categories?post=4835"},{"taxonomy":"post_tag","embeddable":true,"href":"https:\/\/elmundodelapolitica.com\/v1\/wp-json\/wp\/v2\/tags?post=4835"}],"curies":[{"name":"wp","href":"https:\/\/api.w.org\/{rel}","templated":true}]}}