{"id":4826,"date":"2023-09-12T16:48:22","date_gmt":"2023-09-12T20:48:22","guid":{"rendered":"https:\/\/elmundodelapolitica.com\/v1\/?p=4826"},"modified":"2023-09-12T16:48:22","modified_gmt":"2023-09-12T20:48:22","slug":"aseguradoras-vendieron-rd-65000-millones-en-primas-netas-de-enero-a-julio-con-un-crecimiento-de-17","status":"publish","type":"post","link":"https:\/\/elmundodelapolitica.com\/v1\/aseguradoras-vendieron-rd-65000-millones-en-primas-netas-de-enero-a-julio-con-un-crecimiento-de-17\/","title":{"rendered":"Aseguradoras vendieron RD 65,000 millones en primas netas de enero a julio, con un crecimiento de 17 %"},"content":{"rendered":"<div>\n<p>Santo Domingo.-\u00a0<strong>La Superintendente de Seguros, Josefa Castillo Rodr\u00edguez<\/strong>, inform\u00f3 que el\u00a0<strong>crecimiento del sector asegurador<\/strong>, en t\u00e9rminos de las primas netas cobradas (PNC) fue de un\u00a0<strong>17 %<\/strong>\u00a0en el per\u00edodo de enero a julio de este a\u00f1o, en comparaci\u00f3n con igual per\u00edodo del 2022, reportando un monto que sobrepasa los\u00a0<strong>65,000 millones\u00a0<\/strong>de pesos dominicanos.\u00a0<\/p>\n<figure class=\"wp-block-image size-large\"><img loading=\"lazy\" data-attachment-id=\"32209\" data-permalink=\"https:\/\/elmundodelosnegocios.com.do\/v1\/index.php\/2023\/09\/12\/aseguradoras-vendieron-rd-65000-millones-en-primas-netas-de-enero-a-julio-con-un-crecimiento-de-17\/000d-2\/\" data-orig-file=\"https:\/\/i0.wp.com\/elmundodelosnegocios.com.do\/v1\/wp-content\/uploads\/2023\/09\/000D.png?fit=1300%2C731&amp;ssl=1\" data-orig-size=\"1300,731\" data-comments-opened=\"0\" data-image-meta='{\"aperture\":\"0\",\"credit\":\"\",\"camera\":\"\",\"caption\":\"\",\"created_timestamp\":\"0\",\"copyright\":\"\",\"focal_length\":\"0\",\"iso\":\"0\",\"shutter_speed\":\"0\",\"title\":\"\",\"orientation\":\"0\"}' data-image-title=\"000D\" data-image-description=\"\" data-image-caption=\"\" data-medium-file=\"https:\/\/i0.wp.com\/elmundodelosnegocios.com.do\/v1\/wp-content\/uploads\/2023\/09\/000D.png?fit=300%2C169&amp;ssl=1\" data-large-file=\"https:\/\/i0.wp.com\/elmundodelosnegocios.com.do\/v1\/wp-content\/uploads\/2023\/09\/000D.png?fit=1024%2C576&amp;ssl=1\" decoding=\"async\" width=\"1024\" height=\"576\" src=\"https:\/\/i0.wp.com\/elmundodelosnegocios.com.do\/v1\/wp-content\/uploads\/2023\/09\/000D.png?resize=1024,576\" alt=\"\" class=\"wp-image-32209\" srcset=\"https:\/\/i0.wp.com\/elmundodelosnegocios.com.do\/v1\/wp-content\/uploads\/2023\/09\/000D.png?resize=1024,576&amp;ssl=1 1024w, https:\/\/i0.wp.com\/elmundodelosnegocios.com.do\/v1\/wp-content\/uploads\/2023\/09\/000D.png?resize=300%2C169&amp;ssl=1 300w, https:\/\/i0.wp.com\/elmundodelosnegocios.com.do\/v1\/wp-content\/uploads\/2023\/09\/000D.png?resize=768%2C432&amp;ssl=1 768w, https:\/\/i0.wp.com\/elmundodelosnegocios.com.do\/v1\/wp-content\/uploads\/2023\/09\/000D.png?w=1300&amp;ssl=1 1300w\" sizes=\"auto, (max-width: 1024px) 100vw, 1024px\" data-recalc-dims=\"1\"><\/figure>\n<p>La funcionaria dijo que, con este dato revelado, se demuestra la\u00a0<strong>fortaleza y sostenibilidad\u00a0<\/strong>del mercado asegurador dominicano, gracias al clima de confianza y a la\u00a0<strong>estabilidad econ\u00f3mica\u00a0<\/strong>lograda por la gesti\u00f3n de Gobierno del presidente de la Rep\u00fablica,\u00a0<strong>Luis Abinader Corona<\/strong>, sumado a una efectiva supervisi\u00f3n y regulaci\u00f3n basada en riesgos, implementada por la instituci\u00f3n que dirige.\u00a0<\/p>\n<p>Explic\u00f3 que las primas netas cobradas en el per\u00edodo mencionado experimentaron un aumento de\u00a0<strong>9,590 millones de pesos<\/strong>, en comparaci\u00f3n con el mismo periodo del pasado a\u00f1o, lo que asegur\u00f3, es una cifra muy significativa.<\/p>\n<figure class=\"wp-block-image\"><img decoding=\"async\" src=\"https:\/\/i0.wp.com\/presidencia.gob.do\/sites\/default\/files\/inline-images\/Primas Netas Cobradas julio 2023.jpg?w=1110&amp;ssl=1\" alt=\"\" data-recalc-dims=\"1\"><\/figure>\n<p>En cuanto a las primas netas cobradas seg\u00fan los ramos de seguros, la superintendente de Seguros dijo que, Incendios y Aliados tuvo cobros por 17,341 millones de pesos, para posicionarse en primer lugar; seguido de Salud, con 15,837 millones de pesos, en segundo lugar; Veh\u00edculos de Motor, en tercer lugar con 14,134 millones de pesos; el cuarto lugar para Vida,\u00a0 tanto Individual como Colectivo, con 10,202 millones de pesos, y el quinto lugar para Otros Seguros, con 4,176 millones de pesos.<\/p>\n<p>Le sigue en sexto lugar, el ramo de Fianzas, con 1,281 millones de pesos; en el s\u00e9ptimo lugar, Transporte de Cargas, con 849 millones de pesos; el octavo lugar para Naves Mar\u00edtimas y A\u00e9reas, con 669 millones de pesos; Agr\u00edcola y Pecuario en noveno lugar, con 482 millones de pesos y el d\u00e9cimo lugar, para Accidentes Personales, con 421 millones de pesos cobrados en primas netas.\u00a0<\/p>\n<p>En relaci\u00f3n con el posicionamiento de las compa\u00f1\u00edas de seguros, seg\u00fan el comportamiento de las primas netas cobradas reportadas a la Direcci\u00f3n de Estudios del Sector Seguros de esa instituci\u00f3n, la primera posici\u00f3n la obtuvo Seguros Universal, con un 22.7 % de participaci\u00f3n, seguido de Seguros Reservas con un 15.9 %, para la segunda posici\u00f3n. La tercera posici\u00f3n la ocup\u00f3 Humano Seguros, con un 15.0 %, mientras que, en el cuarto lugar se ubica a Mapfre BHD Seguros, con 10.7 %, y en el quinto lugar, La Colonial de Seguros, con un 8.2 % de participaci\u00f3n.<\/p>\n<p>Igualmente, en el sexto lugar estuvo Seguros Sura, con un 6.8 %; en el s\u00e9ptimo lugar, Seguros Crecer, con un 3.4 %; en la octava posici\u00f3n, Worldwide Seguros, con 3.0 %; General de Seguros, en novena posici\u00f3n, con 2.3 %, y Seguros Pep\u00edn, en la d\u00e9cima posici\u00f3n, con 1.4 %.<\/p>\n<p>La funcionaria destac\u00f3 que\u00a0<strong>esas\u00a0<\/strong>10 empresas<strong>\u00a0concentraron 90 % de las primas netas cobradas\u00a0<\/strong>(PNC) entre enero y julio del presente a\u00f1o.<\/p>\n<\/div>\n","protected":false},"excerpt":{"rendered":"<p>Santo Domingo.-\u00a0La Superintendente de Seguros, Josefa Castillo Rodr\u00edguez, inform\u00f3 que el\u00a0crecimiento del sector asegurador, en t\u00e9rminos de las primas netas cobradas (PNC) fue de un\u00a017 %\u00a0en el per\u00edodo de enero&hellip; <\/p>\n","protected":false},"author":2,"featured_media":4827,"comment_status":"closed","ping_status":"closed","sticky":false,"template":"","format":"standard","meta":{"fifu_image_url":"https:\/\/i0.wp.com\/elmundodelosnegocios.com.do\/v1\/wp-content\/uploads\/2023\/09\/000D.png?resize=1024,576","fifu_image_alt":"Aseguradoras vendieron RD 65,000 millones en primas netas de enero a julio, con un crecimiento de 17 %","footnotes":""},"categories":[63],"tags":[],"class_list":["post-4826","post","type-post","status-publish","format-standard","has-post-thumbnail","hentry","category-actualidad"],"_links":{"self":[{"href":"https:\/\/elmundodelapolitica.com\/v1\/wp-json\/wp\/v2\/posts\/4826","targetHints":{"allow":["GET"]}}],"collection":[{"href":"https:\/\/elmundodelapolitica.com\/v1\/wp-json\/wp\/v2\/posts"}],"about":[{"href":"https:\/\/elmundodelapolitica.com\/v1\/wp-json\/wp\/v2\/types\/post"}],"author":[{"embeddable":true,"href":"https:\/\/elmundodelapolitica.com\/v1\/wp-json\/wp\/v2\/users\/2"}],"replies":[{"embeddable":true,"href":"https:\/\/elmundodelapolitica.com\/v1\/wp-json\/wp\/v2\/comments?post=4826"}],"version-history":[{"count":0,"href":"https:\/\/elmundodelapolitica.com\/v1\/wp-json\/wp\/v2\/posts\/4826\/revisions"}],"wp:featuredmedia":[{"embeddable":true,"href":"https:\/\/elmundodelapolitica.com\/v1\/wp-json\/wp\/v2\/media\/4827"}],"wp:attachment":[{"href":"https:\/\/elmundodelapolitica.com\/v1\/wp-json\/wp\/v2\/media?parent=4826"}],"wp:term":[{"taxonomy":"category","embeddable":true,"href":"https:\/\/elmundodelapolitica.com\/v1\/wp-json\/wp\/v2\/categories?post=4826"},{"taxonomy":"post_tag","embeddable":true,"href":"https:\/\/elmundodelapolitica.com\/v1\/wp-json\/wp\/v2\/tags?post=4826"}],"curies":[{"name":"wp","href":"https:\/\/api.w.org\/{rel}","templated":true}]}}