{"id":4824,"date":"2023-09-12T16:43:33","date_gmt":"2023-09-12T20:43:33","guid":{"rendered":"https:\/\/elmundodelapolitica.com\/v1\/?p=4824"},"modified":"2023-09-12T16:43:33","modified_gmt":"2023-09-12T20:43:33","slug":"idac-junto-con-experta-en-plan-de-compensacion-y-reduccion-de-carbono-para-la-aviacion-internacional-evaluan-politica-ambiental-y-gestion-de-calidad-en-rd","status":"publish","type":"post","link":"https:\/\/elmundodelapolitica.com\/v1\/idac-junto-con-experta-en-plan-de-compensacion-y-reduccion-de-carbono-para-la-aviacion-internacional-evaluan-politica-ambiental-y-gestion-de-calidad-en-rd\/","title":{"rendered":"IDAC junto con experta en Plan de Compensaci\u00f3n y Reducci\u00f3n de Carbono para la Aviaci\u00f3n Internacional eval\u00faan pol\u00edtica ambiental y gesti\u00f3n de calidad en RD"},"content":{"rendered":"<div>\n<p>Santo Domingo.- El director general del Instituto Dominicano de Aviaci\u00f3n Civil\u00a0<strong>(IDAC), H\u00e9ctor Porcella<\/strong>, y los responsables del \u00e1rea de desarrollo sustentable, sostuvieron una reuni\u00f3n con la se\u00f1ora\u00a0<strong>Ver\u00f3nica Garc\u00eda Malo<\/strong>, experta del Plan de Compensaci\u00f3n y reducci\u00f3n de Carbono para la Aviaci\u00f3n Internacional\u00a0<strong>(CORSIA)<\/strong>, para evaluar los\u00a0<strong>programas ambientales y apoyar los procesos de cumplimiento en gesti\u00f3n de calidad en el pa\u00eds.<\/strong><\/p>\n<div class=\"wp-block-image\">\n<figure class=\"aligncenter size-large\"><img decoding=\"async\" src=\"https:\/\/i0.wp.com\/presidencia.gob.do\/sites\/default\/files\/styles\/large\/public\/news\/2023-09\/Miguel Amaury Mej\u00eda, Ver\u00f3nica Garc\u00eda Malo, H\u00e9ctor Porcella y Judit Le\u00f3n.jpeg?w=1110&amp;ssl=1\" alt=\"\" data-recalc-dims=\"1\"><\/figure>\n<\/div>\n<p>Al dar conocer\u00a0<strong>la agenda abordada<\/strong>\u00a0durante el encuentro, Porcella explic\u00f3 que, entre otros puntos de inter\u00e9s consignados en la visita de la se\u00f1ora Garc\u00eda Malo, destaca notoriamente\u00a0<strong>el objetivo planificado de agilizar la acreditaci\u00f3n de una entidad verificadora de emisiones de CO2 en el Estado dominicano.\u00a0<\/strong><\/p>\n<p>La funcionaria de la\u00a0<strong>Uni\u00f3n Europea<\/strong>\u00a0procura establecer si la empresa verificadora representante del Estado dominicano cumple con los requisitos que pide el esquema CORSIA y\u00a0<strong>determinar si ese organismo estar\u00eda en capacidad de ser un verificador acreditado.<\/strong><\/p>\n<p>En la reuni\u00f3n tambi\u00e9n estuvieron presentes el subdirector general encargado de la Direcci\u00f3n de Desarrollo Sustentable,\u00a0<strong>Miguel Amaury Mej\u00eda<\/strong>, y la coordinadora de direcci\u00f3n,\u00a0<strong>Judit Le\u00f3n<\/strong>, quienes explicaron los avances alcanzados en los aspectos t\u00e9cnicos discutidos.<\/p>\n<p>Los temas de relevancia planteados incluyen las medidas de\u00a0<strong>Reducci\u00f3n de Carbono<\/strong>\u00a0para la Aviaci\u00f3n Internacional, el cumplimiento del Organismo de Evaluaci\u00f3n de la\u00a0<strong>Conformidad OVV-001<\/strong>, los sistemas de gesti\u00f3n de calidad, la norma\u00a0<strong>NORDOM-ISO 14065:2013<\/strong>\u00a0y los criterios y las pol\u00edticas emitidas por el Organismo Dominicano de Acreditaci\u00f3n\u00a0<strong>(ODAC)<\/strong>, para las verificaciones de declaraciones de\u00a0<strong>Gases de Efecto Invernadero<\/strong>\u00a0declarados dentro del alcance de la evaluaci\u00f3n.<\/p>\n<p>Como parte de las evaluaciones, la se\u00f1ora Garc\u00eda Malo\u00a0<strong>pasar\u00e1 revista con las \u00e1reas competentes todo el conjunto de las cl\u00e1usulas correspondientes\u00a0<\/strong>a la norma NORDOM-ISO 14065:2013 en el alcance solicitado de acreditaci\u00f3n, al Manual T\u00e9cnico Ambiental (DOC 9501); Volumen IV Est\u00e1ndar Internacional y Pr\u00e1cticas Recomendadas de la OACI, Anexo 16, Volumen IV, Esquema de reducci\u00f3n y compensaci\u00f3n de carbono para la aviaci\u00f3n internacional (CORSIA), espec\u00edficamente\u00a0<strong>el ap\u00e9ndice 6 para la verificaci\u00f3n del informe de emisiones.<\/strong><\/p>\n<\/div>\n","protected":false},"excerpt":{"rendered":"<p>Santo Domingo.- El director general del Instituto Dominicano de Aviaci\u00f3n Civil\u00a0(IDAC), H\u00e9ctor Porcella, y los responsables del \u00e1rea de desarrollo sustentable, sostuvieron una reuni\u00f3n con la se\u00f1ora\u00a0Ver\u00f3nica Garc\u00eda Malo, experta&hellip; <\/p>\n","protected":false},"author":2,"featured_media":4825,"comment_status":"closed","ping_status":"closed","sticky":false,"template":"","format":"standard","meta":{"fifu_image_url":"https:\/\/i0.wp.com\/presidencia.gob.do\/sites\/default\/files\/styles\/large\/public\/news\/2023-09\/Miguel%20Amaury%20Mej\u00eda,%20Ver\u00f3nica%20Garc\u00eda%20Malo,%20H\u00e9ctor%20Porcella%20y%20Judit%20Le\u00f3n.jpeg?w=1110&ssl=1","fifu_image_alt":"IDAC junto con experta en Plan de Compensaci\u00f3n y Reducci\u00f3n de Carbono para la Aviaci\u00f3n Internacional eval\u00faan pol\u00edtica ambiental y gesti\u00f3n de calidad en RD","footnotes":""},"categories":[63],"tags":[],"class_list":["post-4824","post","type-post","status-publish","format-standard","has-post-thumbnail","hentry","category-actualidad"],"_links":{"self":[{"href":"https:\/\/elmundodelapolitica.com\/v1\/wp-json\/wp\/v2\/posts\/4824","targetHints":{"allow":["GET"]}}],"collection":[{"href":"https:\/\/elmundodelapolitica.com\/v1\/wp-json\/wp\/v2\/posts"}],"about":[{"href":"https:\/\/elmundodelapolitica.com\/v1\/wp-json\/wp\/v2\/types\/post"}],"author":[{"embeddable":true,"href":"https:\/\/elmundodelapolitica.com\/v1\/wp-json\/wp\/v2\/users\/2"}],"replies":[{"embeddable":true,"href":"https:\/\/elmundodelapolitica.com\/v1\/wp-json\/wp\/v2\/comments?post=4824"}],"version-history":[{"count":0,"href":"https:\/\/elmundodelapolitica.com\/v1\/wp-json\/wp\/v2\/posts\/4824\/revisions"}],"wp:featuredmedia":[{"embeddable":true,"href":"https:\/\/elmundodelapolitica.com\/v1\/wp-json\/wp\/v2\/media\/4825"}],"wp:attachment":[{"href":"https:\/\/elmundodelapolitica.com\/v1\/wp-json\/wp\/v2\/media?parent=4824"}],"wp:term":[{"taxonomy":"category","embeddable":true,"href":"https:\/\/elmundodelapolitica.com\/v1\/wp-json\/wp\/v2\/categories?post=4824"},{"taxonomy":"post_tag","embeddable":true,"href":"https:\/\/elmundodelapolitica.com\/v1\/wp-json\/wp\/v2\/tags?post=4824"}],"curies":[{"name":"wp","href":"https:\/\/api.w.org\/{rel}","templated":true}]}}