{"id":4820,"date":"2023-09-12T14:56:05","date_gmt":"2023-09-12T18:56:05","guid":{"rendered":"https:\/\/elmundodelapolitica.com\/v1\/?p=4820"},"modified":"2023-09-12T14:56:05","modified_gmt":"2023-09-12T18:56:05","slug":"republica-dominicana-avanza-en-cumplimiento-de-compromisos-climaticos-del-acuerdo-de-paris","status":"publish","type":"post","link":"https:\/\/elmundodelapolitica.com\/v1\/republica-dominicana-avanza-en-cumplimiento-de-compromisos-climaticos-del-acuerdo-de-paris\/","title":{"rendered":"Rep\u00fablica Dominicana avanza en cumplimiento de compromisos clim\u00e1ticos del Acuerdo de Par\u00eds"},"content":{"rendered":"<div>\n<p>Santo Domingo.- Rep\u00fablica Dominicana avanza en el cumplimiento de los\u00a0<strong>procesos y tareas mandatorios del Acuerdo de Par\u00eds (2015)\u00a0<\/strong>a trav\u00e9s de la implementaci\u00f3n de las tareas desprendidas de la\u00a0<strong>Contribuci\u00f3n Nacionalmente Determinada<\/strong>\u00a0(NDC, por sus siglas en ingl\u00e9s),\u00a0<strong>principal compromiso internacional del pa\u00eds sobre Cambio Clim\u00e1tico.<\/strong><\/p>\n<div class=\"wp-block-image\">\n<figure class=\"aligncenter size-large\"><img decoding=\"async\" src=\"https:\/\/i0.wp.com\/presidencia.gob.do\/sites\/default\/files\/styles\/large\/public\/news\/2023-09\/Max Puig.jpeg?w=1110&amp;ssl=1\" alt=\"\" data-recalc-dims=\"1\"><\/figure>\n<\/div>\n<p>As\u00ed lo afirm\u00f3 el vicepresidente ejecutivo del Consejo Nacional para el Cambio Clim\u00e1tico y Mecanismo de Desarrollo Limpio\u00a0<strong>(CNCCMDL), Max Puig<\/strong>, en el inicio del taller sobre la\u00a0<strong>Estrategia de Involucramiento de las Partes Interesadas y Sensibilizaci\u00f3n para la Implementaci\u00f3n del Plan de Acci\u00f3n de la NDC-RD2020.<\/strong><\/p>\n<p><em>\u201cDada la caracter\u00edstica intersectorial de las causas y efectos del cambio clim\u00e1tico, resulta vital que nuestro Plan de Acci\u00f3n de la Contribuci\u00f3n Nacionalmente Determinada sea implementado, de manera decidida, por todos los actores y esto s\u00f3lo es posible si estos se sienten comprometidos e involucrados con ejecutar y reportar las acciones con impacto clim\u00e1tico en adaptaci\u00f3n, mitigaci\u00f3n de emisiones de gases de efecto invernadero;, reducci\u00f3n y gesti\u00f3n de riesgo de desastres o financiamiento de acciones\u201d,<\/em>\u00a0dijo Puig.<\/p>\n<p>Por ello, destac\u00f3 el trabajo realizado por distintas instituciones del Estado, como<strong>\u00a0el Ministerio de la Presidencia, el Ministerio de Medio Ambiente y Recursos Naturales, el Ministerio de Hacienda y el Ministerio de Agricultura<\/strong>, entre otras, junto con organizaciones de\u00a0<strong>la sociedad civil y el sector privado,<\/strong><em>\u00a0\u201cque tienen un rol fundamental para el cumplimiento de las metas y compromisos clim\u00e1ticos del pa\u00eds\u201d.<\/em><\/p>\n<p>El Taller sobre la Estrategia de Involucramiento de las Partes Interesadas y Sensibilizaci\u00f3n para la Implementaci\u00f3n del Plan de Acci\u00f3n de la NDC-RD2020 es coordinado por el Ministerio de Econom\u00eda, Planificaci\u00f3n y Desarrollo\u00a0<strong>(MEPYD)<\/strong>, y el Consejo Nacional para el Cambio Clim\u00e1tico y Mecanismo de Desarrollo Limpio\u00a0<strong>(CNCCMDL)<\/strong>, puntos focales nacionales de la organizaci\u00f3n internacional\u00a0<strong>NDC Partnership<\/strong>, con el apoyo del\u00a0<strong>Instituto Global para el Crecimiento Verde<\/strong>\u00a0(GGGI, por sus siglas en ingl\u00e9s)\u00a0<strong>y la empresa consultora Deuman.<\/strong><\/p>\n<\/div>\n","protected":false},"excerpt":{"rendered":"<p>Santo Domingo.- Rep\u00fablica Dominicana avanza en el cumplimiento de los\u00a0procesos y tareas mandatorios del Acuerdo de Par\u00eds (2015)\u00a0a trav\u00e9s de la implementaci\u00f3n de las tareas desprendidas de la\u00a0Contribuci\u00f3n Nacionalmente Determinada\u00a0(NDC,&hellip; <\/p>\n","protected":false},"author":2,"featured_media":4821,"comment_status":"closed","ping_status":"closed","sticky":false,"template":"","format":"standard","meta":{"fifu_image_url":"https:\/\/i0.wp.com\/presidencia.gob.do\/sites\/default\/files\/styles\/large\/public\/news\/2023-09\/Max%20Puig.jpeg?w=1110&ssl=1","fifu_image_alt":"Rep\u00fablica Dominicana avanza en cumplimiento de compromisos clim\u00e1ticos del Acuerdo de Par\u00eds","footnotes":""},"categories":[63],"tags":[],"class_list":["post-4820","post","type-post","status-publish","format-standard","has-post-thumbnail","hentry","category-actualidad"],"_links":{"self":[{"href":"https:\/\/elmundodelapolitica.com\/v1\/wp-json\/wp\/v2\/posts\/4820","targetHints":{"allow":["GET"]}}],"collection":[{"href":"https:\/\/elmundodelapolitica.com\/v1\/wp-json\/wp\/v2\/posts"}],"about":[{"href":"https:\/\/elmundodelapolitica.com\/v1\/wp-json\/wp\/v2\/types\/post"}],"author":[{"embeddable":true,"href":"https:\/\/elmundodelapolitica.com\/v1\/wp-json\/wp\/v2\/users\/2"}],"replies":[{"embeddable":true,"href":"https:\/\/elmundodelapolitica.com\/v1\/wp-json\/wp\/v2\/comments?post=4820"}],"version-history":[{"count":0,"href":"https:\/\/elmundodelapolitica.com\/v1\/wp-json\/wp\/v2\/posts\/4820\/revisions"}],"wp:featuredmedia":[{"embeddable":true,"href":"https:\/\/elmundodelapolitica.com\/v1\/wp-json\/wp\/v2\/media\/4821"}],"wp:attachment":[{"href":"https:\/\/elmundodelapolitica.com\/v1\/wp-json\/wp\/v2\/media?parent=4820"}],"wp:term":[{"taxonomy":"category","embeddable":true,"href":"https:\/\/elmundodelapolitica.com\/v1\/wp-json\/wp\/v2\/categories?post=4820"},{"taxonomy":"post_tag","embeddable":true,"href":"https:\/\/elmundodelapolitica.com\/v1\/wp-json\/wp\/v2\/tags?post=4820"}],"curies":[{"name":"wp","href":"https:\/\/api.w.org\/{rel}","templated":true}]}}