{"id":4818,"date":"2023-09-12T14:13:35","date_gmt":"2023-09-12T18:13:35","guid":{"rendered":"https:\/\/elmundodelapolitica.com\/v1\/?p=4818"},"modified":"2023-09-12T14:13:35","modified_gmt":"2023-09-12T18:13:35","slug":"destaca-cementos-argos-en-primera-edicion-ranking-merco-en-republica-dominicana","status":"publish","type":"post","link":"https:\/\/elmundodelapolitica.com\/v1\/destaca-cementos-argos-en-primera-edicion-ranking-merco-en-republica-dominicana\/","title":{"rendered":"Destaca Cementos Argos en primera edici\u00f3n Ranking Merco en Rep\u00fablica Dominicana"},"content":{"rendered":"<div>\n<p>El 10 de agosto de 2023 se llev\u00f3 a cabo la primera edici\u00f3n del Ranking Merco en Rep\u00fablica Dominicana, un evento que reconoce a las compa\u00f1\u00edas y l\u00edderes destacados en t\u00e9rminos de reputaci\u00f3n y responsabilidad en el pa\u00eds. En esta edici\u00f3n, Cementos Argos, una de las principales empresas cementeras del pa\u00eds, obtuvo varios reconocimientos, consolidando su posici\u00f3n como una compa\u00f1\u00eda l\u00edder en estos aspectos.<\/p>\n<div class=\"wp-block-image\">\n<figure class=\"aligncenter size-large\"><img data-attachment-id=\"32196\" data-permalink=\"https:\/\/elmundodelosnegocios.com.do\/v1\/index.php\/2023\/09\/12\/destaca-cementos-argos-en-primera-edicion-ranking-merco-en-republica-dominicana\/00000map-1\/\" data-orig-file=\"https:\/\/i0.wp.com\/elmundodelosnegocios.com.do\/v1\/wp-content\/uploads\/2023\/09\/00000map-1.jpg?fit=1920%2C1081&amp;ssl=1\" data-orig-size=\"1920,1081\" data-comments-opened=\"0\" data-image-meta='{\"aperture\":\"0\",\"credit\":\"\",\"camera\":\"\",\"caption\":\"\",\"created_timestamp\":\"0\",\"copyright\":\"\",\"focal_length\":\"0\",\"iso\":\"0\",\"shutter_speed\":\"0\",\"title\":\"\",\"orientation\":\"0\"}' data-image-title=\"00000map-1\" data-image-description=\"\" data-image-caption=\"\" data-medium-file=\"https:\/\/i0.wp.com\/elmundodelosnegocios.com.do\/v1\/wp-content\/uploads\/2023\/09\/00000map-1.jpg?fit=300%2C169&amp;ssl=1\" data-large-file=\"https:\/\/i0.wp.com\/elmundodelosnegocios.com.do\/v1\/wp-content\/uploads\/2023\/09\/00000map-1.jpg?fit=1024%2C577&amp;ssl=1\" decoding=\"async\" loading=\"lazy\" width=\"1024\" height=\"577\" src=\"https:\/\/i0.wp.com\/elmundodelosnegocios.com.do\/v1\/wp-content\/uploads\/2023\/09\/00000map-1.jpg?resize=1024,577\" alt=\"\" class=\"wp-image-32196\" srcset=\"https:\/\/i0.wp.com\/elmundodelosnegocios.com.do\/v1\/wp-content\/uploads\/2023\/09\/00000map-1.jpg?resize=1024,577&amp;ssl=1 1024w, https:\/\/i0.wp.com\/elmundodelosnegocios.com.do\/v1\/wp-content\/uploads\/2023\/09\/00000map-1.jpg?resize=300%2C169&amp;ssl=1 300w, https:\/\/i0.wp.com\/elmundodelosnegocios.com.do\/v1\/wp-content\/uploads\/2023\/09\/00000map-1.jpg?resize=768%2C432&amp;ssl=1 768w, https:\/\/i0.wp.com\/elmundodelosnegocios.com.do\/v1\/wp-content\/uploads\/2023\/09\/00000map-1.jpg?resize=1536%2C865&amp;ssl=1 1536w, https:\/\/i0.wp.com\/elmundodelosnegocios.com.do\/v1\/wp-content\/uploads\/2023\/09\/00000map-1.jpg?w=1920&amp;ssl=1 1920w\" sizes=\"auto, (max-width: 1024px) 100vw, 1024px\" data-recalc-dims=\"1\"><\/figure>\n<\/div>\n<p>Estos son los reconocimientos y las categor\u00edas en las que se destac\u00f3:<\/p>\n<ul>\n<li>Puesto 38\u00b0 de 100 empresas participantes en la categor\u00eda empresas con mejor reputaci\u00f3n corporativa.<\/li>\n<\/ul>\n<ul>\n<li>En el ranking sectorial ocup\u00f3 el 2\u00b0 lugar de 6 empresas del sector cementero.<\/li>\n<li>En el ranking general de las empresas m\u00e1s responsables ESG (Environmental, Social and Governance), ocup\u00f3 el puesto 42\u00b0 de 100 empresas en total.<\/li>\n<li>Puesto 19\u00b0 de 50 empresas participantes en el subranking de las empresas m\u00e1s responsables en el \u00e1mbito interno, clientes y sociedad.<\/li>\n<li>Puesto 42\u00b0 de 50 empresas participantes en el subranking de las empresas m\u00e1s responsables a nivel \u00e9tico y de gobernanza.<\/li>\n<li>Puesto 47\u00b0 de 50 empresas que participaron en el subranking de las empresas m\u00e1s responsables con el medioambiente.<\/li>\n<\/ul>\n<p>La compa\u00f1\u00eda agradece a sus colaboradores, clientes y socios, quienes han contribuido a tener estos reconocimientos en el Ranking Merco 2023 Rep\u00fablica Dominicana y reafirma su compromiso de seguir trabajando en pro de una sociedad m\u00e1s sostenible y responsable.<\/p>\n<div class=\"wp-block-media-text alignwide is-stacked-on-mobile\">\n<figure class=\"wp-block-media-text__media\"><img data-attachment-id=\"32195\" data-permalink=\"https:\/\/elmundodelosnegocios.com.do\/v1\/index.php\/2023\/09\/12\/destaca-cementos-argos-en-primera-edicion-ranking-merco-en-republica-dominicana\/unnamed-65\/\" data-orig-file=\"https:\/\/i0.wp.com\/elmundodelosnegocios.com.do\/v1\/wp-content\/uploads\/2023\/09\/unnamed.png?fit=1335%2C1335&amp;ssl=1\" data-orig-size=\"1335,1335\" data-comments-opened=\"0\" data-image-meta='{\"aperture\":\"0\",\"credit\":\"\",\"camera\":\"\",\"caption\":\"\",\"created_timestamp\":\"0\",\"copyright\":\"\",\"focal_length\":\"0\",\"iso\":\"0\",\"shutter_speed\":\"0\",\"title\":\"\",\"orientation\":\"0\"}' data-image-title=\"unnamed\" data-image-description=\"\" data-image-caption=\"\" data-medium-file=\"https:\/\/i0.wp.com\/elmundodelosnegocios.com.do\/v1\/wp-content\/uploads\/2023\/09\/unnamed.png?fit=300%2C300&amp;ssl=1\" data-large-file=\"https:\/\/i0.wp.com\/elmundodelosnegocios.com.do\/v1\/wp-content\/uploads\/2023\/09\/unnamed.png?fit=1024%2C1024&amp;ssl=1\" decoding=\"async\" loading=\"lazy\" width=\"1024\" height=\"1024\" src=\"https:\/\/i0.wp.com\/elmundodelosnegocios.com.do\/v1\/wp-content\/uploads\/2023\/09\/unnamed.png?resize=1024,1024\" alt=\"\" class=\"wp-image-32195 size-full\" srcset=\"https:\/\/i0.wp.com\/elmundodelosnegocios.com.do\/v1\/wp-content\/uploads\/2023\/09\/unnamed.png?resize=1024,1024&amp;ssl=1 1024w, https:\/\/i0.wp.com\/elmundodelosnegocios.com.do\/v1\/wp-content\/uploads\/2023\/09\/unnamed.png?resize=300%2C300&amp;ssl=1 300w, https:\/\/i0.wp.com\/elmundodelosnegocios.com.do\/v1\/wp-content\/uploads\/2023\/09\/unnamed.png?resize=150%2C150&amp;ssl=1 150w, https:\/\/i0.wp.com\/elmundodelosnegocios.com.do\/v1\/wp-content\/uploads\/2023\/09\/unnamed.png?resize=768%2C768&amp;ssl=1 768w, https:\/\/i0.wp.com\/elmundodelosnegocios.com.do\/v1\/wp-content\/uploads\/2023\/09\/unnamed.png?w=1335&amp;ssl=1 1335w\" sizes=\"auto, (max-width: 1024px) 100vw, 1024px\" data-recalc-dims=\"1\"><\/figure>\n<div class=\"wp-block-media-text__content\">\n<p>\u201cEstos reconocimientos son un logro de todas las personas que formamos parte de la compa\u00f1\u00eda y nos confirma que vamos por buen camino. Agradecemos a todos los colaboradores, clientes, socios y quienes son parte de lo que d\u00eda a d\u00eda hacemos, gracias por su esfuerzo y compromiso. En Argos Dominicana somos una compa\u00f1\u00eda que trabaja arduamente por mantener pr\u00e1cticas corporativas responsables y esto nos motiva a seguir trabajando por una sociedad m\u00e1s sostenible y comprometida con nuestros p\u00fablicos de inter\u00e9s\u201d, agreg\u00f3 <strong>Melba Nin, Directora de Personas de Caribe.<\/strong><\/p>\n<\/div>\n<\/div>\n<p><strong>M\u00e1s sobre el Ranking Merco:<\/strong><\/p>\n<p>Merco (Monitor Empresarial de Reputaci\u00f3n Corporativa) es un instrumento de evaluaci\u00f3n reputacional lanzado en el a\u00f1o 1999, que cuenta con una metodolog\u00eda multistakeholder; habi\u00e9ndose convertido en uno de los monitores de referencia en todo el mundo.<\/p>\n<p>En la actualidad Merco elabora 8 rankings (Merco Empresas, Merco L\u00edderes, Merco Responsabilidad y Gobierno Corporativo, Merco Talento, Merco Consumo, Merco Ciudad, Merco Universitarios y MRS \u2013 Merco Salud) y tiene presencia, adem\u00e1s de en Rep\u00fablica Dominicana, en Espa\u00f1a, Guatemala, Colombia, Argentina, Chile, Ecuador, Bolivia, Brasil, M\u00e9xico, Per\u00fa, Costa Rica, Panam\u00e1, Portugal, Italia y Uruguay.<\/p>\n<p>Los criterios de evaluaci\u00f3n de Merco Empresas y L\u00edderes Rep\u00fablica Dominicana y sus<br \/>criterios de ponderaci\u00f3n son p\u00fablicos y se encontrar\u00e1n disponibles en www.merco.info<\/p>\n<\/div>\n","protected":false},"excerpt":{"rendered":"<p>El 10 de agosto de 2023 se llev\u00f3 a cabo la primera edici\u00f3n del Ranking Merco en Rep\u00fablica Dominicana, un evento que reconoce a las compa\u00f1\u00edas y l\u00edderes destacados en&hellip; <\/p>\n","protected":false},"author":2,"featured_media":4819,"comment_status":"closed","ping_status":"closed","sticky":false,"template":"","format":"standard","meta":{"fifu_image_url":"https:\/\/i0.wp.com\/elmundodelosnegocios.com.do\/v1\/wp-content\/uploads\/2023\/09\/00000map-1.jpg?resize=1024,577","fifu_image_alt":"Destaca Cementos Argos en primera edici\u00f3n Ranking Merco en Rep\u00fablica Dominicana","footnotes":""},"categories":[63],"tags":[],"class_list":["post-4818","post","type-post","status-publish","format-standard","has-post-thumbnail","hentry","category-actualidad"],"_links":{"self":[{"href":"https:\/\/elmundodelapolitica.com\/v1\/wp-json\/wp\/v2\/posts\/4818","targetHints":{"allow":["GET"]}}],"collection":[{"href":"https:\/\/elmundodelapolitica.com\/v1\/wp-json\/wp\/v2\/posts"}],"about":[{"href":"https:\/\/elmundodelapolitica.com\/v1\/wp-json\/wp\/v2\/types\/post"}],"author":[{"embeddable":true,"href":"https:\/\/elmundodelapolitica.com\/v1\/wp-json\/wp\/v2\/users\/2"}],"replies":[{"embeddable":true,"href":"https:\/\/elmundodelapolitica.com\/v1\/wp-json\/wp\/v2\/comments?post=4818"}],"version-history":[{"count":0,"href":"https:\/\/elmundodelapolitica.com\/v1\/wp-json\/wp\/v2\/posts\/4818\/revisions"}],"wp:featuredmedia":[{"embeddable":true,"href":"https:\/\/elmundodelapolitica.com\/v1\/wp-json\/wp\/v2\/media\/4819"}],"wp:attachment":[{"href":"https:\/\/elmundodelapolitica.com\/v1\/wp-json\/wp\/v2\/media?parent=4818"}],"wp:term":[{"taxonomy":"category","embeddable":true,"href":"https:\/\/elmundodelapolitica.com\/v1\/wp-json\/wp\/v2\/categories?post=4818"},{"taxonomy":"post_tag","embeddable":true,"href":"https:\/\/elmundodelapolitica.com\/v1\/wp-json\/wp\/v2\/tags?post=4818"}],"curies":[{"name":"wp","href":"https:\/\/api.w.org\/{rel}","templated":true}]}}