{"id":4806,"date":"2023-09-11T01:01:30","date_gmt":"2023-09-11T05:01:30","guid":{"rendered":"https:\/\/elmundodelapolitica.com\/v1\/?p=4806"},"modified":"2023-09-11T01:01:30","modified_gmt":"2023-09-11T05:01:30","slug":"resumen-earnix-nombra-a-erez-barak-como-director-de-tecnologia","status":"publish","type":"post","link":"https:\/\/elmundodelapolitica.com\/v1\/resumen-earnix-nombra-a-erez-barak-como-director-de-tecnologia\/","title":{"rendered":"Resumen: Earnix nombra a Erez Barak como director de tecnolog\u00eda"},"content":{"rendered":"<p>Promover\u00e1 la innovaci\u00f3n tecnolog\u00eda y las capacidades de an\u00e1lisisTEL AVIV, Israel&#8211;(BUSINESS WIRE)&#8211;Earnix, proveedor global de soluciones de SaaS inteligentes para aseguradoras y bancos, anunci\u00f3 hoy el nombramiento de Erez Barak como director de tecnolog\u00eda, puesto que asumir\u00e1 a partir del 10 de septiembre. Erez liderar\u00e1 los equipos de investigaci\u00f3n y desarrollo (I+D) y de an\u00e1lisis de Earnix. Es un experimentado ejecutivo de tecnolog\u00eda con m\u00e1s de 22 a\u00f1os en el sector, incluidas posiciones de liderazgo en los gigantes tecnol\u00f3gicos Microsoft y HP.<br \/>\nSu pasi\u00f3n por resolver problemas comerciales a trav\u00e9s de tecnolog\u00edas y una experiencia de producto atractiva proviene de sus antecedentes diversos, entre los que se encuentran infraestructura de nube, sistemas de big data, sistemas de IA, plataformas para desarrolladores, productividad empresarial y sistemas de marketing.<br \/>\nEl comunicado en el idioma original es la versi\u00f3n oficial y autorizada del mismo. Esta traducci\u00f3n es solamente un medio de ayuda y deber\u00e1 ser comparada con el texto en idioma original, que es la \u00fanica versi\u00f3n del texto que tendr\u00e1 validez legal. Contacts<br \/>\nJena Murphy<br \/>\njena.murphy@earnix.com<\/p>\n","protected":false},"excerpt":{"rendered":"<div>\n<p class=\"bwalignc\">\n<b><i>Promover\u00e1 la innovaci\u00f3n tecnolog\u00eda y las capacidades de an\u00e1lisis<\/i><\/b><\/p>\n<p>TEL AVIV, Israel&#8211;(BUSINESS WIRE)&#8211;<a target=\"_blank\" href=\"https:\/\/cts.businesswire.com\/ct\/CT?id=smartlink&amp;url=https%3A%2F%2Fearnix.com%2F&amp;esheet=53550929&amp;newsitemid=20230909777721&amp;lan=es-ES&amp;anchor=Earnix&amp;index=1&amp;md5=656bc925a13189d69a0b3f2524504763\" rel=\"nofollow noopener\">Earnix<\/a>, proveedor global de soluciones de SaaS inteligentes para aseguradoras y bancos, anunci\u00f3 hoy el nombramiento de <a target=\"_blank\" href=\"https:\/\/cts.businesswire.com\/ct\/CT?id=smartlink&amp;url=https%3A%2F%2Fwww.linkedin.com%2Fin%2Ferezbarak%2F&amp;esheet=53550929&amp;newsitemid=20230909777721&amp;lan=es-ES&amp;anchor=Erez+Barak&amp;index=2&amp;md5=e3de41657030bf08cd02f66895ec5369\" rel=\"nofollow noopener\">Erez Barak<\/a> como director de tecnolog\u00eda, puesto que asumir\u00e1 a partir del 10 de septiembre. Erez liderar\u00e1 los equipos de investigaci\u00f3n y desarrollo (I+D) y de an\u00e1lisis de Earnix. Es un experimentado ejecutivo de tecnolog\u00eda con m\u00e1s de 22 a\u00f1os en el sector, incluidas posiciones de liderazgo en los gigantes tecnol\u00f3gicos Microsoft y HP.<\/p>\n<p><a href=\"https:\/\/mms.businesswire.com\/media\/20230909777721\/es\/1884748\/5\/Erez_Barak_CTO_Earnix.jpg\"><img decoding=\"async\" src=\"https:\/\/mms.businesswire.com\/media\/20230909531291\/en\/1884748\/21\/Erez_Barak_CTO_Earnix.jpg\"><\/a><br \/><a href=\"https:\/\/mms.businesswire.com\/media\/20230909777721\/es\/1884748\/5\/Erez_Barak_CTO_Earnix.jpg\"><img decoding=\"async\" src=\"https:\/\/mms.businesswire.com\/media\/20230909777721\/es\/1884748\/22\/Erez_Barak_CTO_Earnix.jpg\"><\/a><br \/><a href=\"https:\/\/mms.businesswire.com\/media\/20230909777721\/es\/1884746\/5\/Earnix_logo.jpg\"><img decoding=\"async\" src=\"https:\/\/mms.businesswire.com\/media\/20230909531291\/en\/1884746\/21\/Earnix_logo.jpg\"><\/a><br \/><a href=\"https:\/\/mms.businesswire.com\/media\/20230909777721\/es\/1884746\/5\/Earnix_logo.jpg\"><img decoding=\"async\" src=\"https:\/\/mms.businesswire.com\/media\/20230909777721\/es\/1884746\/22\/Earnix_logo.jpg\"><\/a><\/p>\n<p>\nSu pasi\u00f3n por resolver problemas comerciales a trav\u00e9s de tecnolog\u00edas y una experiencia de producto atractiva proviene de sus antecedentes diversos, entre los que se encuentran infraestructura de nube, sistemas de big data, sistemas de IA, plataformas para desarrolladores, productividad empresarial y sistemas de marketing.<\/p>\n<p>\nEl comunicado en el idioma original es la versi\u00f3n oficial y autorizada del mismo. Esta traducci\u00f3n es solamente un medio de ayuda y deber\u00e1 ser comparada con el texto en idioma original, que es la \u00fanica versi\u00f3n del texto que tendr\u00e1 validez legal.<\/p>\n<p> <b>Contacts<\/b> <\/p>\n<p>\nJena Murphy<br \/>\n<br \/><a target=\"_blank\" href=\"mailto:jena.murphy@earnix.com\" rel=\"nofollow noopener\">jena.murphy@earnix.com<\/a><\/p>\n<\/div>\n","protected":false},"author":2,"featured_media":4807,"comment_status":"closed","ping_status":"closed","sticky":false,"template":"","format":"standard","meta":{"fifu_image_url":"https:\/\/mms.businesswire.com\/media\/20230909531291\/en\/1884748\/21\/Erez_Barak_CTO_Earnix.jpg","fifu_image_alt":"Resumen: Earnix nombra a Erez Barak como director de tecnolog\u00eda","footnotes":""},"categories":[44],"tags":[],"class_list":["post-4806","post","type-post","status-publish","format-standard","has-post-thumbnail","hentry","category-business-wire"],"_links":{"self":[{"href":"https:\/\/elmundodelapolitica.com\/v1\/wp-json\/wp\/v2\/posts\/4806","targetHints":{"allow":["GET"]}}],"collection":[{"href":"https:\/\/elmundodelapolitica.com\/v1\/wp-json\/wp\/v2\/posts"}],"about":[{"href":"https:\/\/elmundodelapolitica.com\/v1\/wp-json\/wp\/v2\/types\/post"}],"author":[{"embeddable":true,"href":"https:\/\/elmundodelapolitica.com\/v1\/wp-json\/wp\/v2\/users\/2"}],"replies":[{"embeddable":true,"href":"https:\/\/elmundodelapolitica.com\/v1\/wp-json\/wp\/v2\/comments?post=4806"}],"version-history":[{"count":0,"href":"https:\/\/elmundodelapolitica.com\/v1\/wp-json\/wp\/v2\/posts\/4806\/revisions"}],"wp:featuredmedia":[{"embeddable":true,"href":"https:\/\/elmundodelapolitica.com\/v1\/wp-json\/wp\/v2\/media\/4807"}],"wp:attachment":[{"href":"https:\/\/elmundodelapolitica.com\/v1\/wp-json\/wp\/v2\/media?parent=4806"}],"wp:term":[{"taxonomy":"category","embeddable":true,"href":"https:\/\/elmundodelapolitica.com\/v1\/wp-json\/wp\/v2\/categories?post=4806"},{"taxonomy":"post_tag","embeddable":true,"href":"https:\/\/elmundodelapolitica.com\/v1\/wp-json\/wp\/v2\/tags?post=4806"}],"curies":[{"name":"wp","href":"https:\/\/api.w.org\/{rel}","templated":true}]}}