{"id":4798,"date":"2023-09-10T23:41:41","date_gmt":"2023-09-11T03:41:41","guid":{"rendered":"https:\/\/elmundodelapolitica.com\/v1\/?p=4798"},"modified":"2023-09-10T23:41:41","modified_gmt":"2023-09-11T03:41:41","slug":"director-dga-recibe-embajador-de-la-republica-popular-china-en-el-pais-buscan-fortalecer-oportunidades-comerciales","status":"publish","type":"post","link":"https:\/\/elmundodelapolitica.com\/v1\/director-dga-recibe-embajador-de-la-republica-popular-china-en-el-pais-buscan-fortalecer-oportunidades-comerciales\/","title":{"rendered":"Director DGA recibe embajador de la Rep\u00fablica Popular China en el pa\u00eds; buscan fortalecer oportunidades comerciales"},"content":{"rendered":"<div>\n<p>Santo Domingo.- El\u00a0<strong>director general de Aduanas, Eduardo Sanz Lovat\u00f3n<\/strong>, y\u00a0<strong>el embajador de la Rep\u00fablica Popular China ante la Rep\u00fablica Dominicana, Chen Luning,<\/strong>\u00a0sostuvieron un encuentro donde conversaron sobre las\u00a0<strong>oportunidades comerciales<\/strong>\u00a0entre ambas naciones y, adem\u00e1s, se promovi\u00f3 la idea de construir una\u00a0<strong>mesa t\u00e9cnica<\/strong>, para que el gremio de comerciantes chinos en el pa\u00eds pueda conocer toda la informaci\u00f3n referente a\u00a0<strong>protocolos y leyes comerciales<\/strong>.<\/p>\n<div class=\"wp-block-image\">\n<figure class=\"aligncenter size-large\"><img data-attachment-id=\"32172\" data-permalink=\"https:\/\/elmundodelosnegocios.com.do\/v1\/index.php\/2023\/09\/10\/director-dga-recibe-embajador-de-la-republica-popular-china-en-el-pais-buscan-fortalecer-oportunidades-comerciales\/0000-4\/\" data-orig-file=\"https:\/\/i0.wp.com\/elmundodelosnegocios.com.do\/v1\/wp-content\/uploads\/2023\/09\/0000-3.jpeg?fit=1300%2C731&amp;ssl=1\" data-orig-size=\"1300,731\" data-comments-opened=\"0\" data-image-meta='{\"aperture\":\"0\",\"credit\":\"\",\"camera\":\"\",\"caption\":\"\",\"created_timestamp\":\"0\",\"copyright\":\"\",\"focal_length\":\"0\",\"iso\":\"0\",\"shutter_speed\":\"0\",\"title\":\"\",\"orientation\":\"0\"}' data-image-title=\"0000\" data-image-description=\"&lt;p&gt;El director General de Aduanas, Eduardo Sanz Lovat\u00f3n y el embajador de la Rep\u00fablica Popular Chiana, Chen Luning.&lt;\/p&gt;\n\" data-image-caption=\"&lt;p&gt;El director General de Aduanas, Eduardo Sanz Lovat\u00f3n y el embajador de la Rep\u00fablica Popular Chiana, Chen Luning.&lt;\/p&gt;\n\" data-medium-file=\"https:\/\/i0.wp.com\/elmundodelosnegocios.com.do\/v1\/wp-content\/uploads\/2023\/09\/0000-3.jpeg?fit=300%2C169&amp;ssl=1\" data-large-file=\"https:\/\/i0.wp.com\/elmundodelosnegocios.com.do\/v1\/wp-content\/uploads\/2023\/09\/0000-3.jpeg?fit=1024%2C576&amp;ssl=1\" decoding=\"async\" loading=\"lazy\" width=\"1024\" height=\"576\" src=\"https:\/\/i0.wp.com\/elmundodelosnegocios.com.do\/v1\/wp-content\/uploads\/2023\/09\/0000-3.jpeg?resize=1024,576\" alt=\"El director General de Aduanas, Eduardo Sanz Lovat\u00f3n y el embajador de la Rep\u00fablica Popular Chiana, Chen Luning.\" class=\"wp-image-32172\" srcset=\"https:\/\/i0.wp.com\/elmundodelosnegocios.com.do\/v1\/wp-content\/uploads\/2023\/09\/0000-3.jpeg?resize=1024,576&amp;ssl=1 1024w, https:\/\/i0.wp.com\/elmundodelosnegocios.com.do\/v1\/wp-content\/uploads\/2023\/09\/0000-3.jpeg?resize=300%2C169&amp;ssl=1 300w, https:\/\/i0.wp.com\/elmundodelosnegocios.com.do\/v1\/wp-content\/uploads\/2023\/09\/0000-3.jpeg?resize=768%2C432&amp;ssl=1 768w, https:\/\/i0.wp.com\/elmundodelosnegocios.com.do\/v1\/wp-content\/uploads\/2023\/09\/0000-3.jpeg?w=1300&amp;ssl=1 1300w\" sizes=\"auto, (max-width: 1024px) 100vw, 1024px\" data-recalc-dims=\"1\"><figcaption class=\"wp-element-caption\">El director General de Aduanas, Eduardo Sanz Lovat\u00f3n y el embajador de la Rep\u00fablica Popular Chiana, Chen Luning.<\/figcaption><\/figure>\n<\/div>\n<p>En ese sentido, Sanz Lovat\u00f3n impuls\u00f3 la iniciativa para generar un\u00a0<strong>acuerdo sobre cooperaci\u00f3n y asistencia mutua<\/strong>\u00a0en asuntos aduaneros e invit\u00f3 a ese pa\u00eds a aprovechar las\u00a0<strong>ventajas que presenta<\/strong>\u00a0<strong>la Rep\u00fablica Dominicana\u00a0<\/strong>como hub log\u00edstico en la regi\u00f3n.<\/p>\n<p>Otro de los puntos tratados durante la visita, fue el inter\u00e9s de que funcionarios de la Direcci\u00f3n General de Aduanas\u00a0<strong>(DGA)<\/strong>\u00a0visiten a las autoridades de Aduanas en China, con la finalidad de\u00a0<strong>profundizar conocimientos<\/strong>\u00a0en aspectos t\u00e9cnicos y comerciales sobre los valores de los distintos rubros de mercanc\u00edas que llegan desde dicha naci\u00f3n oriental, para ser\u00a0<strong>comercializados en territorio dominicano.<\/strong><\/p>\n<p>De su lado, Luning invit\u00f3 a iniciar conversaciones sobre\u00a0<strong>acuerdos y tratados de libre comercio<\/strong>\u00a0entre ambas naciones, para fortalecer las relaciones comerciales e incrementar este tipo de actividades.\u00a0<\/p>\n<p>El diplom\u00e1tico tambi\u00e9n destac\u00f3 la importancia de poder ocupar m\u00e1s\u00a0<strong>espacios de inversi\u00f3n<\/strong>\u00a0desde el Gobierno chino, para robustecer las l\u00edneas de producci\u00f3n en las zonas francas dominicanas y, as\u00ed, estimular la\u00a0<strong>empleoman\u00eda de manos dominicanas.<\/strong><\/p>\n<p>El diplom\u00e1tico manifest\u00f3 la posibilidad de que, en un futuro pr\u00f3ximo,\u00a0<strong>se reciban visitas de inversionistas y funcionarios chinos,<\/strong>\u00a0provenientes de la ciudad de Shanghai.\u00a0<\/p>\n<p><strong>Cifras sobre el comercio con China\u00a0<\/strong><\/p>\n<p>Entre\u00a0<strong>enero y agosto de 2023<\/strong>, la Rep\u00fablica Dominicana\u00a0<strong>import\u00f3 productos chinos<\/strong>\u00a0por un total de\u00a0<strong>USD 2,602.67 millones<\/strong>\u00a0y export\u00f3 a esa naci\u00f3n por\u00a0<strong>USD 121.40 millones<\/strong>, para lograr un flujo comercial de\u00a0<strong>USD 2,724.07 millones<\/strong>, entre ambos pa\u00edses.<\/p>\n<p>China es el\u00a0<strong>segundo mayor socio comercial en importaciones<\/strong>\u00a0para la Rep\u00fablica Dominicana, que representa el\u00a0<strong>16.43 %\u00a0<\/strong>del total de las importaciones en el per\u00edodo mencionado.<\/p>\n<p>En t\u00e9rminos de ingresos, para la Direcci\u00f3n General de Aduanas (DGA), China participa con un\u00a0<strong>26.78 %\u00a0<\/strong>de<strong>\u00a0<\/strong>participaci\u00f3n en los ingresos totales durante el mismo per\u00edodo.<\/p>\n<\/div>\n","protected":false},"excerpt":{"rendered":"<p>Santo Domingo.- El\u00a0director general de Aduanas, Eduardo Sanz Lovat\u00f3n, y\u00a0el embajador de la Rep\u00fablica Popular China ante la Rep\u00fablica Dominicana, Chen Luning,\u00a0sostuvieron un encuentro donde conversaron sobre las\u00a0oportunidades comerciales\u00a0entre ambas&hellip; <\/p>\n","protected":false},"author":2,"featured_media":4799,"comment_status":"closed","ping_status":"closed","sticky":false,"template":"","format":"standard","meta":{"fifu_image_url":"https:\/\/i0.wp.com\/elmundodelosnegocios.com.do\/v1\/wp-content\/uploads\/2023\/09\/0000-3.jpeg?resize=1024,576","fifu_image_alt":"Director DGA recibe embajador de la Rep\u00fablica Popular China en el pa\u00eds; buscan fortalecer oportunidades comerciales","footnotes":""},"categories":[63],"tags":[],"class_list":["post-4798","post","type-post","status-publish","format-standard","has-post-thumbnail","hentry","category-actualidad"],"_links":{"self":[{"href":"https:\/\/elmundodelapolitica.com\/v1\/wp-json\/wp\/v2\/posts\/4798","targetHints":{"allow":["GET"]}}],"collection":[{"href":"https:\/\/elmundodelapolitica.com\/v1\/wp-json\/wp\/v2\/posts"}],"about":[{"href":"https:\/\/elmundodelapolitica.com\/v1\/wp-json\/wp\/v2\/types\/post"}],"author":[{"embeddable":true,"href":"https:\/\/elmundodelapolitica.com\/v1\/wp-json\/wp\/v2\/users\/2"}],"replies":[{"embeddable":true,"href":"https:\/\/elmundodelapolitica.com\/v1\/wp-json\/wp\/v2\/comments?post=4798"}],"version-history":[{"count":0,"href":"https:\/\/elmundodelapolitica.com\/v1\/wp-json\/wp\/v2\/posts\/4798\/revisions"}],"wp:featuredmedia":[{"embeddable":true,"href":"https:\/\/elmundodelapolitica.com\/v1\/wp-json\/wp\/v2\/media\/4799"}],"wp:attachment":[{"href":"https:\/\/elmundodelapolitica.com\/v1\/wp-json\/wp\/v2\/media?parent=4798"}],"wp:term":[{"taxonomy":"category","embeddable":true,"href":"https:\/\/elmundodelapolitica.com\/v1\/wp-json\/wp\/v2\/categories?post=4798"},{"taxonomy":"post_tag","embeddable":true,"href":"https:\/\/elmundodelapolitica.com\/v1\/wp-json\/wp\/v2\/tags?post=4798"}],"curies":[{"name":"wp","href":"https:\/\/api.w.org\/{rel}","templated":true}]}}