{"id":4764,"date":"2023-09-07T10:00:37","date_gmt":"2023-09-07T14:00:37","guid":{"rendered":"https:\/\/elmundodelapolitica.com\/v1\/?p=4764"},"modified":"2023-09-07T10:00:37","modified_gmt":"2023-09-07T14:00:37","slug":"turismo-dentro-tres-primeros-lugares-de-los-sectores-objetivos-de-la-industria-del-cibercrimen","status":"publish","type":"post","link":"https:\/\/elmundodelapolitica.com\/v1\/turismo-dentro-tres-primeros-lugares-de-los-sectores-objetivos-de-la-industria-del-cibercrimen\/","title":{"rendered":"Turismo dentro tres primeros lugares de los sectores objetivos de la industria del cibercrimen"},"content":{"rendered":"<div>\n<p>Punta Cana.- El viceministro de Agenda Digital del<strong>\u00a0Ministerio de la Presidencia, Jos\u00e9 David Montilla<\/strong>, indic\u00f3 este martes que el\u00a0<strong>turismo<\/strong>\u00a0est\u00e1 dentro de\u00a0<strong>los tres primeros lugares<\/strong>\u00a0de los sectores objetivos de la industria del\u00a0<strong>cibercrimen<\/strong>.<\/p>\n<figure class=\"wp-block-image size-large\"><img data-attachment-id=\"32125\" data-permalink=\"https:\/\/elmundodelosnegocios.com.do\/v1\/index.php\/2023\/09\/07\/turismo-dentro-tres-primeros-lugares-de-los-sectores-objetivos-de-la-industria-del-cibercrimen\/0000-696x391-1\/\" data-orig-file=\"https:\/\/i0.wp.com\/elmundodelosnegocios.com.do\/v1\/wp-content\/uploads\/2023\/09\/0000-696x391-1.jpeg?fit=1300%2C731&amp;ssl=1\" data-orig-size=\"1300,731\" data-comments-opened=\"0\" data-image-meta='{\"aperture\":\"0\",\"credit\":\"\",\"camera\":\"\",\"caption\":\"\",\"created_timestamp\":\"0\",\"copyright\":\"\",\"focal_length\":\"0\",\"iso\":\"0\",\"shutter_speed\":\"0\",\"title\":\"\",\"orientation\":\"0\"}' data-image-title=\"0000-696\u00d7391-1\" data-image-description=\"\" data-image-caption=\"\" data-medium-file=\"https:\/\/i0.wp.com\/elmundodelosnegocios.com.do\/v1\/wp-content\/uploads\/2023\/09\/0000-696x391-1.jpeg?fit=300%2C169&amp;ssl=1\" data-large-file=\"https:\/\/i0.wp.com\/elmundodelosnegocios.com.do\/v1\/wp-content\/uploads\/2023\/09\/0000-696x391-1.jpeg?fit=1024%2C576&amp;ssl=1\" decoding=\"async\" loading=\"lazy\" width=\"1024\" height=\"576\" src=\"https:\/\/i0.wp.com\/elmundodelosnegocios.com.do\/v1\/wp-content\/uploads\/2023\/09\/0000-696x391-1-1024x576.jpeg?resize=1024,576&amp;ssl=1\" alt=\"\" class=\"wp-image-32125\" srcset=\"https:\/\/i0.wp.com\/elmundodelosnegocios.com.do\/v1\/wp-content\/uploads\/2023\/09\/0000-696x391-1.jpeg?resize=1024%2C576&amp;ssl=1 1024w, https:\/\/i0.wp.com\/elmundodelosnegocios.com.do\/v1\/wp-content\/uploads\/2023\/09\/0000-696x391-1.jpeg?resize=300%2C169&amp;ssl=1 300w, https:\/\/i0.wp.com\/elmundodelosnegocios.com.do\/v1\/wp-content\/uploads\/2023\/09\/0000-696x391-1.jpeg?resize=768%2C432&amp;ssl=1 768w, https:\/\/i0.wp.com\/elmundodelosnegocios.com.do\/v1\/wp-content\/uploads\/2023\/09\/0000-696x391-1.jpeg?w=1300&amp;ssl=1 1300w\" sizes=\"auto, (max-width: 1024px) 100vw, 1024px\" data-recalc-dims=\"1\"><\/figure>\n<p>Al participar en el\u00a0<strong>Primer Foro Tur\u00edstico Empresarial Themag Punta Cana 2023<\/strong>, el funcionario inform\u00f3 que el\u00a0<strong>89 %\u00a0<\/strong>de los ataques que se generan en esta \u00e1rea son por motivos financieros y de espionaje.<\/p>\n<p><em>\u00abEs muy interesante tener acceso a todos los datos, estrategias comerciales y comportamiento de los hu\u00e9spedes para saber c\u00f3mo est\u00e1 la tendencia en el \u00e1mbito tur\u00edstico, para con la Inteligencia Artificial trazar un esquema con las acciones a ejecutar que se requieren\u00bb,\u00a0<\/em>manifest\u00f3.<\/p>\n<p>Montilla resalt\u00f3 que en esta\u00a0<strong>sociedad hiperconectada<\/strong>\u00a0se hace necesario\u00a0<strong>fomentar una cultura de transformaci\u00f3n digital y de protecci\u00f3n en ciberseguridad<\/strong>. Por esto, el\u00a0<strong>Gobierno impulsa iniciativas<\/strong>\u00a0como la\u00a0<strong>Agenda Digital y la Pol\u00edtica Nacional de Innovaci\u00f3n<\/strong>, as\u00ed como las estrategias\u00a0<strong>de Ciberseguridad y la de Inteligencia Artificial<\/strong>, que impactan a todos los sectores productivos del pa\u00eds, precis\u00f3.<\/p>\n<p><em>\u00abEstamos en un momento de transformaci\u00f3n digital y esa evoluci\u00f3n requiere una mayor protecci\u00f3n de la ciudadan\u00eda. Nuestra Estrategia Nacional de Ciberseguridad promueve planes complementarios de ciberdelitos\u00bb<\/em>, expres\u00f3.<\/p>\n<p>El viceministro agreg\u00f3 que la mayor\u00eda de los ataques cibern\u00e9ticos son transfronterizos, y por tal raz\u00f3n es importante la\u00a0<strong>coordinaci\u00f3n internacional y agreg\u00f3 que el intercambio de informaci\u00f3n, pr\u00e1cticas y experiencias<\/strong>\u00a0entre naciones, en cuanto al proceso de transformaci\u00f3n digital.<\/p>\n<figure class=\"wp-block-image\"><img decoding=\"async\" src=\"https:\/\/i0.wp.com\/presidencia.gob.do\/sites\/default\/files\/inline-images\/Foro Tur\u00edstico.jpeg?w=1110&amp;ssl=1\" alt=\"\" data-recalc-dims=\"1\"><\/figure>\n<p><strong>Sobre el foro<\/strong><\/p>\n<p>Durante el Primer Foro Tur\u00edstico Empresarial Themag Punta Cana 2023, se trataron los actuales temas para el sector turismo y empresarial del pa\u00eds, relativos a\u00a0<strong>\u00abSostenibilidad\u00bb\u00a0<\/strong>y las\u00a0<strong>\u00abNuevas Tecnolog\u00edas\u00bb<\/strong>, con la<strong>\u00a0Inteligencia Artificial<\/strong>\u00a0como tema principal.<\/p>\n<p>Participaron en este coloquio junto al viceministro Jos\u00e9 David Montilla, los especialistas\u00a0<strong>Melissa Mu\u00f1oz Suro y Alejandro Arnaud<\/strong>, con la moderaci\u00f3n del editor en jefe de la revista Themag,\u00a0<strong>Marcelo Ballester.<\/strong><\/p>\n<p>El foro, realizado en el Hotel Meli\u00e1 Caribe Beach Punta Cana, concluy\u00f3 con la participaci\u00f3n del reconocido orador internacional,\u00a0<strong>Jimmy Pons<\/strong>, quien se present\u00f3 por primera vez en\u00a0<strong>Rep\u00fablica Dominicana.<\/strong><\/p>\n<\/div>\n","protected":false},"excerpt":{"rendered":"<p>Punta Cana.- El viceministro de Agenda Digital del\u00a0Ministerio de la Presidencia, Jos\u00e9 David Montilla, indic\u00f3 este martes que el\u00a0turismo\u00a0est\u00e1 dentro de\u00a0los tres primeros lugares\u00a0de los sectores objetivos de la industria&hellip; <\/p>\n","protected":false},"author":2,"featured_media":4765,"comment_status":"closed","ping_status":"closed","sticky":false,"template":"","format":"standard","meta":{"fifu_image_url":"https:\/\/i0.wp.com\/elmundodelosnegocios.com.do\/v1\/wp-content\/uploads\/2023\/09\/0000-696x391-1-1024x576.jpeg?resize=1024,576&ssl=1","fifu_image_alt":"Turismo dentro tres primeros lugares de los sectores objetivos de la industria del cibercrimen","footnotes":""},"categories":[63],"tags":[],"class_list":["post-4764","post","type-post","status-publish","format-standard","has-post-thumbnail","hentry","category-actualidad"],"_links":{"self":[{"href":"https:\/\/elmundodelapolitica.com\/v1\/wp-json\/wp\/v2\/posts\/4764","targetHints":{"allow":["GET"]}}],"collection":[{"href":"https:\/\/elmundodelapolitica.com\/v1\/wp-json\/wp\/v2\/posts"}],"about":[{"href":"https:\/\/elmundodelapolitica.com\/v1\/wp-json\/wp\/v2\/types\/post"}],"author":[{"embeddable":true,"href":"https:\/\/elmundodelapolitica.com\/v1\/wp-json\/wp\/v2\/users\/2"}],"replies":[{"embeddable":true,"href":"https:\/\/elmundodelapolitica.com\/v1\/wp-json\/wp\/v2\/comments?post=4764"}],"version-history":[{"count":0,"href":"https:\/\/elmundodelapolitica.com\/v1\/wp-json\/wp\/v2\/posts\/4764\/revisions"}],"wp:featuredmedia":[{"embeddable":true,"href":"https:\/\/elmundodelapolitica.com\/v1\/wp-json\/wp\/v2\/media\/4765"}],"wp:attachment":[{"href":"https:\/\/elmundodelapolitica.com\/v1\/wp-json\/wp\/v2\/media?parent=4764"}],"wp:term":[{"taxonomy":"category","embeddable":true,"href":"https:\/\/elmundodelapolitica.com\/v1\/wp-json\/wp\/v2\/categories?post=4764"},{"taxonomy":"post_tag","embeddable":true,"href":"https:\/\/elmundodelapolitica.com\/v1\/wp-json\/wp\/v2\/tags?post=4764"}],"curies":[{"name":"wp","href":"https:\/\/api.w.org\/{rel}","templated":true}]}}