{"id":4762,"date":"2023-09-07T09:57:07","date_gmt":"2023-09-07T13:57:07","guid":{"rendered":"https:\/\/elmundodelapolitica.com\/v1\/?p=4762"},"modified":"2023-09-07T09:57:07","modified_gmt":"2023-09-07T13:57:07","slug":"damac-capacita-a-colaboradores-en-evaluacion-de-tecnologias-en-salud-para-eficientizar-servicio-a-mas-de-16530-pacientes","status":"publish","type":"post","link":"https:\/\/elmundodelapolitica.com\/v1\/damac-capacita-a-colaboradores-en-evaluacion-de-tecnologias-en-salud-para-eficientizar-servicio-a-mas-de-16530-pacientes\/","title":{"rendered":"DAMAC capacita a colaboradores en Evaluaci\u00f3n de Tecnolog\u00edas en Salud, para eficientizar servicio a m\u00e1s de 16,530 pacientes"},"content":{"rendered":"<div>\n<p>Santo Domingo.- La\u00a0<strong>Direcci\u00f3n de Acceso a Medicamentos de Alto Costo<\/strong>\u00a0<strong>(DAMAC)<\/strong>, del\u00a0<strong>Ministerio de Salud P\u00fablica (MSP)<\/strong>, realiz\u00f3 el taller Evaluaci\u00f3n de Tecnolog\u00edas en Salud, dirigido a colaboradores, con el objetivo de\u00a0<strong>ampliar sus conocimientos<\/strong>\u00a0sobre esa \u00e1rea, mejorar m\u00e1s los procesos, hacer\u00a0<strong>m\u00e1s eficiente<\/strong>\u00a0la provisi\u00f3n de f\u00e1rmacos a su m\u00e1s de\u00a0<strong>16,530 pacientes<\/strong>\u00a0y continuar incluyendo a otros.\u00a0\u00a0<\/p>\n<div class=\"wp-block-image\">\n<figure class=\"aligncenter size-large\"><img data-attachment-id=\"32122\" data-permalink=\"https:\/\/elmundodelosnegocios.com.do\/v1\/index.php\/2023\/09\/07\/damac-capacita-a-colaboradores-en-evaluacion-de-tecnologias-en-salud-para-eficientizar-servicio-a-mas-de-16530-pacientes\/000a-5-2\/\" data-orig-file=\"https:\/\/i0.wp.com\/elmundodelosnegocios.com.do\/v1\/wp-content\/uploads\/2023\/09\/000A-5.jpg?fit=1300%2C731&amp;ssl=1\" data-orig-size=\"1300,731\" data-comments-opened=\"0\" data-image-meta='{\"aperture\":\"0\",\"credit\":\"\",\"camera\":\"\",\"caption\":\"\",\"created_timestamp\":\"0\",\"copyright\":\"\",\"focal_length\":\"0\",\"iso\":\"0\",\"shutter_speed\":\"0\",\"title\":\"\",\"orientation\":\"0\"}' data-image-title=\"000A-5\" data-image-description=\"\" data-image-caption=\"\" data-medium-file=\"https:\/\/i0.wp.com\/elmundodelosnegocios.com.do\/v1\/wp-content\/uploads\/2023\/09\/000A-5.jpg?fit=300%2C169&amp;ssl=1\" data-large-file=\"https:\/\/i0.wp.com\/elmundodelosnegocios.com.do\/v1\/wp-content\/uploads\/2023\/09\/000A-5.jpg?fit=1024%2C576&amp;ssl=1\" decoding=\"async\" loading=\"lazy\" width=\"1024\" height=\"576\" src=\"https:\/\/i0.wp.com\/elmundodelosnegocios.com.do\/v1\/wp-content\/uploads\/2023\/09\/000A-5-1024x576.jpg?resize=1024,576&amp;ssl=1\" alt=\"\" class=\"wp-image-32122\" srcset=\"https:\/\/i0.wp.com\/elmundodelosnegocios.com.do\/v1\/wp-content\/uploads\/2023\/09\/000A-5.jpg?resize=1024%2C576&amp;ssl=1 1024w, https:\/\/i0.wp.com\/elmundodelosnegocios.com.do\/v1\/wp-content\/uploads\/2023\/09\/000A-5.jpg?resize=300%2C169&amp;ssl=1 300w, https:\/\/i0.wp.com\/elmundodelosnegocios.com.do\/v1\/wp-content\/uploads\/2023\/09\/000A-5.jpg?resize=768%2C432&amp;ssl=1 768w, https:\/\/i0.wp.com\/elmundodelosnegocios.com.do\/v1\/wp-content\/uploads\/2023\/09\/000A-5.jpg?w=1300&amp;ssl=1 1300w\" sizes=\"auto, (max-width: 1024px) 100vw, 1024px\" data-recalc-dims=\"1\"><\/figure>\n<\/div>\n<p>La directora de Damac,\u00a0<strong>doctora Karen Cepeda,<\/strong>\u00a0consider\u00f3 que con la capacitaci\u00f3n se busca, adem\u00e1s, que los colaboradores reciban una mayor preparaci\u00f3n para\u00a0<strong>desempe\u00f1ar una mejor labor<\/strong>\u00a0en el organismo y emplear de una forma m\u00e1s eficaz los\u00a0<strong>RD 8,000\u00a0<\/strong>millones, erogados este a\u00f1o por el Gobierno del presidente\u00a0<strong>Luis Abinader,\u00a0<\/strong>para la adquisici\u00f3n de f\u00e1rmacos de alto costo, a trav\u00e9s de Salud P\u00fablica.\u00a0\u00a0<\/p>\n<p>En el taller, impartido por la\u00a0<strong>Universidad del Bosque<\/strong>, de Colombia, con el auspicio de la\u00a0<strong>Federaci\u00f3n Centroamericana y del Caribe de Laboratorios Farmac\u00e9uticos<\/strong>\u00a0(Fedefarma), fueron tratados y analizados a profundidad, mediante conferencias de alto nivel y ejercicios, los temas: resultados cl\u00ednicos y financieros, criterios de priorizaci\u00f3n, acceso, an\u00e1lisis de costo-efectividad y tecnolog\u00edas sanitarias, as\u00ed como herramientas, t\u00e9cnicas y procesos para\u00a0<strong>mejorar las compras de medicamentos<\/strong>.\u00a0\u00a0<\/p>\n<p>Cepeda indic\u00f3 que, con esa y otras\u00a0<strong>capacitaciones recibidas<\/strong>\u00a0por los colaboradores de Damac este a\u00f1o, se busca\u00a0<strong>impactar de manera positiva<\/strong>\u00a0a los pacientes del Programa de Medicamentos de Alto Costo y continuar con el proceso de<strong>\u00a0inclusi\u00f3n<\/strong>\u00a0de otros.\u00a0\u00a0<\/p>\n<p><em>\u201cAgradecemos al personal de Damac su motivaci\u00f3n de continuar en aprendizaje constante y apegado a la gesti\u00f3n de cambio\u201d, agreg\u00f3.\u00a0\u00a0<\/em><\/p>\n<figure class=\"wp-block-image\"><img decoding=\"async\" src=\"https:\/\/i0.wp.com\/presidencia.gob.do\/sites\/default\/files\/inline-images\/IMG-20230830-WA0077.jpg?w=1110&amp;ssl=1\" alt=\"\" data-recalc-dims=\"1\"><\/figure>\n<p>En el taller Evaluaci\u00f3n de Tecnolog\u00edas en Salud tambi\u00e9n participaron<strong>, Leandro Villanueva<\/strong>, director general de Medicamentos, Alimentos y Productos Sanitarios (<strong>DIGEMAPS<\/strong>);\u00a0<strong>Yesenia D\u00edaz<\/strong>, directora de Aseguramiento de la Superintendencia de Salud y Riesgos Laborales\u00a0<strong>(SISALRIL),<\/strong>\u00a0y otros colaboradores de esos organismos y del\u00a0<strong>Viceministerio de Fortalecimiento y Desarrollo del Sector Salud.\u00a0\u00a0<\/strong><\/p>\n<p>Por otro lado, la representante de la Junta Directiva y la gerente Pa\u00eds de Fedefarma,\u00a0<strong>Mar\u00eda Jos\u00e9 S\u00e1nchez<\/strong>\u00a0y\u00a0<strong>Meris Francisco<\/strong>, respectivamente, as\u00ed como el director de postgrado en Gerencia de Marketing de la Universidad del Bosque,\u00a0<strong>H\u00e9ctor Hoyos<\/strong>, expresaron su satisfacci\u00f3n por\u00a0<strong>contribuir con la capacitaci\u00f3n<\/strong>\u00a0de colaboradores del sistema de salud de\u00a0<strong>Rep\u00fablica Dominicana.<\/strong><\/p>\n<\/div>\n","protected":false},"excerpt":{"rendered":"<p>Santo Domingo.- La\u00a0Direcci\u00f3n de Acceso a Medicamentos de Alto Costo\u00a0(DAMAC), del\u00a0Ministerio de Salud P\u00fablica (MSP), realiz\u00f3 el taller Evaluaci\u00f3n de Tecnolog\u00edas en Salud, dirigido a colaboradores, con el objetivo de\u00a0ampliar&hellip; <\/p>\n","protected":false},"author":2,"featured_media":4763,"comment_status":"closed","ping_status":"closed","sticky":false,"template":"","format":"standard","meta":{"fifu_image_url":"https:\/\/i0.wp.com\/elmundodelosnegocios.com.do\/v1\/wp-content\/uploads\/2023\/09\/000A-5-1024x576.jpg?resize=1024,576&ssl=1","fifu_image_alt":"DAMAC capacita a colaboradores en Evaluaci\u00f3n de Tecnolog\u00edas en Salud, para eficientizar servicio a m\u00e1s de 16,530 pacientes","footnotes":""},"categories":[63],"tags":[],"class_list":["post-4762","post","type-post","status-publish","format-standard","has-post-thumbnail","hentry","category-actualidad"],"_links":{"self":[{"href":"https:\/\/elmundodelapolitica.com\/v1\/wp-json\/wp\/v2\/posts\/4762","targetHints":{"allow":["GET"]}}],"collection":[{"href":"https:\/\/elmundodelapolitica.com\/v1\/wp-json\/wp\/v2\/posts"}],"about":[{"href":"https:\/\/elmundodelapolitica.com\/v1\/wp-json\/wp\/v2\/types\/post"}],"author":[{"embeddable":true,"href":"https:\/\/elmundodelapolitica.com\/v1\/wp-json\/wp\/v2\/users\/2"}],"replies":[{"embeddable":true,"href":"https:\/\/elmundodelapolitica.com\/v1\/wp-json\/wp\/v2\/comments?post=4762"}],"version-history":[{"count":0,"href":"https:\/\/elmundodelapolitica.com\/v1\/wp-json\/wp\/v2\/posts\/4762\/revisions"}],"wp:featuredmedia":[{"embeddable":true,"href":"https:\/\/elmundodelapolitica.com\/v1\/wp-json\/wp\/v2\/media\/4763"}],"wp:attachment":[{"href":"https:\/\/elmundodelapolitica.com\/v1\/wp-json\/wp\/v2\/media?parent=4762"}],"wp:term":[{"taxonomy":"category","embeddable":true,"href":"https:\/\/elmundodelapolitica.com\/v1\/wp-json\/wp\/v2\/categories?post=4762"},{"taxonomy":"post_tag","embeddable":true,"href":"https:\/\/elmundodelapolitica.com\/v1\/wp-json\/wp\/v2\/tags?post=4762"}],"curies":[{"name":"wp","href":"https:\/\/api.w.org\/{rel}","templated":true}]}}