{"id":4754,"date":"2023-09-07T01:06:36","date_gmt":"2023-09-07T05:06:36","guid":{"rendered":"https:\/\/elmundodelapolitica.com\/v1\/?p=4754"},"modified":"2023-09-07T01:06:36","modified_gmt":"2023-09-07T05:06:36","slug":"resumen-fourkites-lanza-my-workspace-para-empoderar-a-los-clientes-con-panoramas-instantaneos-y-personalizables-de-la-cadena-de-suministro","status":"publish","type":"post","link":"https:\/\/elmundodelapolitica.com\/v1\/resumen-fourkites-lanza-my-workspace-para-empoderar-a-los-clientes-con-panoramas-instantaneos-y-personalizables-de-la-cadena-de-suministro\/","title":{"rendered":"Resumen: FourKites lanza My Workspace para empoderar a los clientes con panoramas instant\u00e1neos y personalizables de la cadena de suministro"},"content":{"rendered":"<p>El nuevo panel centraliza los datos m\u00e1s importantes de todo el ecosistema de productos integrado de FourKites tanto para ejecutivos como para operadores\u00c1MSTERDAM&#8211;(BUSINESS WIRE)&#8211;El proveedor de visibilidad de cadena de suministro FourKites anuncia hoy el lanzamiento de My Workspace, un panel personalizable que muestra panoramas conectados de toda la suite de productos de FourKites en una sola vista unificada. Esta experiencia transparente permite que los usuarios accedan a panoramas cr\u00edticos de la cadena de suministro m\u00e1s r\u00e1pido que nunca, adem\u00e1s de aprovechar la plataforma de FourKites como fuente \u00fanica de datos ver\u00eddicos para toda la organizaci\u00f3n, tanto para usuarios operativos como para ejecutivos.<br \/>\n\u201cNuestros clientes conf\u00edan en FourKites para panoramas de misi\u00f3n cr\u00edtica en distintas funciones y equipos dentro de su organizaci\u00f3n, entre ellos la sala de juntas, donde las conversaciones sobre cadenas de suministro ya son algo de todos los d\u00edas\u201d, se\u00f1al\u00f3 Priya Rajagopalan, directora de producto de FourKites.<br \/>\nEl comunicado en el idioma original es la versi\u00f3n oficial y autorizada del mismo. Esta traducci\u00f3n es solamente un medio de ayuda y deber\u00e1 ser comparada con el texto en idioma original, que es la \u00fanica versi\u00f3n del texto que tendr\u00e1 validez legal. Contacts<br \/>\nScott Johnston<br \/>\nDirector de RR. PP. para Europa de FourKites<br \/>\n+31 62 147 8442<br \/>\nscott.johnston@fourkites.com<\/p>\n","protected":false},"excerpt":{"rendered":"<div>\n<p class=\"bwalignc\">\n<i>El nuevo panel centraliza los datos m\u00e1s importantes de todo el ecosistema de productos integrado de FourKites tanto para ejecutivos como para operadores<\/i><\/p>\n<p>\u00c1MSTERDAM&#8211;(BUSINESS WIRE)&#8211;El proveedor de visibilidad de cadena de suministro <a target=\"_blank\" href=\"https:\/\/cts.businesswire.com\/ct\/CT?id=smartlink&amp;url=https%3A%2F%2Fwww.fourkites.com%3Futm_medium%3Dpress&amp;esheet=53549799&amp;newsitemid=20230906211258&amp;lan=es-ES&amp;anchor=FourKites&amp;index=1&amp;md5=6288d965e8772144c4da35391b025425\" rel=\"nofollow noopener\">FourKites<\/a> anuncia hoy el lanzamiento de My Workspace, un panel personalizable que muestra panoramas conectados de toda la suite de productos de FourKites en una sola vista unificada. Esta experiencia transparente permite que los usuarios accedan a panoramas cr\u00edticos de la cadena de suministro m\u00e1s r\u00e1pido que nunca, adem\u00e1s de aprovechar la plataforma de FourKites como fuente \u00fanica de datos ver\u00eddicos para toda la organizaci\u00f3n, tanto para usuarios operativos como para ejecutivos.<\/p>\n<p><a href=\"https:\/\/mms.businesswire.com\/media\/20230906211258\/es\/1882713\/5\/FourKites_New_Logo_Positive_RGB.jpg\"><img decoding=\"async\" src=\"https:\/\/mms.businesswire.com\/media\/20230906812738\/en\/1882713\/21\/FourKites_New_Logo_Positive_RGB.jpg\"><\/a><br \/><a href=\"https:\/\/mms.businesswire.com\/media\/20230906211258\/es\/1882713\/5\/FourKites_New_Logo_Positive_RGB.jpg\"><img decoding=\"async\" src=\"https:\/\/mms.businesswire.com\/media\/20230906211258\/es\/1882713\/22\/FourKites_New_Logo_Positive_RGB.jpg\"><\/a><\/p>\n<p>\n\u201cNuestros clientes conf\u00edan en FourKites para panoramas de misi\u00f3n cr\u00edtica en distintas funciones y equipos dentro de su organizaci\u00f3n, entre ellos la sala de juntas, donde las conversaciones sobre cadenas de suministro ya son algo de todos los d\u00edas\u201d, se\u00f1al\u00f3 Priya Rajagopalan, directora de producto de FourKites.<\/p>\n<p>\nEl comunicado en el idioma original es la versi\u00f3n oficial y autorizada del mismo. Esta traducci\u00f3n es solamente un medio de ayuda y deber\u00e1 ser comparada con el texto en idioma original, que es la \u00fanica versi\u00f3n del texto que tendr\u00e1 validez legal.<\/p>\n<p> <b>Contacts<\/b> <\/p>\n<p>\nScott Johnston<br \/>\n<br \/>Director de RR. PP. para Europa de FourKites<br \/>\n<br \/>+31 62 147 8442<br \/>\n<br \/><a target=\"_blank\" href=\"mailto:scott.johnston@fourkites.com\" rel=\"nofollow noopener\">scott.johnston@fourkites.com<\/a><\/p>\n<\/div>\n","protected":false},"author":2,"featured_media":4755,"comment_status":"closed","ping_status":"closed","sticky":false,"template":"","format":"standard","meta":{"fifu_image_url":"https:\/\/mms.businesswire.com\/media\/20230906812738\/en\/1882713\/21\/FourKites_New_Logo_Positive_RGB.jpg","fifu_image_alt":"Resumen: FourKites lanza My Workspace para empoderar a los clientes con panoramas instant\u00e1neos y personalizables de la cadena de suministro","footnotes":""},"categories":[44],"tags":[],"class_list":["post-4754","post","type-post","status-publish","format-standard","has-post-thumbnail","hentry","category-business-wire"],"_links":{"self":[{"href":"https:\/\/elmundodelapolitica.com\/v1\/wp-json\/wp\/v2\/posts\/4754","targetHints":{"allow":["GET"]}}],"collection":[{"href":"https:\/\/elmundodelapolitica.com\/v1\/wp-json\/wp\/v2\/posts"}],"about":[{"href":"https:\/\/elmundodelapolitica.com\/v1\/wp-json\/wp\/v2\/types\/post"}],"author":[{"embeddable":true,"href":"https:\/\/elmundodelapolitica.com\/v1\/wp-json\/wp\/v2\/users\/2"}],"replies":[{"embeddable":true,"href":"https:\/\/elmundodelapolitica.com\/v1\/wp-json\/wp\/v2\/comments?post=4754"}],"version-history":[{"count":0,"href":"https:\/\/elmundodelapolitica.com\/v1\/wp-json\/wp\/v2\/posts\/4754\/revisions"}],"wp:featuredmedia":[{"embeddable":true,"href":"https:\/\/elmundodelapolitica.com\/v1\/wp-json\/wp\/v2\/media\/4755"}],"wp:attachment":[{"href":"https:\/\/elmundodelapolitica.com\/v1\/wp-json\/wp\/v2\/media?parent=4754"}],"wp:term":[{"taxonomy":"category","embeddable":true,"href":"https:\/\/elmundodelapolitica.com\/v1\/wp-json\/wp\/v2\/categories?post=4754"},{"taxonomy":"post_tag","embeddable":true,"href":"https:\/\/elmundodelapolitica.com\/v1\/wp-json\/wp\/v2\/tags?post=4754"}],"curies":[{"name":"wp","href":"https:\/\/api.w.org\/{rel}","templated":true}]}}