{"id":4752,"date":"2023-09-06T09:33:48","date_gmt":"2023-09-06T13:33:48","guid":{"rendered":"https:\/\/elmundodelapolitica.com\/v1\/?p=4752"},"modified":"2023-09-06T09:33:48","modified_gmt":"2023-09-06T13:33:48","slug":"articulo-el-brics-epitome-del-pragmatismo-economico","status":"publish","type":"post","link":"https:\/\/elmundodelapolitica.com\/v1\/articulo-el-brics-epitome-del-pragmatismo-economico\/","title":{"rendered":"ART\u00cdCULO: El BRICS: Ep\u00edtome del pragmatismo econ\u00f3mico"},"content":{"rendered":"<div>\n<p>Por: Dr. Virgilio M. Malag\u00f3n \u00c1lvarez, PhD<\/p>\n<p><a href=\"mailto:virgiliomalagonalvarez@gmail.com\">virgiliomalagonalvarez@gmail.com<\/a><\/p>\n<p>Para \u00abEl Mundo de los Negocios\u00bb y dem\u00e1s Multimedios de The Ballester Business &amp; Media Group, Inc.<\/p>\n<figure class=\"wp-block-image size-full\"><img loading=\"lazy\" data-attachment-id=\"9916\" data-permalink=\"https:\/\/elmundodelosnegocios.com.do\/v1\/index.php\/2021\/09\/06\/articulo-consideraciones-impositivas-para-viabilizacion-fiscal-de-la-industria-minera\/0-10-640x360\/\" data-orig-file=\"https:\/\/i0.wp.com\/elmundodelosnegocios.com.do\/v1\/wp-content\/uploads\/2021\/09\/0-10-640x360-1.jpg?fit=768%2C432&amp;ssl=1\" data-orig-size=\"768,432\" data-comments-opened=\"0\" data-image-meta='{\"aperture\":\"0\",\"credit\":\"\",\"camera\":\"\",\"caption\":\"\",\"created_timestamp\":\"0\",\"copyright\":\"\",\"focal_length\":\"0\",\"iso\":\"0\",\"shutter_speed\":\"0\",\"title\":\"\",\"orientation\":\"0\"}' data-image-title=\"Virgilio M. Malag\u00f3n \u00c1lvarez\" data-image-description=\"\" data-image-caption=\"\" data-medium-file=\"https:\/\/i0.wp.com\/elmundodelosnegocios.com.do\/v1\/wp-content\/uploads\/2021\/09\/0-10-640x360-1.jpg?fit=300%2C169&amp;ssl=1\" data-large-file=\"https:\/\/i0.wp.com\/elmundodelosnegocios.com.do\/v1\/wp-content\/uploads\/2021\/09\/0-10-640x360-1.jpg?fit=768%2C432&amp;ssl=1\" decoding=\"async\" width=\"768\" height=\"432\" src=\"https:\/\/i0.wp.com\/elmundodelosnegocios.com.do\/v1\/wp-content\/uploads\/2021\/09\/0-10-640x360-1.jpg?resize=768,432\" alt=\"\" class=\"wp-image-9916\" srcset=\"https:\/\/i0.wp.com\/elmundodelosnegocios.com.do\/v1\/wp-content\/uploads\/2021\/09\/0-10-640x360-1.jpg?w=768&amp;ssl=1 768w, https:\/\/i0.wp.com\/elmundodelosnegocios.com.do\/v1\/wp-content\/uploads\/2021\/09\/0-10-640x360-1.jpg?resize=300%2C169&amp;ssl=1 300w, https:\/\/i0.wp.com\/elmundodelosnegocios.com.do\/v1\/wp-content\/uploads\/2021\/09\/0-10-640x360-1.jpg?resize=390%2C220&amp;ssl=1 390w\" sizes=\"auto, (max-width: 768px) 100vw, 768px\" data-recalc-dims=\"1\"><\/figure>\n<p><em>Amigo lector:<\/em><\/p>\n<p><em>La humanidad tiende siempre a evolucionar, dentro de sus limitaciones y falencias, hacia escenarios mas promisorios. El surgimiento del BRICS, no es la excepci\u00f3n.<\/em><\/p>\n<p><strong><em>I-Pre\u00e1mbulo:<\/em><\/strong><\/p>\n<p><strong><em>\u00a0<\/em><\/strong>La sigla BRICS se refiere a Brasil, Rusia, India, China y Sud\u00e1frica, todos ellos considerados econom\u00edas emergentes, con un gran potencial, que pueden llegar a estar entre las econom\u00edas dominantes, a mediados de siglo.\u00a0<\/p>\n<p>Asi tambi\u00e9n, los Pa\u00edses del G7\/8, son los Estados Unidos, Jap\u00f3n, Alemania, Reino Unido, Francia, Italia y Canad\u00e1; siete pa\u00edses que lo forman. No obstante, Rusia se uni\u00f3 en 1998 pasando a denominarse G8, pero en 2014 dej\u00f3 de formar parte del grupo como represalia por la adhesi\u00f3n de Crimea, volviendo a su nombre original. Es importante se\u00f1alar que juntos representan el 43 por ciento de la poblaci\u00f3n mundial y sus econom\u00edas constituyen el 25 por ciento del producto interno bruto global.\u00a0<\/p>\n<p>Sin embargo, para disputar la hegemon\u00eda global del \u00a8Grupo de los G\u00a8, los BRICS necesitan ampliar su \u00e1rea de influencia m\u00e1s all\u00e1 de sus actuales cinco integrantes. De ah\u00ed que, Argentina quiere sumarse a ese espacio y brindar sus aportes como integrante de este bloque. La candidatura argentina cuenta con el respaldo especialmente de Brasil y China, sus dos principales socios comerciales; Pek\u00edn la incluy\u00f3 recientemente en la iniciativa de la ruta de la seda. Como corolario, podr\u00edamos agregar que con una China como superpotencia, con la que nosotros somos socios comerciales, tenemos en este momento una gran oportunidad de ingresar al BRICS.<\/p>\n<p>Ahora bien, tal y como deje especificado en una entrega anterior, no todo es factible para que el BRICS(A) sea la piedra angular para un nuevo Orden Econ\u00f3mico Mundial (NOM). Veamos:<\/p>\n<ol>\n<li>Para disputarle la hegemon\u00eda mundial a occidente el grupo de los brics deber\u00e1 resolver antes determinadas contradicciones internas y qu\u00e9 papel estar\u00eda dispuesta a jugar una Rusia debilitada por las sanciones occidentales.<\/li>\n<li>En adici\u00f3n, la India y China mantienen una fuerte rivalidad regional que puede generar importantes tensiones con Pek\u00edn, al asumir este, un papel de liderazgo protag\u00f3nico cada vez m\u00e1s evidente.<\/li>\n<li>\u00a0De ah\u00ed que, China est\u00e1 tomando la principal\u00eda de este bloque y est\u00e1 viendo una gran posibilidad de capitalizarlo en funci\u00f3n de sus propios intereses de pol\u00edtica exterior y, en ese sentido, pa\u00edses como la India deben de manejar el protagonismo chino de una manera diplom\u00e1tica y equidistante. Pero si China busca seguir acaparando ese protagonismo, est\u00e1 actitud creara tensiones crecientes e insalvables.<\/li>\n<\/ol>\n<p><strong><em>II-Eventos Recientes:<\/em><\/strong><\/p>\n<ol>\n<li>El mi\u00e9rcoles 23 de agosto, de este a\u00f1o, la cumbre BRICS, de tres d\u00edas, se celebr\u00f3 en Johannesburgo, Sud\u00e1frica.\u00a0<\/li>\n<li>En la sesi\u00f3n plenaria de la cumbre BRICS, se escucharon los discursos de los l\u00edderes de las cinco naciones BRICS, donde estos subrayaron que un cambio geopol\u00edtico mundial est\u00e1 en marcha, alimentado por el entendimiento de que ahora se est\u00e1 creando una nueva arquitectura de paz y desarrollo impulsada por una condici\u00f3n de supervivencia y resiliencia econ\u00f3mica.<\/li>\n<li>El presidente brasile\u00f1o Lula da Silva, expreso: \u00abEl mundo necesita comprender que los riesgos provocados por el aventurismo desenfrenado de occidente son inaceptables para la humanidad\u00bb. Adem\u00e1s, \u201ces inaceptable que el gasto militar mundial en un solo a\u00f1o supere los 2 billones de d\u00f3lares, mientras la FAO nos dice que 735 millones de personas pasan hambre cada d\u00eda en el mundo\u201d. Lula inst\u00f3 a encontrar una soluci\u00f3n pac\u00edfica y negociada a la crisis de Ucrania y elogi\u00f3 las propuestas de paz realizadas por tres de los miembros del BRICS: China, Sud\u00e1frica y Brasil.<\/li>\n<li>El presidente chino, Xi Jinping, tambi\u00e9n destac\u00f3 que \u201cel mundo ha entrado en un nuevo per\u00edodo de turbulencia y transformaci\u00f3n\u201d y que la paz y el desarrollo deben ir de la mano. Es aqu\u00ed, donde El expres\u00f3 esta frase lapidaria e irreversible: \u201c\u00bfDeber\u00edamos trabajar juntos para mantener la paz y la estabilidad, o simplemente caminar son\u00e1mbulos hacia el abismo de una nueva Guerra Fr\u00eda?\u201d \u201cNecesitamos una\u00a0 nueva arquitectura que garantice\u00a0 la seguridad de todas las naciones, grandes y peque\u00f1as\u201d.<\/li>\n<\/ol>\n<p><strong><em>NOTA 1:<\/em><\/strong><em>\u201d El presidente Xi dijo que \u201cel desarrollo es un derecho inalienable de todos los pa\u00edses, no un privilegio reservado para unos pocos\u201d y que \u201cnecesitamos aprovechar plenamente el papel del Nuevo Banco de Desarrollo del BRICS\u201d<\/em><\/p>\n<ol start=\"5\">\n<li>En cuanto a la superaci\u00f3n de la pobreza y el subdesarrollo, el Presidente Ramaphosa afirm\u00f3 que \u201csabemos que la pobreza, la desigualdad y el subdesarrollo son los mayores desaf\u00edos que enfrenta la humanidad.\u00a0<\/li>\n<li>El presidente Putin, v\u00eda ZOOM, inst\u00f3 a los BRICS a \u201cconstruir asociaciones en ciencia e innovaci\u00f3n, atenci\u00f3n sanitaria, educaci\u00f3n y v\u00ednculos humanitarios en su conjunto\u201d. Adem\u00e1s, enfatiz\u00f3 que deber\u00edan \u201cdesarrollarse la cooperaci\u00f3n interbancaria y ampliar el uso de las monedas nacionales\u201d.<\/li>\n<li>El presidente de Brasil no cree que las naciones que no usan el d\u00f3lar deban verse obligadas a comerciar con esa moneda, y tambi\u00e9n ha abogado por una moneda com\u00fan en el bloque Mercosur de pa\u00edses sudamericanos. Sin embargo, funcionarios y economistas han se\u00f1alado las dificultades que implica un proyecto de este tipo, dadas las disparidades econ\u00f3micas, pol\u00edticas y geogr\u00e1ficas entre Brasil, Rusia, India, China y Sud\u00e1frica.<\/li>\n<\/ol>\n<p><strong><em>NOTA 2:<\/em><\/strong><em> Para estructurarla, tendr\u00eda que ser dentro de un proyecto pol\u00edtico, apoyado por los poderes facticos de los pa\u00edses participantes. De ah\u00ed que YO formulo la gran pregunta: \u00bfD\u00f3nde estar\u00eda ubicado el Banco Central de esta nueva moneda, para garantizar la disciplina monetaria en su ejecuci\u00f3n? Adem\u00e1s, los desequilibrios comerciales tambi\u00e9n son un problema, esto asi debido a que el d\u00f3lar todav\u00eda domina el comercio mundial; casi el 90% de las transacciones mundiales de divisas, seg\u00fan datos del Banco de Pagos Internacionales. Una desdolarizaci\u00f3n requerir\u00eda que innumerables exportadores e importadores, as\u00ed como prestatarios, prestamistas y comerciantes de divisas de todo el mundo, decidieran de forma independiente utilizar otras monedas.<\/em><\/p>\n<p><strong><em>NOTA 3:<\/em><\/strong><em> Otro punto a considerar, acorde con una percepci\u00f3n personal, es que existe un comportamiento entr\u00f3pico-cultural que ha afectado a los pa\u00edses \u201cG\u201d. Este est\u00e1 muy afectado por\u00a0 la falta de un prop\u00f3sito visible y de coordinaci\u00f3n, adem\u00e1s de diferencias tangibles en los intereses pol\u00edticos y los est\u00e1ndares de producci\u00f3n, por no hablar de las monedas, que han impedido que estos pa\u00edses sean realmente invencibles.<\/em><\/p>\n<p><strong><em>III-Epilogo:<\/em><\/strong><\/p>\n<p>Se podr\u00eda argumentar que las naciones del G7 (las siete econom\u00edas avanzadas m\u00e1s grandes en t\u00e9rminos de PIB, incluidas Canad\u00e1, Francia, Alemania, Italia, Jap\u00f3n, Estados Unidos y el Reino Unido) desde\u00f1aron algunas de las demandas e intereses de los pa\u00edses BRICS(A). Sin embargo, \u00faltimamente, la geopol\u00edtica comenz\u00f3 a tener un impacto cada vez mayor en los v\u00ednculos econ\u00f3micos.<\/p>\n<p>La continua expansi\u00f3n y consolidaci\u00f3n de \u00e9stos, ofrece a los BRICS la oportunidad de tener una voz poderosa en temas como la gesti\u00f3n clim\u00e1tica y el control de los sistemas financieros globales. Por ende, Los reci\u00e9n llegados pueden verlo como una manera de diversificar sus oportunidades de negocios (y ser menos dependientes de los pa\u00edses occidentales y sus reglas) con la promesa de t\u00e9rminos comerciales preferenciales y otros incentivos, para aumentar el comercio y las inversiones transfronterizas.<\/p>\n<p>Los actuales miembros del bloque representan alrededor del 42% de la poblaci\u00f3n mundial y m\u00e1s de 27 billones de d\u00f3lares en Producto Interno Bruto Acumulado. El grupo ampliado representar\u00e1 el 46,5% de la poblaci\u00f3n mundial y, utilizando los datos del PIB de 2022 del FMI, podemos calcular que representar\u00e1 30,8 billones de d\u00f3lares del PIB mundial de 100 billones de d\u00f3lares. Seg\u00fan el Banco Mundial, en total, este BRICS(A) ampliado ahora aumenta su participaci\u00f3n en el PIB global a m\u00e1s del 36% superando la del G7. (Un Bill\u00f3n en Castellano es igual al Trill\u00f3n Norteamericano).<\/p>\n<p><strong><em>NOTA 4:<\/em><\/strong><em> Es importante se\u00f1alar que, que es dif\u00edcil ignorar al nuevo grupo, ya que sus miembros poseen el 45% de la producci\u00f3n mundial de petr\u00f3leo y poseen importantes sectores de mineral de hierro, metales estrat\u00e9gicos, carb\u00f3n y bauxita, por no hablar del papel clave que desempe\u00f1an en la agricultura mundial.<\/em><\/p>\n<p><strong><em>IV-Aterrizando el BRICS(A) en suelo dominicano:<\/em><\/strong><\/p>\n<p>Amigo Lector, tal y como se lo exprese a mi amigo y colega Iv\u00e1n Gat\u00f3n, le transcribo mi \u00faltimo WhatsApp:<\/p>\n<p>\u201cBuenos d\u00edas, Iv\u00e1n, \u00bfc\u00f3mo est\u00e1s? F\u00edjate, lo del BRICS es algo que tiene una impronta indetenible. Por razones muy obvias, ya la famosa polarizaci\u00f3n de los enclaves geopol\u00edticos, como decimos ac\u00e1 coloquialmente, est\u00e1 pasando de moda. F\u00edjate una cosa, ya con la incorporaci\u00f3n de Argentina y dentro de poco se incorporar\u00e1n m\u00e1s pa\u00edses, tendremos que ponernos las botas. \u201cInclusive le he escrito al se\u00f1or gobernador (H\u00e9ctor Valdez), varios estudios que he hecho al respecto y tambi\u00e9n al se\u00f1or presidente<em>, de que ya el Banco Central debe tener un departamento especializado de contingencia monetaria ante el surgimiento del BRICS\u201d.\u00a0<\/em><\/p>\n<p>\u00a0Luego continue explic\u00e1ndole de que, \u201cverbigracia, tener un departamento que le d\u00e9 las herramientas necesarias al Banco Central, de la Rep\u00fablica Dominicana, para que pueda empezar a socializar los t\u00e9rminos de referencia del BRICS y, obviamente, la eventual participaci\u00f3n de la Rep\u00fablica Dominicana en ese bloque econ\u00f3mico\u201d.\u00a0<\/p>\n<p>\u201cF\u00edjate, en esto hay una peque\u00f1a paradoja que el mismo gobierno norteamericano, a trav\u00e9s de la se\u00f1ora Janet Yellen, Secretaria del Tesoro Norteamericano, lo ha reconocido\u00bb. \u201cSe necesita vigorizar, revitalizar las canastas de monedas internacionales, porque ya los medios de pago, con el surgimiento de, vamos a decir, de la tecnolog\u00eda y la inteligencia artificial y todas estas cosas. Ya los medios de pago tradicionales, l\u00e9anse, bonos y documentos negociables en bolsa, dentro de 5 a\u00f1os ya eso ser\u00e1 historia\u201d.\u00a0<\/p>\n<p>\u00a0\u201cF\u00edjate tambi\u00e9n, que el mundo vive una econom\u00eda de papeles. La emisi\u00f3n monetaria de los Estados Unidos supera en un 3,000% al activo l\u00edquido que pueda tener los Estados Unidos en su territorio. Entonces, vamos a decir, que la parte rom\u00e1ntica aquella del respaldo monetario, todo ese tipo de cosas, ya, hoy d\u00eda eso es pr\u00e1cticamente irrelevante\u201d.\u00a0<\/p>\n<p>Por \u00faltimo, le remarqu\u00e9 a Iv\u00e1n Gat\u00f3n: \u201cLas econom\u00edas no se mueven en base a activos de capital, se mueven en base a activos tecnol\u00f3gicos que fomentan, de una forma u otra, los activos tangibles a trav\u00e9s de la manufactura, la industria de servicios, etc\u00e9tera, etc\u00e9tera, etc\u00e9tera.\u00a0 O sea que ya nuestro pa\u00eds tiene que ponerse las botas y empezar a hurgar en la impronta del BRICS. Nada, un abrazo y que tengas buen d\u00eda\u201d.<\/p>\n<\/div>\n","protected":false},"excerpt":{"rendered":"<p>Por: Dr. Virgilio M. Malag\u00f3n \u00c1lvarez, PhD virgiliomalagonalvarez@gmail.com Para \u00abEl Mundo de los Negocios\u00bb y dem\u00e1s Multimedios de The Ballester Business &amp; Media Group, Inc. Amigo lector: La humanidad tiende&hellip; <\/p>\n","protected":false},"author":2,"featured_media":4753,"comment_status":"closed","ping_status":"closed","sticky":false,"template":"","format":"standard","meta":{"fifu_image_url":"https:\/\/i0.wp.com\/elmundodelosnegocios.com.do\/v1\/wp-content\/uploads\/2021\/09\/0-10-640x360-1.jpg?resize=768,432","fifu_image_alt":"ART\u00cdCULO: El BRICS: Ep\u00edtome del pragmatismo econ\u00f3mico","footnotes":""},"categories":[63],"tags":[],"class_list":["post-4752","post","type-post","status-publish","format-standard","has-post-thumbnail","hentry","category-actualidad"],"_links":{"self":[{"href":"https:\/\/elmundodelapolitica.com\/v1\/wp-json\/wp\/v2\/posts\/4752","targetHints":{"allow":["GET"]}}],"collection":[{"href":"https:\/\/elmundodelapolitica.com\/v1\/wp-json\/wp\/v2\/posts"}],"about":[{"href":"https:\/\/elmundodelapolitica.com\/v1\/wp-json\/wp\/v2\/types\/post"}],"author":[{"embeddable":true,"href":"https:\/\/elmundodelapolitica.com\/v1\/wp-json\/wp\/v2\/users\/2"}],"replies":[{"embeddable":true,"href":"https:\/\/elmundodelapolitica.com\/v1\/wp-json\/wp\/v2\/comments?post=4752"}],"version-history":[{"count":0,"href":"https:\/\/elmundodelapolitica.com\/v1\/wp-json\/wp\/v2\/posts\/4752\/revisions"}],"wp:featuredmedia":[{"embeddable":true,"href":"https:\/\/elmundodelapolitica.com\/v1\/wp-json\/wp\/v2\/media\/4753"}],"wp:attachment":[{"href":"https:\/\/elmundodelapolitica.com\/v1\/wp-json\/wp\/v2\/media?parent=4752"}],"wp:term":[{"taxonomy":"category","embeddable":true,"href":"https:\/\/elmundodelapolitica.com\/v1\/wp-json\/wp\/v2\/categories?post=4752"},{"taxonomy":"post_tag","embeddable":true,"href":"https:\/\/elmundodelapolitica.com\/v1\/wp-json\/wp\/v2\/tags?post=4752"}],"curies":[{"name":"wp","href":"https:\/\/api.w.org\/{rel}","templated":true}]}}