{"id":4744,"date":"2023-09-06T08:49:01","date_gmt":"2023-09-06T12:49:01","guid":{"rendered":"https:\/\/elmundodelapolitica.com\/v1\/?p=4744"},"modified":"2023-09-06T08:49:01","modified_gmt":"2023-09-06T12:49:01","slug":"ven-construccion-proyectos-verticales-dan-respuesta-necesidades-habitacionales","status":"publish","type":"post","link":"https:\/\/elmundodelapolitica.com\/v1\/ven-construccion-proyectos-verticales-dan-respuesta-necesidades-habitacionales\/","title":{"rendered":"Ven construcci\u00f3n proyectos verticales dan respuesta necesidades habitacionales\u00a0"},"content":{"rendered":"<div>\n<p><strong>Santo Domingo<\/strong>, R.D. Septiembre, 2023.- Debido a\u00a0la estrategia principal de las nuevas pol\u00edticas nacionales de vivienda y de desarrollo urbano para crear crecimiento urbano alrededor de cada \u00e1rea metropolitana, con el desarrollo en las \u00e1reas existentes, con proyectos habitacionales seguros y de calidad, en altura,\u00a0 las empresas\u00a0The Simple Rent y Grupo Pedralbes desarrollar\u00e1n Uniko, un residencial ubicado en el sector La Julia, en Santo Domingo.<\/p>\n<figure class=\"wp-block-image size-large\"><img data-attachment-id=\"32097\" data-permalink=\"https:\/\/elmundodelosnegocios.com.do\/v1\/index.php\/2023\/09\/06\/ven-construccion-proyectos-verticales-dan-respuesta-necesidades-habitacionales\/proyecto-uniko\/\" data-orig-file=\"https:\/\/i0.wp.com\/elmundodelosnegocios.com.do\/v1\/wp-content\/uploads\/2023\/09\/Proyecto-Uniko.jpg?fit=1080%2C1352&amp;ssl=1\" data-orig-size=\"1080,1352\" data-comments-opened=\"0\" data-image-meta='{\"aperture\":\"0\",\"credit\":\"\",\"camera\":\"\",\"caption\":\"\",\"created_timestamp\":\"0\",\"copyright\":\"\",\"focal_length\":\"0\",\"iso\":\"0\",\"shutter_speed\":\"0\",\"title\":\"\",\"orientation\":\"1\"}' data-image-title=\"Proyecto-Uniko\" data-image-description=\"\" data-image-caption=\"\" data-medium-file=\"https:\/\/i0.wp.com\/elmundodelosnegocios.com.do\/v1\/wp-content\/uploads\/2023\/09\/Proyecto-Uniko.jpg?fit=240%2C300&amp;ssl=1\" data-large-file=\"https:\/\/i0.wp.com\/elmundodelosnegocios.com.do\/v1\/wp-content\/uploads\/2023\/09\/Proyecto-Uniko.jpg?fit=818%2C1024&amp;ssl=1\" decoding=\"async\" loading=\"lazy\" width=\"818\" height=\"1024\" src=\"https:\/\/i0.wp.com\/elmundodelosnegocios.com.do\/v1\/wp-content\/uploads\/2023\/09\/Proyecto-Uniko-818x1024.jpg?resize=818,1024&amp;ssl=1\" alt=\"\" class=\"wp-image-32097\" srcset=\"https:\/\/i0.wp.com\/elmundodelosnegocios.com.do\/v1\/wp-content\/uploads\/2023\/09\/Proyecto-Uniko.jpg?resize=818%2C1024&amp;ssl=1 818w, https:\/\/i0.wp.com\/elmundodelosnegocios.com.do\/v1\/wp-content\/uploads\/2023\/09\/Proyecto-Uniko.jpg?resize=240%2C300&amp;ssl=1 240w, https:\/\/i0.wp.com\/elmundodelosnegocios.com.do\/v1\/wp-content\/uploads\/2023\/09\/Proyecto-Uniko.jpg?resize=768%2C961&amp;ssl=1 768w, https:\/\/i0.wp.com\/elmundodelosnegocios.com.do\/v1\/wp-content\/uploads\/2023\/09\/Proyecto-Uniko.jpg?w=1080&amp;ssl=1 1080w\" sizes=\"auto, (max-width: 818px) 100vw, 818px\" data-recalc-dims=\"1\"><\/figure>\n<p>\u201cUniko se posiciona como un nuevo concepto en el que 60 exclusivas viviendas se distribuir\u00e1n en un total de 6 niveles. El edificio en s\u00ed se convertir\u00e1 en un oasis particular donde la vegetaci\u00f3n se integrar\u00e1 al dise\u00f1o moderno y con un extremado buen gusto en la elecci\u00f3n de colores, materiales y calidades\u201d, explica Sonia Campuzano, CEO de The Simple Rent.<\/p>\n<p>El arquitecto espa\u00f1ol Manuel Clavel, destacado por espectaculares obras tales como el restaurante de Alain Ducasse en Dubai o la fachada del Museum Garage de Miami; ha sido el responsable de este nuevo proyecto:<\/p>\n<p>\u201cUniko\u00a0ha sido dise\u00f1ado con la ambici\u00f3n de construir una torre con criterios est\u00e9ticos y\u00a0funcionales\u00a0nunca vistos en RD; con personalidad, pero capaz de incorporarse al paisaje de la ciudad. El proyecto ha sido pensado para profesionales j\u00f3venes y familias\u00a0contempor\u00e1neas; bajo esta premisa se proyecta entre sus amenidades un espacio\u00a0Coworking, Clubhouse, Gimnasio y Piscina con vistas al mar en el rooftop, entre otras.\u00a0Dispone de seis niveles, donde el \u00e1rea social se encontrar\u00e1 en el \u00faltimo nivel, para ofrecer una experiencia incre\u00edble\u201d. Indica Clavel<\/p>\n<p>Con este proyecto que promueve la reurbanizaci\u00f3n de la zona urbana, asegura que la vivienda se ubique cerca de las \u00e1reas de empleo y los servicios como escuelas y centros comerciales.<\/p>\n<p>\u201cEl proyecto, adem\u00e1s de sus\u00a0espectaculares vistas al mar, y su cercan\u00eda y acceso al Downtown, busca marcar un\u00a0antes y un despu\u00e9s en el desarrollo residencial de la ciudad de Santo Domingo\u201d. Expresa Carlos Paulino, CFO de Grupo Pedralbes.<\/p>\n<p>Con el desarrollo de Uniko, The Simple Rent y Grupo Pedralbes, dan inicio a una serie de proyectos de alto nivel que dotar\u00e1n a Rep\u00fablica Dominicana de mejores y mayores ofertas en el sector inmobiliario.<\/p>\n<\/div>\n","protected":false},"excerpt":{"rendered":"<p>Santo Domingo, R.D. Septiembre, 2023.- Debido a\u00a0la estrategia principal de las nuevas pol\u00edticas nacionales de vivienda y de desarrollo urbano para crear crecimiento urbano alrededor de cada \u00e1rea metropolitana, con&hellip; <\/p>\n","protected":false},"author":2,"featured_media":4745,"comment_status":"closed","ping_status":"closed","sticky":false,"template":"","format":"standard","meta":{"fifu_image_url":"https:\/\/i0.wp.com\/elmundodelosnegocios.com.do\/v1\/wp-content\/uploads\/2023\/09\/Proyecto-Uniko-818x1024.jpg?resize=818,1024&ssl=1","fifu_image_alt":"Ven construcci\u00f3n proyectos verticales dan respuesta necesidades habitacionales\u00a0","footnotes":""},"categories":[63],"tags":[],"class_list":["post-4744","post","type-post","status-publish","format-standard","has-post-thumbnail","hentry","category-actualidad"],"_links":{"self":[{"href":"https:\/\/elmundodelapolitica.com\/v1\/wp-json\/wp\/v2\/posts\/4744","targetHints":{"allow":["GET"]}}],"collection":[{"href":"https:\/\/elmundodelapolitica.com\/v1\/wp-json\/wp\/v2\/posts"}],"about":[{"href":"https:\/\/elmundodelapolitica.com\/v1\/wp-json\/wp\/v2\/types\/post"}],"author":[{"embeddable":true,"href":"https:\/\/elmundodelapolitica.com\/v1\/wp-json\/wp\/v2\/users\/2"}],"replies":[{"embeddable":true,"href":"https:\/\/elmundodelapolitica.com\/v1\/wp-json\/wp\/v2\/comments?post=4744"}],"version-history":[{"count":0,"href":"https:\/\/elmundodelapolitica.com\/v1\/wp-json\/wp\/v2\/posts\/4744\/revisions"}],"wp:featuredmedia":[{"embeddable":true,"href":"https:\/\/elmundodelapolitica.com\/v1\/wp-json\/wp\/v2\/media\/4745"}],"wp:attachment":[{"href":"https:\/\/elmundodelapolitica.com\/v1\/wp-json\/wp\/v2\/media?parent=4744"}],"wp:term":[{"taxonomy":"category","embeddable":true,"href":"https:\/\/elmundodelapolitica.com\/v1\/wp-json\/wp\/v2\/categories?post=4744"},{"taxonomy":"post_tag","embeddable":true,"href":"https:\/\/elmundodelapolitica.com\/v1\/wp-json\/wp\/v2\/tags?post=4744"}],"curies":[{"name":"wp","href":"https:\/\/api.w.org\/{rel}","templated":true}]}}