{"id":4743,"date":"2023-09-06T03:38:47","date_gmt":"2023-09-06T07:38:47","guid":{"rendered":"https:\/\/elmundodelapolitica.com\/v1\/?p=4743"},"modified":"2023-09-06T03:38:47","modified_gmt":"2023-09-06T07:38:47","slug":"resumen-verimatrix-y-telus-se-alian-para-presentar-en-ibc-2023-las-primeras-medidas-de-proteccion-contra-la-pirateria-para-la-nueva-optik-tv","status":"publish","type":"post","link":"https:\/\/elmundodelapolitica.com\/v1\/resumen-verimatrix-y-telus-se-alian-para-presentar-en-ibc-2023-las-primeras-medidas-de-proteccion-contra-la-pirateria-para-la-nueva-optik-tv\/","title":{"rendered":"Resumen: Verimatrix y TELUS se al\u00edan para presentar en IBC 2023 las primeras medidas de protecci\u00f3n contra la pirater\u00eda para la nueva Optik TV"},"content":{"rendered":"<div>\n<p>AIX-EN-PROVENCE, Francia &amp; SAN DIEGO\u2013(BUSINESS WIRE)\u2013Noticias normativas:<br \/>\nVerimatrix, (Euronext Paris: VMX), el l\u00edder en potenciar el mundo conectado moderno con la seguridad centrada en las personas, mostrar\u00e1 en IBC 2023 c\u00f3mo Verimatrix Streamkeeper se ha integrado con la pr\u00f3xima generaci\u00f3n de la plataforma Optik TV de TELUS para crear una avanzada plataforma de entrega de contenido de v\u00eddeo a escala industrial. Esta plataforma previene de forma \u00fanica la pirater\u00eda de v\u00eddeo y mantiene seguro el valioso entretenimiento.<br \/>\nTELUS, una empresa de tecnolog\u00eda de la informaci\u00f3n y comunicaciones l\u00edder en el mundo, necesitaba distribuir de forma segura contenidos de v\u00eddeo de primera calidad a trav\u00e9s de plataformas a millones de clientes canadienses. Desplegaron la plataforma Verimatrix Streamkeeper, que combina Multi-DRM, protecciones antipirater\u00eda avanzadas y an\u00e1lisis en una \u00fanica soluci\u00f3n escalable.<br \/>\nEl comunicado en el idioma original es la versi\u00f3n oficial y autorizada del mismo. Esta traducci\u00f3n es solamente un medio de ayuda y deber\u00e1 ser comparada con el texto en idioma original, que es la \u00fanica versi\u00f3n del texto que tendr\u00e1 validez legal. Contacts<br \/>\nContacto para inversores de Verimatrix:Jean-Fran\u00e7ois Labadie, Chief Financial Officer<br \/>\nfinance@verimatrix.com<br \/>\nContactos de Verimatrix con los medios de comunicaci\u00f3n:E.E.U.U.<br \/>\nMatthew Zintel, Zintel Public Relations<br \/>\nmatthew.zintel@zintelpr.com<br \/>\nEuropa<br \/>\nLara Joseph, Eskenzi PR<br \/>\nlara@eskenzipr.com<\/p>\n<\/div>\n","protected":false},"excerpt":{"rendered":"<p>AIX-EN-PROVENCE, Francia &amp; SAN DIEGO\u2013(BUSINESS WIRE)\u2013Noticias normativas: Verimatrix, (Euronext Paris: VMX), el l\u00edder en potenciar el mundo conectado moderno con la seguridad centrada en las personas, mostrar\u00e1 en IBC 2023&hellip; <\/p>\n","protected":false},"author":2,"featured_media":0,"comment_status":"closed","ping_status":"closed","sticky":false,"template":"","format":"standard","meta":{"fifu_image_url":"","fifu_image_alt":"","footnotes":""},"categories":[63],"tags":[],"class_list":["post-4743","post","type-post","status-publish","format-standard","hentry","category-actualidad"],"_links":{"self":[{"href":"https:\/\/elmundodelapolitica.com\/v1\/wp-json\/wp\/v2\/posts\/4743","targetHints":{"allow":["GET"]}}],"collection":[{"href":"https:\/\/elmundodelapolitica.com\/v1\/wp-json\/wp\/v2\/posts"}],"about":[{"href":"https:\/\/elmundodelapolitica.com\/v1\/wp-json\/wp\/v2\/types\/post"}],"author":[{"embeddable":true,"href":"https:\/\/elmundodelapolitica.com\/v1\/wp-json\/wp\/v2\/users\/2"}],"replies":[{"embeddable":true,"href":"https:\/\/elmundodelapolitica.com\/v1\/wp-json\/wp\/v2\/comments?post=4743"}],"version-history":[{"count":0,"href":"https:\/\/elmundodelapolitica.com\/v1\/wp-json\/wp\/v2\/posts\/4743\/revisions"}],"wp:attachment":[{"href":"https:\/\/elmundodelapolitica.com\/v1\/wp-json\/wp\/v2\/media?parent=4743"}],"wp:term":[{"taxonomy":"category","embeddable":true,"href":"https:\/\/elmundodelapolitica.com\/v1\/wp-json\/wp\/v2\/categories?post=4743"},{"taxonomy":"post_tag","embeddable":true,"href":"https:\/\/elmundodelapolitica.com\/v1\/wp-json\/wp\/v2\/tags?post=4743"}],"curies":[{"name":"wp","href":"https:\/\/api.w.org\/{rel}","templated":true}]}}