{"id":4731,"date":"2023-09-05T13:04:14","date_gmt":"2023-09-05T17:04:14","guid":{"rendered":"https:\/\/elmundodelapolitica.com\/v1\/?p=4731"},"modified":"2023-09-05T13:04:14","modified_gmt":"2023-09-05T17:04:14","slug":"ventas-en-librerias-superan-los-50-millones-de-pesos-en-la-feria-internacional-del-libro-2023","status":"publish","type":"post","link":"https:\/\/elmundodelapolitica.com\/v1\/ventas-en-librerias-superan-los-50-millones-de-pesos-en-la-feria-internacional-del-libro-2023\/","title":{"rendered":"Ventas en librer\u00edas superan los 50 millones de pesos en la Feria Internacional del Libro 2023"},"content":{"rendered":"<div>\n<p>Santo Domingo.- M\u00e1s de\u00a0<strong>50 millones de pesos\u00a0<\/strong>se vendieron en libros en los\u00a0<strong>89 puestos de venta repartidos entre librer\u00edas y casas editoras<\/strong>\u00a0en la XXV Feria Internacional del Libro Santo Domingo 2023\u00a0<strong>(FILSD 2023<\/strong>), cifra que supera con creces las registradas en ediciones anteriores de este evento, que se celebr\u00f3 en la Plaza de la Cultura Juan Pablo Duarte.<\/p>\n<div class=\"wp-block-image\">\n<figure class=\"aligncenter size-large\"><img data-attachment-id=\"32070\" data-permalink=\"https:\/\/elmundodelosnegocios.com.do\/v1\/index.php\/2023\/09\/05\/ventas-en-librerias-superan-los-50-millones-de-pesos-en-la-feria-internacional-del-libro-2023\/actuacion-de-frank-ceara-en-el-cierre-de-la-feria-internacional-del-libro-2023\/\" data-orig-file=\"https:\/\/i0.wp.com\/elmundodelosnegocios.com.do\/v1\/wp-content\/uploads\/2023\/09\/Actuacion-de-Frank-Ceara-en-el-cierre-de-la-Feria-Internacional-del-Libro-2023.jpeg?fit=1300%2C731&amp;ssl=1\" data-orig-size=\"1300,731\" data-comments-opened=\"0\" data-image-meta='{\"aperture\":\"0\",\"credit\":\"\",\"camera\":\"\",\"caption\":\"\",\"created_timestamp\":\"0\",\"copyright\":\"\",\"focal_length\":\"0\",\"iso\":\"0\",\"shutter_speed\":\"0\",\"title\":\"\",\"orientation\":\"0\"}' data-image-title=\"Actuacion-de-Frank-Ceara-en-el-cierre-de-la-Feria-Internacional-del-Libro-2023\" data-image-description=\"\" data-image-caption=\"\" data-medium-file=\"https:\/\/i0.wp.com\/elmundodelosnegocios.com.do\/v1\/wp-content\/uploads\/2023\/09\/Actuacion-de-Frank-Ceara-en-el-cierre-de-la-Feria-Internacional-del-Libro-2023.jpeg?fit=300%2C169&amp;ssl=1\" data-large-file=\"https:\/\/i0.wp.com\/elmundodelosnegocios.com.do\/v1\/wp-content\/uploads\/2023\/09\/Actuacion-de-Frank-Ceara-en-el-cierre-de-la-Feria-Internacional-del-Libro-2023.jpeg?fit=1024%2C576&amp;ssl=1\" decoding=\"async\" loading=\"lazy\" width=\"1024\" height=\"576\" src=\"https:\/\/i0.wp.com\/elmundodelosnegocios.com.do\/v1\/wp-content\/uploads\/2023\/09\/Actuacion-de-Frank-Ceara-en-el-cierre-de-la-Feria-Internacional-del-Libro-2023-1024x576.jpeg?resize=1024,576&amp;ssl=1\" alt=\"\" class=\"wp-image-32070\" srcset=\"https:\/\/i0.wp.com\/elmundodelosnegocios.com.do\/v1\/wp-content\/uploads\/2023\/09\/Actuacion-de-Frank-Ceara-en-el-cierre-de-la-Feria-Internacional-del-Libro-2023.jpeg?resize=1024%2C576&amp;ssl=1 1024w, https:\/\/i0.wp.com\/elmundodelosnegocios.com.do\/v1\/wp-content\/uploads\/2023\/09\/Actuacion-de-Frank-Ceara-en-el-cierre-de-la-Feria-Internacional-del-Libro-2023.jpeg?resize=300%2C169&amp;ssl=1 300w, https:\/\/i0.wp.com\/elmundodelosnegocios.com.do\/v1\/wp-content\/uploads\/2023\/09\/Actuacion-de-Frank-Ceara-en-el-cierre-de-la-Feria-Internacional-del-Libro-2023.jpeg?resize=768%2C432&amp;ssl=1 768w, https:\/\/i0.wp.com\/elmundodelosnegocios.com.do\/v1\/wp-content\/uploads\/2023\/09\/Actuacion-de-Frank-Ceara-en-el-cierre-de-la-Feria-Internacional-del-Libro-2023.jpeg?w=1300&amp;ssl=1 1300w\" sizes=\"auto, (max-width: 1024px) 100vw, 1024px\" data-recalc-dims=\"1\"><\/figure>\n<\/div>\n<p><strong>Entre 20,000 y 40,000 personas visitaron diariamente el recinto ferial<\/strong>, que este a\u00f1o estren\u00f3 un\u00a0<strong>nuevo modelo de organizaci\u00f3n<\/strong>\u00a0en cuanto a la distribuci\u00f3n de los espacios, el dise\u00f1o y la seguridad, lo que contribuy\u00f3 a dinamizar la actividad en el mismo y, en consecuencia, la industria creativa en la Rep\u00fablica Dominicana.<\/p>\n<p>Desde el 25 de agosto hasta el 4 de septiembre, miles de amantes de la literatura y las artes se dieron cita en la FILSD, que se convirti\u00f3\u00a0<strong>en un epicentro de conocimiento<\/strong>, con una oferta que tambi\u00e9n incluy\u00f3<strong>\u00a0alrededor de 370 actividades relacionadas con el \u00e1mbito literario.<\/strong><\/p>\n<p><strong>La Editora Nacional vendi\u00f3 m\u00e1s de 2,000 ejemplares de 32 t\u00edtulos<\/strong>\u00a0publicados para esta feria, en tanto que\u00a0<strong>el Pabell\u00f3n del C\u00f3mic<\/strong>, que por segundo a\u00f1o consecutivo form\u00f3 parte del evento, represent\u00f3 uno de los ejemplos del excelente nivel de ventas, ya que\u00a0<strong>se vio obligado a reabastecer su inventario<\/strong>\u00a0ante la gran demanda de t\u00edtulos de este g\u00e9nero.<\/p>\n<p>Seg\u00fan una encuesta llevada a cabo entre los libreros y editoras participantes,\u00a0<strong>el nivel de satisfacci\u00f3n alcanz\u00f3 un 97 %<\/strong>, cifra que supera ampliamente la media registrada en ediciones anteriores en lo relativo a ubicaci\u00f3n, seguridad, organizaci\u00f3n y distribuci\u00f3n del espacio.<\/p>\n<p>De igual forma, en el\u00a0<strong>Programa Bonolibro se consignaron m\u00e1s de 5 mil canjes<\/strong>, los cuales beneficiaron a igual n\u00famero de visitantes.<\/p>\n<figure class=\"wp-block-image\"><img decoding=\"async\" src=\"https:\/\/i0.wp.com\/presidencia.gob.do\/sites\/default\/files\/inline-images\/Acto de clausura Feria Internacional del Libro 2023.jpeg?w=1110&amp;ssl=1\" alt=\"\" data-recalc-dims=\"1\"><\/figure>\n<p><strong>Clausura de la FILSD 2023<\/strong><\/p>\n<p>El acto de cierre de la FILSD 2023 tuvo lugar en la Sala de Letras, ubicada en la Cinemateca Dominicana, y en \u00e9l,\u00a0<strong>la ministra de Cultura, Milagros Germ\u00e1n, atribuy\u00f3 el \u00e9xito del evento al apoyo masivo de la ciudadan\u00eda y de los estudiantes<\/strong>; una afluencia que permiti\u00f3 a las librer\u00edas participantes mercadear sus libros con \u00e9xito.<\/p>\n<p><em>\u201cEn nuestro Ministerio de Cultura estamos muy orgullosos por el \u00e9xito de esta feria, que, sin dudas, es el \u00e9xito de un gran equipo que se entreg\u00f3 en cuerpo y alma a trabajar con un sentido del compromiso y del deber que pasa a ser un ejemplo\u201d,<\/em>\u00a0asegur\u00f3 Germ\u00e1n.<\/p>\n<p>La funcionaria estuvo acompa\u00f1ada por el\u00a0<strong>embajador de Israel, Raslan Abu Rukun<\/strong>, quien agradeci\u00f3 la distinci\u00f3n que represent\u00f3 ser el\u00a0<strong>pa\u00eds invitado<\/strong>\u00a0de la FILSD 2023.<\/p>\n<p>La ministra estuvo acompa\u00f1ada por\u00a0<strong>\u00c1ngela Hern\u00e1ndez<\/strong>, directora general del Libro y la Lectura, y\u00a0<strong>Joan Ferrer<\/strong>, director de las Ferias del Libro.<\/p>\n<figure class=\"wp-block-image\"><img decoding=\"async\" src=\"https:\/\/i0.wp.com\/presidencia.gob.do\/sites\/default\/files\/inline-images\/Entre 20 mil y 40 mil personas visitaron diariamente el recinto ferial.JPG?w=1110&amp;ssl=1\" alt=\"\" data-recalc-dims=\"1\"><\/figure>\n<p><strong>Una feria diferente<\/strong><\/p>\n<p>La Feria del Libro 2023 destac\u00f3 por su enfoque en la\u00a0<strong>organizaci\u00f3n y la comodidad de los visitantes<\/strong>, instalando pabellones climatizados que garantizaron un ambiente agradable para los asistentes.<\/p>\n<p>Adem\u00e1s, se aprovecharon los museos de Historia y Geograf\u00eda y del Hombre Dominicano, al igual que la Biblioteca Nacional Pedro Henr\u00edquez Ure\u00f1a, el Teatro Nacional y la Cinemateca Dominicana, como\u00a0<strong>espacios anfitriones de numerosas exhibiciones y actividades.<\/strong><\/p>\n<p>Un emplazamiento que capt\u00f3 especialmente la atenci\u00f3n de los visitantes fue el debutante\u00a0<strong>Pabell\u00f3n de la Imaginaci\u00f3n, en el cual la tecnolog\u00eda deslumbr\u00f3 a adultos y ni\u00f1os<\/strong>\u00a0a trav\u00e9s de exhibiciones inmersivas que permitieron a los visitantes interactuar con innovadores\u00a0<strong>inventos realizados por estudiantes de mecatr\u00f3nica de varias universidades locales.<\/strong><\/p>\n<p>Este espacio tambi\u00e9n present\u00f3 otras atracciones, como libros de realidad aumentada, visitas virtuales a la Ciudad Colonial, brazos rob\u00f3ticos y una pista de carros que funciona por medio del nivel de concentraci\u00f3n del usuario.<\/p>\n<figure class=\"wp-block-image\"><img decoding=\"async\" src=\"https:\/\/i0.wp.com\/presidencia.gob.do\/sites\/default\/files\/inline-images\/David Collado, Ligia Bonetti y Biviana Riveiro entregaron la certificaci\u00f3n a la ministra Milagros Germ\u00e1n, quien estuvo acompa\u00f1ada por Angela Hern\u00e1ndez y Joan Ferrer.JPG?w=1110&amp;ssl=1\" alt=\"FIL Marca Pa\u00eds\" data-recalc-dims=\"1\"><\/figure>\n<p><strong>Certificaci\u00f3n Marca Pa\u00eds<\/strong>\u00a0<\/p>\n<p>La Feria Internacional del Libro Santo Domingo recibi\u00f3 la\u00a0<strong>certificaci\u00f3n como Marca Pa\u00eds por parte de la Comisi\u00f3n Multisectorial<\/strong>\u00a0encargada de coordinar y ejecutar las estrategias de posicionamiento del pa\u00eds en el \u00e1mbito internacional.<\/p>\n<p>Este reconocimiento fue otorgado en un acto especial que cont\u00f3\u00a0<strong>con la participaci\u00f3n el ministro de Turismo, David Collado,<\/strong>\u00a0coordinador general de la mencionada comisi\u00f3n;\u00a0<strong>la empresaria Ligia Bonetti<\/strong>, coordinadora por el sector privado, y\u00a0<strong>la<\/strong>\u00a0<strong>directora de ProDominicana, Biviana Riveiro<\/strong>, secretaria.<\/p>\n<p>La Feria del Libro 2023, que tuvo como lema\u00a0<strong>\u201cPara todo hay un libro\u201d<\/strong>, estuvo dedicada a la escritora\u00a0<strong>Jeannette Miller<\/strong>, Premio Nacional de Literatura en 2011.<\/p>\n<\/div>\n","protected":false},"excerpt":{"rendered":"<p>Santo Domingo.- M\u00e1s de\u00a050 millones de pesos\u00a0se vendieron en libros en los\u00a089 puestos de venta repartidos entre librer\u00edas y casas editoras\u00a0en la XXV Feria Internacional del Libro Santo Domingo 2023\u00a0(FILSD&hellip; <\/p>\n","protected":false},"author":2,"featured_media":4732,"comment_status":"closed","ping_status":"closed","sticky":false,"template":"","format":"standard","meta":{"fifu_image_url":"https:\/\/i0.wp.com\/elmundodelosnegocios.com.do\/v1\/wp-content\/uploads\/2023\/09\/Actuacion-de-Frank-Ceara-en-el-cierre-de-la-Feria-Internacional-del-Libro-2023-1024x576.jpeg?resize=1024,576&ssl=1","fifu_image_alt":"Ventas en librer\u00edas superan los 50 millones de pesos en la Feria Internacional del Libro 2023","footnotes":""},"categories":[63],"tags":[],"class_list":["post-4731","post","type-post","status-publish","format-standard","has-post-thumbnail","hentry","category-actualidad"],"_links":{"self":[{"href":"https:\/\/elmundodelapolitica.com\/v1\/wp-json\/wp\/v2\/posts\/4731","targetHints":{"allow":["GET"]}}],"collection":[{"href":"https:\/\/elmundodelapolitica.com\/v1\/wp-json\/wp\/v2\/posts"}],"about":[{"href":"https:\/\/elmundodelapolitica.com\/v1\/wp-json\/wp\/v2\/types\/post"}],"author":[{"embeddable":true,"href":"https:\/\/elmundodelapolitica.com\/v1\/wp-json\/wp\/v2\/users\/2"}],"replies":[{"embeddable":true,"href":"https:\/\/elmundodelapolitica.com\/v1\/wp-json\/wp\/v2\/comments?post=4731"}],"version-history":[{"count":0,"href":"https:\/\/elmundodelapolitica.com\/v1\/wp-json\/wp\/v2\/posts\/4731\/revisions"}],"wp:featuredmedia":[{"embeddable":true,"href":"https:\/\/elmundodelapolitica.com\/v1\/wp-json\/wp\/v2\/media\/4732"}],"wp:attachment":[{"href":"https:\/\/elmundodelapolitica.com\/v1\/wp-json\/wp\/v2\/media?parent=4731"}],"wp:term":[{"taxonomy":"category","embeddable":true,"href":"https:\/\/elmundodelapolitica.com\/v1\/wp-json\/wp\/v2\/categories?post=4731"},{"taxonomy":"post_tag","embeddable":true,"href":"https:\/\/elmundodelapolitica.com\/v1\/wp-json\/wp\/v2\/tags?post=4731"}],"curies":[{"name":"wp","href":"https:\/\/api.w.org\/{rel}","templated":true}]}}