{"id":4727,"date":"2023-09-05T01:03:25","date_gmt":"2023-09-05T05:03:25","guid":{"rendered":"https:\/\/elmundodelapolitica.com\/v1\/?p=4727"},"modified":"2023-09-05T01:03:25","modified_gmt":"2023-09-05T05:03:25","slug":"resumen-verlingue-refuerza-su-division-de-beneficios-para-empleados-y-amplia-su-presencia-en-el-reino-unido-con-la-adquisicion-de-brunsdon-employee-benefits","status":"publish","type":"post","link":"https:\/\/elmundodelapolitica.com\/v1\/resumen-verlingue-refuerza-su-division-de-beneficios-para-empleados-y-amplia-su-presencia-en-el-reino-unido-con-la-adquisicion-de-brunsdon-employee-benefits\/","title":{"rendered":"Resumen: Verlingue refuerza su divisi\u00f3n de beneficios para empleados y ampl\u00eda su presencia en el Reino Unido con la adquisici\u00f3n de Brunsdon Employee Benefits"},"content":{"rendered":"<p>PARIS &amp; GLOUCESTER, Reino Unido&#8211;(BUSINESS WIRE)&#8211;Verlingue ha anunciado la adquisici\u00f3n de Brunsdon Employee Benefits, con sede en Gloucester, una empresa independiente especializada en prestaciones para empleados. La operaci\u00f3n respalda la reciente expansi\u00f3n de Verlingue en la regi\u00f3n de Midlands y el suroeste del pa\u00eds. Con esta adquisici\u00f3n refuerza significativamente sus capacidades en materia de prestaciones para empleados en el sector de las PYME y el mid-market.<br \/>\nTambi\u00e9n se alinea con el plan estrat\u00e9gico 2024 de Verlingue de crear un importante corredor de seguros europeo, familiar e independiente. Tras la adquisici\u00f3n de INSER, a principios de julio, uno de los principales actores independientes del mercado italiano de corredur\u00eda de seguros, Verlingue consolida su ambici\u00f3n.<br \/>\nBrunsdon Employee Benefits ofrece planes y asesoramiento a una amplia cartera de clientes del suroeste y de todo el Reino Unido.<br \/>\nEl comunicado en el idioma original es la versi\u00f3n oficial y autorizada del mismo. Esta traducci\u00f3n es solamente un medio de ayuda y deber\u00e1 ser comparada con el texto en idioma original, que es la \u00fanica versi\u00f3n del texto que tendr\u00e1 validez legal. Contacts<br \/>\nAdela\u00efde Group \u2013 Thomas Barbelet \u2013 thomas.barbelet@verlingue.fr \u2013 +33(0)6 72 75 49 14<br \/>\nEpoka Agency \u2013 Lucie Fortin \u2013 lfortin@epoka.fr \u2013 +33(0)6 19 68 70 18<\/p>\n","protected":false},"excerpt":{"rendered":"<div>\n<p>PARIS &amp; GLOUCESTER, Reino Unido&#8211;(BUSINESS WIRE)&#8211;Verlingue ha anunciado la adquisici\u00f3n de Brunsdon Employee Benefits, con sede en Gloucester, una empresa independiente especializada en prestaciones para empleados. La operaci\u00f3n respalda la reciente expansi\u00f3n de Verlingue en la regi\u00f3n de Midlands y el suroeste del pa\u00eds. Con esta adquisici\u00f3n refuerza significativamente sus capacidades en materia de prestaciones para empleados en el sector de las PYME y el mid-market.<\/p>\n<p><a href=\"https:\/\/mms.businesswire.com\/media\/20230904901396\/es\/1880759\/5\/verlingue2.jpg\"><img decoding=\"async\" src=\"https:\/\/mms.businesswire.com\/media\/20230904621876\/en\/1880759\/21\/verlingue2.jpg\"><\/a><br \/><a href=\"https:\/\/mms.businesswire.com\/media\/20230904901396\/es\/1880759\/5\/verlingue2.jpg\"><img decoding=\"async\" src=\"https:\/\/mms.businesswire.com\/media\/20230904901396\/es\/1880759\/22\/verlingue2.jpg\"><\/a><\/p>\n<p>\nTambi\u00e9n se alinea con el plan estrat\u00e9gico 2024 de Verlingue de crear un importante corredor de seguros europeo, familiar e independiente. Tras la adquisici\u00f3n de INSER, a principios de julio, uno de los principales actores independientes del mercado italiano de corredur\u00eda de seguros, Verlingue consolida su ambici\u00f3n.<\/p>\n<p>\nBrunsdon Employee Benefits ofrece planes y asesoramiento a una amplia cartera de clientes del suroeste y de todo el Reino Unido.<\/p>\n<p>\nEl comunicado en el idioma original es la versi\u00f3n oficial y autorizada del mismo. Esta traducci\u00f3n es solamente un medio de ayuda y deber\u00e1 ser comparada con el texto en idioma original, que es la \u00fanica versi\u00f3n del texto que tendr\u00e1 validez legal.<\/p>\n<p> <b>Contacts<\/b> <\/p>\n<p>\nAdela\u00efde Group \u2013 Thomas Barbelet \u2013 <a target=\"_blank\" href=\"mailto:thomas.barbelet@verlingue.fr\" rel=\"nofollow noopener\">thomas.barbelet@verlingue.fr<\/a> \u2013 +33(0)6 72 75 49 14<br \/>\n<br \/>Epoka Agency \u2013 Lucie Fortin \u2013 <a target=\"_blank\" href=\"mailto:lfortin@epoka.fr\" rel=\"nofollow noopener\">lfortin@epoka.fr<\/a> \u2013 +33(0)6 19 68 70 18<\/p>\n<\/div>\n","protected":false},"author":2,"featured_media":4728,"comment_status":"closed","ping_status":"closed","sticky":false,"template":"","format":"standard","meta":{"fifu_image_url":"https:\/\/mms.businesswire.com\/media\/20230904621876\/en\/1880759\/21\/verlingue2.jpg","fifu_image_alt":"Resumen: Verlingue refuerza su divisi\u00f3n de beneficios para empleados y ampl\u00eda su presencia en el Reino Unido con la adquisici\u00f3n de Brunsdon Employee Benefits","footnotes":""},"categories":[44],"tags":[],"class_list":["post-4727","post","type-post","status-publish","format-standard","has-post-thumbnail","hentry","category-business-wire"],"_links":{"self":[{"href":"https:\/\/elmundodelapolitica.com\/v1\/wp-json\/wp\/v2\/posts\/4727","targetHints":{"allow":["GET"]}}],"collection":[{"href":"https:\/\/elmundodelapolitica.com\/v1\/wp-json\/wp\/v2\/posts"}],"about":[{"href":"https:\/\/elmundodelapolitica.com\/v1\/wp-json\/wp\/v2\/types\/post"}],"author":[{"embeddable":true,"href":"https:\/\/elmundodelapolitica.com\/v1\/wp-json\/wp\/v2\/users\/2"}],"replies":[{"embeddable":true,"href":"https:\/\/elmundodelapolitica.com\/v1\/wp-json\/wp\/v2\/comments?post=4727"}],"version-history":[{"count":0,"href":"https:\/\/elmundodelapolitica.com\/v1\/wp-json\/wp\/v2\/posts\/4727\/revisions"}],"wp:featuredmedia":[{"embeddable":true,"href":"https:\/\/elmundodelapolitica.com\/v1\/wp-json\/wp\/v2\/media\/4728"}],"wp:attachment":[{"href":"https:\/\/elmundodelapolitica.com\/v1\/wp-json\/wp\/v2\/media?parent=4727"}],"wp:term":[{"taxonomy":"category","embeddable":true,"href":"https:\/\/elmundodelapolitica.com\/v1\/wp-json\/wp\/v2\/categories?post=4727"},{"taxonomy":"post_tag","embeddable":true,"href":"https:\/\/elmundodelapolitica.com\/v1\/wp-json\/wp\/v2\/tags?post=4727"}],"curies":[{"name":"wp","href":"https:\/\/api.w.org\/{rel}","templated":true}]}}