{"id":4723,"date":"2023-09-05T01:01:25","date_gmt":"2023-09-05T05:01:25","guid":{"rendered":"https:\/\/elmundodelapolitica.com\/v1\/?p=4723"},"modified":"2023-09-05T01:01:25","modified_gmt":"2023-09-05T05:01:25","slug":"resumen-guias-de-planificacion-2024-de-forrester-la-incertidumbre-economica-modera-las-expectativas-presupuestarias-para-2024","status":"publish","type":"post","link":"https:\/\/elmundodelapolitica.com\/v1\/resumen-guias-de-planificacion-2024-de-forrester-la-incertidumbre-economica-modera-las-expectativas-presupuestarias-para-2024\/","title":{"rendered":"Resumen: Gu\u00edas de planificaci\u00f3n 2024 de Forrester: La incertidumbre econ\u00f3mica modera las expectativas presupuestarias para 2024"},"content":{"rendered":"<p>LONDRES&#8211;(BUSINESS WIRE)&#8211;Seg\u00fan las Gu\u00edas de Planificaci\u00f3n 2024 de Forrester (Nasdaq: FORR), unas expectativas presupuestarias m\u00e1s realistas ser\u00e1n de utilidad para los l\u00edderes a medida que se adentren en 2024. Sin embargo, ahora no es el momento de resguardarse, ya que las expectativas de crecimiento de las partes interesadas se mantienen firmes. Por otra parte, para acelerar el crecimiento y seguir el ritmo de las expectativas cambiantes de los clientes digitales empoderados, los l\u00edderes deben invertir en IA y en sus propias capacidades digitales en lugar de depender de los proveedores de servicios. El pr\u00f3ximo a\u00f1o, los l\u00edderes digitales europeos esperan que sus empresas gasten en servicios una impresionante media del 28% del presupuesto digital de su compa\u00f1\u00eda.<br \/>\nEl comunicado en el idioma original es la versi\u00f3n oficial y autorizada del mismo. Esta traducci\u00f3n es solamente un medio de ayuda y deber\u00e1 ser comparada con el texto en idioma original, que es la \u00fanica versi\u00f3n del texto que tendr\u00e1 validez legal. Contacts<br \/>\nNaomi Thomas<br \/>\nnathomas@forrester.com<\/p>\n","protected":false},"excerpt":{"rendered":"<div>\n<p>LONDRES&#8211;(BUSINESS WIRE)&#8211;Seg\u00fan las <a target=\"_blank\" href=\"https:\/\/cts.businesswire.com\/ct\/CT?id=smartlink&amp;url=https%3A%2F%2Fwww.forrester.com%2Fbold%2Fplanning-guides%2F%3Futm_source%3Dbusinesswire%26utm_medium%3Dpr%26utm_campaign%3Dplanningguides_2024%2522%2520HYPERLINK%2520%2522https%3A%2F%2Fwww.forrester.com%2Fbold%2Fplanning-guides%2F%3Futm_source%3Dbusinesswire%26utm_medium%3Dpr%26utm_campaign%3Dplanningguides_2024&amp;esheet=53548541&amp;newsitemid=20230904122472&amp;lan=es-ES&amp;anchor=Gu%26iacute%3Bas+de+Planificaci%26oacute%3Bn+2024&amp;index=1&amp;md5=ac1063e3bae11f377e8afb1d2f5528c7\" rel=\"nofollow noopener\">Gu\u00edas de Planificaci\u00f3n 2024<\/a> de <a target=\"_blank\" href=\"https:\/\/cts.businesswire.com\/ct\/CT?id=smartlink&amp;url=https%3A%2F%2Fwww.forrester.com%2Fbold%3Futm_source%3Dnewsroom%26utm_medium%3Dpr%2B%26utm_campaign%3Dplanningguides_2023%2B&amp;esheet=53548541&amp;newsitemid=20230904122472&amp;lan=es-ES&amp;anchor=Forrester&amp;index=2&amp;md5=7ca65735355ac7d1e898eebb33f7ace0\" rel=\"nofollow noopener\">Forrester<\/a> (Nasdaq: FORR), unas expectativas presupuestarias m\u00e1s realistas ser\u00e1n de utilidad para los l\u00edderes a medida que se adentren en 2024. Sin embargo, ahora no es el momento de resguardarse, ya que las expectativas de crecimiento de las partes interesadas se mantienen firmes. Por otra parte, para acelerar el crecimiento y seguir el ritmo de las expectativas cambiantes de los clientes digitales empoderados, los l\u00edderes deben invertir en IA y en sus propias capacidades digitales en lugar de depender de los proveedores de servicios. El pr\u00f3ximo a\u00f1o, los l\u00edderes digitales europeos esperan que sus empresas gasten en servicios una impresionante media del 28% del presupuesto digital de su compa\u00f1\u00eda.<\/p>\n<p><a href=\"https:\/\/mms.businesswire.com\/media\/20230904122472\/es\/1759468\/5\/Forrester_black_RGB_narrow_%285%29.jpg\"><img decoding=\"async\" src=\"https:\/\/mms.businesswire.com\/media\/20230904567306\/en\/1759468\/21\/Forrester_black_RGB_narrow_%285%29.jpg\"><\/a><br \/><a href=\"https:\/\/mms.businesswire.com\/media\/20230904122472\/es\/1759468\/5\/Forrester_black_RGB_narrow_%285%29.jpg\"><img decoding=\"async\" src=\"https:\/\/mms.businesswire.com\/media\/20230904122472\/es\/1759468\/22\/Forrester_black_RGB_narrow_%285%29.jpg\"><\/a><\/p>\n<p>\nEl comunicado en el idioma original es la versi\u00f3n oficial y autorizada del mismo. Esta traducci\u00f3n es solamente un medio de ayuda y deber\u00e1 ser comparada con el texto en idioma original, que es la \u00fanica versi\u00f3n del texto que tendr\u00e1 validez legal.<\/p>\n<p> <b>Contacts<\/b> <\/p>\n<p>\nNaomi Thomas<br \/>\n<br \/><a target=\"_blank\" href=\"mailto:nathomas@forrester.com\" rel=\"nofollow noopener\">nathomas@forrester.com<\/a><\/p>\n<\/div>\n","protected":false},"author":2,"featured_media":4724,"comment_status":"closed","ping_status":"closed","sticky":false,"template":"","format":"standard","meta":{"fifu_image_url":"https:\/\/mms.businesswire.com\/media\/20230904567306\/en\/1759468\/21\/Forrester_black_RGB_narrow_(5).jpg","fifu_image_alt":"Resumen: Gu\u00edas de planificaci\u00f3n 2024 de Forrester: La incertidumbre econ\u00f3mica modera las expectativas presupuestarias para 2024","footnotes":""},"categories":[44],"tags":[],"class_list":["post-4723","post","type-post","status-publish","format-standard","has-post-thumbnail","hentry","category-business-wire"],"_links":{"self":[{"href":"https:\/\/elmundodelapolitica.com\/v1\/wp-json\/wp\/v2\/posts\/4723","targetHints":{"allow":["GET"]}}],"collection":[{"href":"https:\/\/elmundodelapolitica.com\/v1\/wp-json\/wp\/v2\/posts"}],"about":[{"href":"https:\/\/elmundodelapolitica.com\/v1\/wp-json\/wp\/v2\/types\/post"}],"author":[{"embeddable":true,"href":"https:\/\/elmundodelapolitica.com\/v1\/wp-json\/wp\/v2\/users\/2"}],"replies":[{"embeddable":true,"href":"https:\/\/elmundodelapolitica.com\/v1\/wp-json\/wp\/v2\/comments?post=4723"}],"version-history":[{"count":0,"href":"https:\/\/elmundodelapolitica.com\/v1\/wp-json\/wp\/v2\/posts\/4723\/revisions"}],"wp:featuredmedia":[{"embeddable":true,"href":"https:\/\/elmundodelapolitica.com\/v1\/wp-json\/wp\/v2\/media\/4724"}],"wp:attachment":[{"href":"https:\/\/elmundodelapolitica.com\/v1\/wp-json\/wp\/v2\/media?parent=4723"}],"wp:term":[{"taxonomy":"category","embeddable":true,"href":"https:\/\/elmundodelapolitica.com\/v1\/wp-json\/wp\/v2\/categories?post=4723"},{"taxonomy":"post_tag","embeddable":true,"href":"https:\/\/elmundodelapolitica.com\/v1\/wp-json\/wp\/v2\/tags?post=4723"}],"curies":[{"name":"wp","href":"https:\/\/api.w.org\/{rel}","templated":true}]}}