{"id":4721,"date":"2023-09-04T16:02:12","date_gmt":"2023-09-04T20:02:12","guid":{"rendered":"https:\/\/elmundodelapolitica.com\/v1\/?p=4721"},"modified":"2023-09-04T16:02:12","modified_gmt":"2023-09-04T20:02:12","slug":"monte-plata-mostro-lo-mejor-de-si-en-turismo-en-cada-rincon","status":"publish","type":"post","link":"https:\/\/elmundodelapolitica.com\/v1\/monte-plata-mostro-lo-mejor-de-si-en-turismo-en-cada-rincon\/","title":{"rendered":"Monte Plata mostr\u00f3 lo mejor de s\u00ed en Turismo en Cada Rinc\u00f3n"},"content":{"rendered":"<div>\n<p>Bayaguana, Monte Plata.- Los residentes de la provincia Monte Plata recibieron con benepl\u00e1cito y gran alegr\u00eda\u00a0<strong>la plataforma Turismo en Cada Rinc\u00f3n<\/strong>\u00a0que se desarroll\u00f3\u00a0<strong>con \u00e9xito durante este fin de semana en esta localidad.<\/strong><\/p>\n<div class=\"wp-block-image\">\n<figure class=\"aligncenter size-large\"><img loading=\"lazy\" data-attachment-id=\"32057\" data-permalink=\"https:\/\/elmundodelosnegocios.com.do\/v1\/index.php\/2023\/09\/04\/monte-plata-mostro-lo-mejor-de-si-en-turismo-en-cada-rincon\/0000-1-6\/\" data-orig-file=\"https:\/\/i0.wp.com\/elmundodelosnegocios.com.do\/v1\/wp-content\/uploads\/2023\/09\/0000-1.jpeg?fit=1300%2C731&amp;ssl=1\" data-orig-size=\"1300,731\" data-comments-opened=\"0\" data-image-meta='{\"aperture\":\"0\",\"credit\":\"\",\"camera\":\"\",\"caption\":\"\",\"created_timestamp\":\"0\",\"copyright\":\"\",\"focal_length\":\"0\",\"iso\":\"0\",\"shutter_speed\":\"0\",\"title\":\"\",\"orientation\":\"0\"}' data-image-title=\"0000-1\" data-image-description=\"\" data-image-caption=\"\" data-medium-file=\"https:\/\/i0.wp.com\/elmundodelosnegocios.com.do\/v1\/wp-content\/uploads\/2023\/09\/0000-1.jpeg?fit=300%2C169&amp;ssl=1\" data-large-file=\"https:\/\/i0.wp.com\/elmundodelosnegocios.com.do\/v1\/wp-content\/uploads\/2023\/09\/0000-1.jpeg?fit=1024%2C576&amp;ssl=1\" decoding=\"async\" width=\"1024\" height=\"576\" src=\"https:\/\/i0.wp.com\/elmundodelosnegocios.com.do\/v1\/wp-content\/uploads\/2023\/09\/0000-1-1024x576.jpeg?resize=1024,576&amp;ssl=1\" alt=\"\" class=\"wp-image-32057\" srcset=\"https:\/\/i0.wp.com\/elmundodelosnegocios.com.do\/v1\/wp-content\/uploads\/2023\/09\/0000-1.jpeg?resize=1024%2C576&amp;ssl=1 1024w, https:\/\/i0.wp.com\/elmundodelosnegocios.com.do\/v1\/wp-content\/uploads\/2023\/09\/0000-1.jpeg?resize=300%2C169&amp;ssl=1 300w, https:\/\/i0.wp.com\/elmundodelosnegocios.com.do\/v1\/wp-content\/uploads\/2023\/09\/0000-1.jpeg?resize=768%2C432&amp;ssl=1 768w, https:\/\/i0.wp.com\/elmundodelosnegocios.com.do\/v1\/wp-content\/uploads\/2023\/09\/0000-1.jpeg?w=1300&amp;ssl=1 1300w\" sizes=\"auto, (max-width: 1024px) 100vw, 1024px\" data-recalc-dims=\"1\"><\/figure>\n<\/div>\n<p>En esta ocasi\u00f3n el escenario donde se llev\u00f3 a cabo la campa\u00f1a de turismo interno del Ministerio de Turismo\u00a0<strong>fue el municipio de Bayaguana,<\/strong>\u00a0donde se encuentra\u00a0<strong>uno de los templos culturales y religiosos m\u00e1s emblem\u00e1ticos\u00a0<\/strong>de todo el pa\u00eds y marca provincial,\u00a0<strong>el Santuario Santo Cristo de los Milagros.<\/strong><\/p>\n<p><strong>Patricia Mej\u00eda<\/strong>, viceministra de Gesti\u00f3n de Destinos del Ministerio de Turismo,\u00a0<strong>en representaci\u00f3n del ministro David Collado,<\/strong>\u00a0destac\u00f3 el enorme potencial ecotur\u00edstico de la llamada\u00a0<strong>Provincia Esmeralda\u00a0<\/strong>por su excelente conectividad, gastronom\u00eda, r\u00edos, manantiales, recursos naturales y enorme\u00a0<strong>riqueza en lo cultural, deportivo y religioso.\u00a0<\/strong><\/p>\n<p><em>\u201cCon Turismo en Cada Rinc\u00f3n, Monte Plata abre las puertas a un mejor futuro, que no solo es una plataforma de promoci\u00f3n tur\u00edstica, sino de inversi\u00f3n de infraestructuras, para convertir a esta provincia en un destino tur\u00edstico fuerte y que se traduzca en mejor\u00eda de sus residentes\u201d,<\/em>\u00a0expres\u00f3 la funcionaria.<\/p>\n<p><strong>Roberto Henr\u00edquez<\/strong>, viceministro de Calidad del\u00a0<strong>MITUR<\/strong>, manifest\u00f3 que hay un\u00a0<strong>compromiso del ministro David Collado,<\/strong>\u00a0de realizar\u00a0<strong>este evento en cada provincia<\/strong>\u00a0para resaltar los atractivos tur\u00edsticos con los que cuentan.\u00a0<strong>Monte Plata posee una gran diversidad de ofertas<\/strong>\u00a0para que el turista nacional y extranjero pueda disfrutar de ellas.<\/p>\n<p>Tambi\u00e9n hicieron uso de la palabra la gobernadora provincial, Rafaela Javier; el alcalde del municipio de Bayaguana, Manuel Santana, y V\u00edctor Nicol\u00e1s Pichardo, director del Departamento Aeroportuario.<\/p>\n<p>Asimismo, estuvieron presentes el senador de la provincia, Lenin Valdez; el director de la Polic\u00eda Tur\u00edstica (POLITUR), Minoru Matsunaga; los deportistas ol\u00edmpicos, Luguelin Santos, Luisito Pie y Zacar\u00edas Bonnat, junto con el presidente del Cl\u00faster Tur\u00edstico de Monte Plata, Manuel Guill\u00e9n, entre otras autoridades provinciales y municipales.<\/p>\n<p>Durante el evento en Monte Plata se desarroll\u00f3 un\u00a0<strong>programa de actividades con sus diversas tradiciones populares<\/strong>\u00a0con grupos de atabaleros, carnaval,\u00a0<em>batton ballet,<\/em>\u00a0teatro, salve, coros, orquestas infantiles, as\u00ed como pericombo, bandas locales de distintos g\u00e9neros\u00a0<strong>y se exalt\u00f3 a sus m\u00e1s reconocidos deportistas como cuna de grandes atletas, con una muestra de sus logros.<\/strong><\/p>\n<p>Tambi\u00e9n cont\u00f3 con<strong>\u00a0una muestra de la artesan\u00eda local\u00a0<\/strong>con la participaci\u00f3n de los\u00a0<strong>hermanos Guill\u00e9n<\/strong>\u00a0de Yamas\u00e1, con sus piezas inspiradas en la\u00a0<strong>cultura ta\u00edna<\/strong>;\u00a0<strong>artesan\u00eda Chacuey<\/strong>,\u00a0<strong>los hermanos Arredondo, la Asociaci\u00f3n de Artesanos de Bayaguana<\/strong>, y una exhibici\u00f3n de mobiliario y artesan\u00eda en\u00a0<strong>reciclaje de gomas,<\/strong>\u00a0adem\u00e1s de\u00a0<strong>maestros torcedores de cigarros\u00a0<\/strong>de distintos municipios.<\/p>\n<p>Como parte del desarrollo y aporte a la gastronom\u00eda local, desde el departamento de Gastronom\u00eda del MITUR, se hizo honor a la agricultura de la provincia con la\u00a0<strong>creaci\u00f3n del platillo \u201cBocadillo Monte Plata\u201d,\u00a0<\/strong>elaborado con base en yaut\u00eda, con relleno de longaniza y de salsa de miel picante.<\/p>\n<figure class=\"wp-block-image\"><img decoding=\"async\" src=\"https:\/\/i0.wp.com\/presidencia.gob.do\/sites\/default\/files\/inline-images\/WhatsApp Image 2023-09-04 at 10.46.08 AM.jpeg?w=1110&amp;ssl=1\" alt=\"\" data-recalc-dims=\"1\"><\/figure>\n<p><strong>Turismo en Cada Rinc\u00f3n<\/strong>\u00a0<\/p>\n<p>La campa\u00f1a se inaugur\u00f3 oficialmente en agosto 2022 y busca la\u00a0<strong>coherencia entre el conocimiento de los productos tur\u00edsticos internos y el desarrollo de las comunidades,<\/strong>\u00a0invitando a todos los dominicanos a conocer su pa\u00eds y disfrutar de todos sus atractivos. En la campa\u00f1a\u00a0<strong>se involucran los principales actores de la cadena de valor del territorio,<\/strong>\u00a0fomentando con esto una gesti\u00f3n y desarrollo sostenible.<\/p>\n<p>La primera activaci\u00f3n se realiz\u00f3 en la provincia Hermanas Mirabal, seguida de Monse\u00f1or Nouel, Mar\u00eda Trinidad S\u00e1nchez y Espaillat. Tambi\u00e9n se realiz\u00f3 un encuentro especial en el \u201cSon de Keka\u201d, en Santiago.<\/p>\n<p><strong>Monte Plata \u201cProvincia Esmeralda<\/strong>\u201d<\/p>\n<p>La provincia est\u00e1 constituida por cinco (5) municipios, como municipio cabecero a Monte Plata, sumado a Bayaguana, Sabana Grande de Boy\u00e1, Yamas\u00e1 y Peralvillo y a seis (6) distritos municipales: Don Juan, Chirino, Boy\u00e1, Gonzalo, Majagual y Los Botados.<\/p>\n<p>La provincia de Monte Plata cuenta con 2.602 km\u00b2 y como destino tur\u00edstico posee un sinn\u00famero de elementos que hacen que esta sea considerada en todo el pa\u00eds como la \u201cProvincia Esmeralda\u201d.<\/p>\n<\/div>\n","protected":false},"excerpt":{"rendered":"<p>Bayaguana, Monte Plata.- Los residentes de la provincia Monte Plata recibieron con benepl\u00e1cito y gran alegr\u00eda\u00a0la plataforma Turismo en Cada Rinc\u00f3n\u00a0que se desarroll\u00f3\u00a0con \u00e9xito durante este fin de semana en&hellip; <\/p>\n","protected":false},"author":2,"featured_media":4722,"comment_status":"closed","ping_status":"closed","sticky":false,"template":"","format":"standard","meta":{"fifu_image_url":"https:\/\/i0.wp.com\/elmundodelosnegocios.com.do\/v1\/wp-content\/uploads\/2023\/09\/0000-1-1024x576.jpeg?resize=1024,576&ssl=1","fifu_image_alt":"Monte Plata mostr\u00f3 lo mejor de s\u00ed en Turismo en Cada Rinc\u00f3n","footnotes":""},"categories":[63],"tags":[],"class_list":["post-4721","post","type-post","status-publish","format-standard","has-post-thumbnail","hentry","category-actualidad"],"_links":{"self":[{"href":"https:\/\/elmundodelapolitica.com\/v1\/wp-json\/wp\/v2\/posts\/4721","targetHints":{"allow":["GET"]}}],"collection":[{"href":"https:\/\/elmundodelapolitica.com\/v1\/wp-json\/wp\/v2\/posts"}],"about":[{"href":"https:\/\/elmundodelapolitica.com\/v1\/wp-json\/wp\/v2\/types\/post"}],"author":[{"embeddable":true,"href":"https:\/\/elmundodelapolitica.com\/v1\/wp-json\/wp\/v2\/users\/2"}],"replies":[{"embeddable":true,"href":"https:\/\/elmundodelapolitica.com\/v1\/wp-json\/wp\/v2\/comments?post=4721"}],"version-history":[{"count":0,"href":"https:\/\/elmundodelapolitica.com\/v1\/wp-json\/wp\/v2\/posts\/4721\/revisions"}],"wp:featuredmedia":[{"embeddable":true,"href":"https:\/\/elmundodelapolitica.com\/v1\/wp-json\/wp\/v2\/media\/4722"}],"wp:attachment":[{"href":"https:\/\/elmundodelapolitica.com\/v1\/wp-json\/wp\/v2\/media?parent=4721"}],"wp:term":[{"taxonomy":"category","embeddable":true,"href":"https:\/\/elmundodelapolitica.com\/v1\/wp-json\/wp\/v2\/categories?post=4721"},{"taxonomy":"post_tag","embeddable":true,"href":"https:\/\/elmundodelapolitica.com\/v1\/wp-json\/wp\/v2\/tags?post=4721"}],"curies":[{"name":"wp","href":"https:\/\/api.w.org\/{rel}","templated":true}]}}