{"id":4713,"date":"2023-09-03T15:11:54","date_gmt":"2023-09-03T19:11:54","guid":{"rendered":"https:\/\/elmundodelapolitica.com\/v1\/?p=4713"},"modified":"2023-09-03T15:11:54","modified_gmt":"2023-09-03T19:11:54","slug":"incrementa-rd-conectividad-aerea-con-nuevos-vuelos-entre-espana-israel-y-catar","status":"publish","type":"post","link":"https:\/\/elmundodelapolitica.com\/v1\/incrementa-rd-conectividad-aerea-con-nuevos-vuelos-entre-espana-israel-y-catar\/","title":{"rendered":"Incrementa RD conectividad a\u00e9rea con nuevos vuelos entre Espa\u00f1a, Israel y Catar"},"content":{"rendered":"<div>\n<p>Santo Domingo.- Como parte de la estrategia para incrementar el flujo de pasajeros, el\u00a0<strong>presidente de la Junta de Aviaci\u00f3n Civil (JAC), doctor Jos\u00e9 Ernesto Marte Piantini<\/strong>, dio a conocer que dicho organismo conoci\u00f3 la\u00a0<strong>solicitud de las operaciones bajo la<\/strong>\u00a0<strong>modalidad de C\u00f3digo Compartido entre Iberia y Qatar Airways<\/strong>, lo que permitir\u00e1 operar vuelos de conexi\u00f3n desde Doha a Santo Domingo v\u00eda Madrid.<\/p>\n<div class=\"wp-block-image\">\n<figure class=\"aligncenter size-large\"><img data-attachment-id=\"32042\" data-permalink=\"https:\/\/elmundodelosnegocios.com.do\/v1\/index.php\/2023\/09\/03\/incrementa-rd-conectividad-aerea-con-nuevos-vuelos-entre-espana-israel-y-catar\/incrementa-rd-conectividad-aerea-con-nuevos-vuelos-entre-espana-israel-y-catar\/\" data-orig-file=\"https:\/\/i0.wp.com\/elmundodelosnegocios.com.do\/v1\/wp-content\/uploads\/2023\/09\/Incrementa-RD-conectividad-aerea-con-nuevos-vuelos-entre-Espana-Israel-y-Catar.jpg?fit=1280%2C853&amp;ssl=1\" data-orig-size=\"1280,853\" data-comments-opened=\"0\" data-image-meta='{\"aperture\":\"0\",\"credit\":\"\",\"camera\":\"\",\"caption\":\"\",\"created_timestamp\":\"0\",\"copyright\":\"\",\"focal_length\":\"0\",\"iso\":\"0\",\"shutter_speed\":\"0\",\"title\":\"\",\"orientation\":\"0\"}' data-image-title=\"Incrementa-RD-conectividad-aerea-con-nuevos-vuelos-entre-Espana-Israel-y-Catar\" data-image-description=\"\" data-image-caption=\"\" data-medium-file=\"https:\/\/i0.wp.com\/elmundodelosnegocios.com.do\/v1\/wp-content\/uploads\/2023\/09\/Incrementa-RD-conectividad-aerea-con-nuevos-vuelos-entre-Espana-Israel-y-Catar.jpg?fit=300%2C200&amp;ssl=1\" data-large-file=\"https:\/\/i0.wp.com\/elmundodelosnegocios.com.do\/v1\/wp-content\/uploads\/2023\/09\/Incrementa-RD-conectividad-aerea-con-nuevos-vuelos-entre-Espana-Israel-y-Catar.jpg?fit=1024%2C682&amp;ssl=1\" decoding=\"async\" loading=\"lazy\" width=\"1024\" height=\"682\" src=\"https:\/\/i0.wp.com\/elmundodelosnegocios.com.do\/v1\/wp-content\/uploads\/2023\/09\/Incrementa-RD-conectividad-aerea-con-nuevos-vuelos-entre-Espana-Israel-y-Catar-1024x682.jpg?resize=1024,682&amp;ssl=1\" alt=\"\" class=\"wp-image-32042\" srcset=\"https:\/\/i0.wp.com\/elmundodelosnegocios.com.do\/v1\/wp-content\/uploads\/2023\/09\/Incrementa-RD-conectividad-aerea-con-nuevos-vuelos-entre-Espana-Israel-y-Catar.jpg?resize=1024%2C682&amp;ssl=1 1024w, https:\/\/i0.wp.com\/elmundodelosnegocios.com.do\/v1\/wp-content\/uploads\/2023\/09\/Incrementa-RD-conectividad-aerea-con-nuevos-vuelos-entre-Espana-Israel-y-Catar.jpg?resize=300%2C200&amp;ssl=1 300w, https:\/\/i0.wp.com\/elmundodelosnegocios.com.do\/v1\/wp-content\/uploads\/2023\/09\/Incrementa-RD-conectividad-aerea-con-nuevos-vuelos-entre-Espana-Israel-y-Catar.jpg?resize=768%2C512&amp;ssl=1 768w, https:\/\/i0.wp.com\/elmundodelosnegocios.com.do\/v1\/wp-content\/uploads\/2023\/09\/Incrementa-RD-conectividad-aerea-con-nuevos-vuelos-entre-Espana-Israel-y-Catar.jpg?w=1280&amp;ssl=1 1280w\" sizes=\"auto, (max-width: 1024px) 100vw, 1024px\" data-recalc-dims=\"1\"><\/figure>\n<\/div>\n<p>Marte Piantini explic\u00f3 que estas operaciones se estar\u00e1n realizando en la ruta\u00a0<strong>Madrid\/Santo Domingo\/Madrid<\/strong>, donde Iberia ser\u00e1 el operador efectivo y Qatar Airways, el operador de mercado.<\/p>\n<p>Detall\u00f3 que\u00a0<strong>este acuerdo de cooperaci\u00f3n<\/strong>\u00a0comercial entre Iberia y Qatar Airways con vuelos de conexi\u00f3n desde y hacia la Rep\u00fablica Dominicana,\u00a0<strong>refleja el compromiso del organismo con los usuarios del transporte a\u00e9reo<\/strong>, al proporcionarles a los viajeros dominicanos acceso a\u00a0<strong>dos de los destinos m\u00e1s relevantes del mundo.<\/strong><\/p>\n<p>Indic\u00f3 que en el referido acuerdo se establece que las aerol\u00edneas operar\u00e1n\u00a0<strong>vuelos de conexi\u00f3n desde Doha<\/strong>, capital de Catar, situada en la pen\u00ednsula del Golfo P\u00e9rsico,\u00a0<strong>desde y hacia la Rep\u00fablica Dominicana v\u00eda Madrid<\/strong>, lo que evidencia el\u00a0<strong>reconocimiento internacional del territorio dominicano como destino en el Caribe.<\/strong><\/p>\n<p><em>\u201cLa conectividad a\u00e9rea del territorito dominicano ha mantenido una permanente expansi\u00f3n desde agosto de 2020, con el arribo de nuevas aerol\u00edneas internacionales, m\u00e1s rutas, frecuencias y m\u00e1s asientos. Estas son las razones por las cuales la aviaci\u00f3n comercial en el pa\u00eds crece a un ritmo sostenido\u201d,<\/em>\u00a0puntualiz\u00f3 el presidente del organismo, al tiempo que explic\u00f3 que este acuerdo de cooperaci\u00f3n comercial entre Iberia y Qatar Airways,\u00a0<strong>incrementar\u00e1 el flujo de pasajeros desde y hacia el territorio nacional en el marco de los acuerdos suscritos con el Estado de Catar y el Reino de Espa\u00f1a.<\/strong><\/p>\n<p>De igual forma, los miembros del pleno conocieron la\u00a0<strong>solicitud de Iberia y American Airlines<\/strong>\u00a0para operar de manera conjunta las rutas: Miami\/Puerto Plata\/Miami; Miami\/Santo Domingo\/Miami; Miami \/Punta Cana\/Miami y Miami\/Santiago de los Caballeros \/Miami.\u00a0<strong>En estas operaciones American Airlines ser\u00e1 el operador efectivo e Iberia, el operador de mercado.<\/strong><\/p>\n<p>En ese mismo sentido, se conoci\u00f3 la solicitud de las operaciones bajo la misma modalidad las operaciones de\u00a0<strong>Iberia y EL AL ISRAEL Airlines<\/strong>\u00a0para volar en la ruta Madrid \/Santo Domingo \/Madrid.\u00a0<strong>En estas operaciones Iberia ser\u00e1 el operador efectivo y EL AL ISRAEL Airlines, el operador de mercado<\/strong>.<\/p>\n<p><strong>Conectividad con otros destinos<\/strong><\/p>\n<p>Durante la decimocuarta sesi\u00f3n ordinaria de la JAC\u00a0<strong>se aprob\u00f3 la solicitud de enmienda<\/strong>\u00a0al Permiso de Operaci\u00f3n del operador a\u00e9reo Frontier\u00a0<strong>para incluir la ruta Filadelfia\/Santo Domingo \/Filadelfia.<\/strong><\/p>\n<p>En este contexto,\u00a0<strong>el inicio de las operaciones de Frontier<\/strong>\u00a0<strong>est\u00e1 pautada para diciembre de 2023,<\/strong>\u00a0las cuales ser\u00e1n realizadas en aeronaves modelo Airbus A320 Neo (32N), con capacidad para 186 asientos.<\/p>\n<p>Basado en datos de la Divisi\u00f3n de Estad\u00edsticas del Departamento de Transporte A\u00e9reo de la JAC, este operador estima que transportar\u00e1 desde diciembre 2023 hasta diciembre 2024 un promedio de\u00a0<strong>13,017 pasajeros, con una frecuencia de tres vuelos a la semana, los martes, jueves y domingo.<\/strong><\/p>\n<\/div>\n","protected":false},"excerpt":{"rendered":"<p>Santo Domingo.- Como parte de la estrategia para incrementar el flujo de pasajeros, el\u00a0presidente de la Junta de Aviaci\u00f3n Civil (JAC), doctor Jos\u00e9 Ernesto Marte Piantini, dio a conocer que&hellip; <\/p>\n","protected":false},"author":2,"featured_media":4714,"comment_status":"closed","ping_status":"closed","sticky":false,"template":"","format":"standard","meta":{"fifu_image_url":"https:\/\/i0.wp.com\/elmundodelosnegocios.com.do\/v1\/wp-content\/uploads\/2023\/09\/Incrementa-RD-conectividad-aerea-con-nuevos-vuelos-entre-Espana-Israel-y-Catar-1024x682.jpg?resize=1024,682&ssl=1","fifu_image_alt":"Incrementa RD conectividad a\u00e9rea con nuevos vuelos entre Espa\u00f1a, Israel y Catar","footnotes":""},"categories":[63],"tags":[],"class_list":["post-4713","post","type-post","status-publish","format-standard","has-post-thumbnail","hentry","category-actualidad"],"_links":{"self":[{"href":"https:\/\/elmundodelapolitica.com\/v1\/wp-json\/wp\/v2\/posts\/4713","targetHints":{"allow":["GET"]}}],"collection":[{"href":"https:\/\/elmundodelapolitica.com\/v1\/wp-json\/wp\/v2\/posts"}],"about":[{"href":"https:\/\/elmundodelapolitica.com\/v1\/wp-json\/wp\/v2\/types\/post"}],"author":[{"embeddable":true,"href":"https:\/\/elmundodelapolitica.com\/v1\/wp-json\/wp\/v2\/users\/2"}],"replies":[{"embeddable":true,"href":"https:\/\/elmundodelapolitica.com\/v1\/wp-json\/wp\/v2\/comments?post=4713"}],"version-history":[{"count":0,"href":"https:\/\/elmundodelapolitica.com\/v1\/wp-json\/wp\/v2\/posts\/4713\/revisions"}],"wp:featuredmedia":[{"embeddable":true,"href":"https:\/\/elmundodelapolitica.com\/v1\/wp-json\/wp\/v2\/media\/4714"}],"wp:attachment":[{"href":"https:\/\/elmundodelapolitica.com\/v1\/wp-json\/wp\/v2\/media?parent=4713"}],"wp:term":[{"taxonomy":"category","embeddable":true,"href":"https:\/\/elmundodelapolitica.com\/v1\/wp-json\/wp\/v2\/categories?post=4713"},{"taxonomy":"post_tag","embeddable":true,"href":"https:\/\/elmundodelapolitica.com\/v1\/wp-json\/wp\/v2\/tags?post=4713"}],"curies":[{"name":"wp","href":"https:\/\/api.w.org\/{rel}","templated":true}]}}