{"id":4708,"date":"2023-09-03T15:32:48","date_gmt":"2023-09-03T19:32:48","guid":{"rendered":"https:\/\/elmundodelapolitica.com\/v1\/?p=4708"},"modified":"2023-09-03T15:32:52","modified_gmt":"2023-09-03T19:32:52","slug":"encuesta-markestrategia-58-1-voto-efectivo-favorece-a-luis-abinader-en-elecciones-presidenciales-de-2024","status":"publish","type":"post","link":"https:\/\/elmundodelapolitica.com\/v1\/encuesta-markestrategia-58-1-voto-efectivo-favorece-a-luis-abinader-en-elecciones-presidenciales-de-2024\/","title":{"rendered":"Encuesta Markestrategia: 58.1% voto efectivo favorece a Luis Abinader en elecciones presidenciales de 2024."},"content":{"rendered":"\n<p>La firma de estudios de mercado y an\u00e1lisis pol\u00edtico Markestrategia present\u00f3 los resultados de la Encuesta Nacional correspondiente al periodo de agosto de 2023. En ella, el 54.6% de los encuestados favorecieron con su voto al presidente Luis Abinader para las elecciones generales de 2024.<\/p>\n\n\n\n<p>El estudio, realizado entre los d\u00edas 26, 27 y 28 del presente mes en el territorio nacional, coloca al actual mandatario por encima de los actuales precandidatos de diversos partidos pol\u00edticos. Le sigue Leonel Fern\u00e1ndez con un 24.8%, Abel Mart\u00ednez con un 12.5%, Guillermo Moreno con un 1.3%, Miguel Vargas con un 0.6%, y Carlos Pe\u00f1a con un 0.3%. El 2.3% de los encuestados opt\u00f3 por \"ninguno\" y el 3.7% se declar\u00f3 indeciso.<\/p>\n\n\n\n<p>En cuanto al voto efectivo, al realizar la pregunta de si los candidatos presidenciales en 2024 fueran Luis Abinader, Abel Mart\u00ednez, Leonel Fern\u00e1ndez, Guillermo Moreno y Miguel Vargas Maldonado, \u00bfpor cu\u00e1l de ellos votar\u00eda?, el actual jefe de Estado alcanz\u00f3 el 58.1%. Le siguieron Abel con un 13.3%, Leonel con un 26.4%, Guillermo con un 1.3%, Vargas con un 0.6% y Carlos con un 0.3%.<\/p>\n\n\n\n<p>La encuesta fue solicitada por empresarios dominicanos y se ejecut\u00f3 a 1,200 personas mediante 23 preguntas cerradas. El nivel de confianza del estudio es del 95%, con un error muestral nacional de 2.8%, un error muestral regional en el Gran Santo Domingo de 4.9%, en la regi\u00f3n Norte de 4.6%, en el Sur de 6.9% y en el Este de 8.0%.<\/p>\n","protected":false},"excerpt":{"rendered":"<p>La firma de estudios de mercado y an\u00e1lisis pol\u00edtico Markestrategia present\u00f3 los resultados de la Encuesta Nacional correspondiente al periodo de agosto de 2023. En ella, el 54.6% de los&hellip; <\/p>\n","protected":false},"author":2,"featured_media":4709,"comment_status":"open","ping_status":"open","sticky":false,"template":"","format":"standard","meta":{"fifu_image_url":"","fifu_image_alt":"","footnotes":""},"categories":[10],"tags":[],"class_list":["post-4708","post","type-post","status-publish","format-standard","has-post-thumbnail","hentry","category-marketing-politico"],"_links":{"self":[{"href":"https:\/\/elmundodelapolitica.com\/v1\/wp-json\/wp\/v2\/posts\/4708","targetHints":{"allow":["GET"]}}],"collection":[{"href":"https:\/\/elmundodelapolitica.com\/v1\/wp-json\/wp\/v2\/posts"}],"about":[{"href":"https:\/\/elmundodelapolitica.com\/v1\/wp-json\/wp\/v2\/types\/post"}],"author":[{"embeddable":true,"href":"https:\/\/elmundodelapolitica.com\/v1\/wp-json\/wp\/v2\/users\/2"}],"replies":[{"embeddable":true,"href":"https:\/\/elmundodelapolitica.com\/v1\/wp-json\/wp\/v2\/comments?post=4708"}],"version-history":[{"count":1,"href":"https:\/\/elmundodelapolitica.com\/v1\/wp-json\/wp\/v2\/posts\/4708\/revisions"}],"predecessor-version":[{"id":4710,"href":"https:\/\/elmundodelapolitica.com\/v1\/wp-json\/wp\/v2\/posts\/4708\/revisions\/4710"}],"wp:featuredmedia":[{"embeddable":true,"href":"https:\/\/elmundodelapolitica.com\/v1\/wp-json\/wp\/v2\/media\/4709"}],"wp:attachment":[{"href":"https:\/\/elmundodelapolitica.com\/v1\/wp-json\/wp\/v2\/media?parent=4708"}],"wp:term":[{"taxonomy":"category","embeddable":true,"href":"https:\/\/elmundodelapolitica.com\/v1\/wp-json\/wp\/v2\/categories?post=4708"},{"taxonomy":"post_tag","embeddable":true,"href":"https:\/\/elmundodelapolitica.com\/v1\/wp-json\/wp\/v2\/tags?post=4708"}],"curies":[{"name":"wp","href":"https:\/\/api.w.org\/{rel}","templated":true}]}}