{"id":4703,"date":"2023-09-03T15:16:30","date_gmt":"2023-09-03T19:16:30","guid":{"rendered":"https:\/\/elmundodelapolitica.com\/v1\/?p=4703"},"modified":"2023-09-03T15:16:32","modified_gmt":"2023-09-03T19:16:32","slug":"candidato-a-alcalde-por-el-pld-en-barahona-llama-a-tomar-medidas-para-evitar-el-dengue","status":"publish","type":"post","link":"https:\/\/elmundodelapolitica.com\/v1\/candidato-a-alcalde-por-el-pld-en-barahona-llama-a-tomar-medidas-para-evitar-el-dengue\/","title":{"rendered":"Candidato a alcalde por el PLD en Barahona llama a tomar medidas para evitar el dengue"},"content":{"rendered":"\n<p>BARAHONA: El candidato a alcalde por el Partido de la Liberaci\u00f3n Dominicana (PLD), Carlos Garc\u00eda, llam\u00f3 a la poblaci\u00f3n a &nbsp;tomar las medidas para evitar la propagaci\u00f3n del mosquito Aedes Aegypti, transmisor del dengue.<\/p>\n\n\n\n<p>Garc\u00eda, dijo que el dengue es una enfermedad viral caracterizada &nbsp;por fiebres altas, dolores de cabeza, musculares y de las articulaciones, &nbsp;por lo que aconsejo a la ciudadan\u00eda escuchar e implementar, las medidas de prevenci\u00f3n recomendadas por las autoridades sanitarias.<\/p>\n\n\n\n<p>\"Entre las medidas de prevenci\u00f3n que la poblaci\u00f3n debe tomar en cuenta para evitar el dengue, se encuentran untar con cloro las paredes internas de los recipientes de almacenamientos de agua, taparlos para evitar futuros dep\u00f3sitos de huevos, eliminar los criaderos o envases que puedan servir de criaderos del mosquito\" subray\u00f3 Garc\u00eda.<\/p>\n\n\n\n<p>Adem\u00e1s eliminar los criaderos del mosquito Aedes Aegypti transmisor del dengue, como son latas viejas, charcos, aguas estancadas, neum\u00e1ticos inservibles y tarros con agua.<\/p>\n\n\n\n<p>Expres\u00f3 que contra el dengue no existe vacuna eficaz para prevenirla, ni medicamentos espec\u00edficos para tratar esta enfermedad y se manifiesta de dos maneras cl\u00e1sica y hemorr\u00e1gica.<\/p>\n\n\n\n<p>El aspirante pelede\u00edsta, record\u00f3 que el virus del dengue se transmite por la picadura del mosquito Aedes Aegypti, especialmente durante las horas iluminadas del d\u00eda.<\/p>\n\n\n\n<p>Asimismo, recomend\u00f3 a las personas que sienten los s\u00edntomas de la enfermedad tomar mucho l\u00edquido, seguir los consejos de los m\u00e9dicos y tomar acetaminof\u00e9n, pero nunca aspirina.<\/p>\n","protected":false},"excerpt":{"rendered":"<p>BARAHONA: El candidato a alcalde por el Partido de la Liberaci\u00f3n Dominicana (PLD), Carlos Garc\u00eda, llam\u00f3 a la poblaci\u00f3n a &nbsp;tomar las medidas para evitar la propagaci\u00f3n del mosquito Aedes&hellip; <\/p>\n","protected":false},"author":2,"featured_media":4704,"comment_status":"open","ping_status":"open","sticky":false,"template":"","format":"standard","meta":{"fifu_image_url":"","fifu_image_alt":"","footnotes":""},"categories":[12],"tags":[],"class_list":["post-4703","post","type-post","status-publish","format-standard","has-post-thumbnail","hentry","category-agenda-politica"],"_links":{"self":[{"href":"https:\/\/elmundodelapolitica.com\/v1\/wp-json\/wp\/v2\/posts\/4703","targetHints":{"allow":["GET"]}}],"collection":[{"href":"https:\/\/elmundodelapolitica.com\/v1\/wp-json\/wp\/v2\/posts"}],"about":[{"href":"https:\/\/elmundodelapolitica.com\/v1\/wp-json\/wp\/v2\/types\/post"}],"author":[{"embeddable":true,"href":"https:\/\/elmundodelapolitica.com\/v1\/wp-json\/wp\/v2\/users\/2"}],"replies":[{"embeddable":true,"href":"https:\/\/elmundodelapolitica.com\/v1\/wp-json\/wp\/v2\/comments?post=4703"}],"version-history":[{"count":1,"href":"https:\/\/elmundodelapolitica.com\/v1\/wp-json\/wp\/v2\/posts\/4703\/revisions"}],"predecessor-version":[{"id":4705,"href":"https:\/\/elmundodelapolitica.com\/v1\/wp-json\/wp\/v2\/posts\/4703\/revisions\/4705"}],"wp:featuredmedia":[{"embeddable":true,"href":"https:\/\/elmundodelapolitica.com\/v1\/wp-json\/wp\/v2\/media\/4704"}],"wp:attachment":[{"href":"https:\/\/elmundodelapolitica.com\/v1\/wp-json\/wp\/v2\/media?parent=4703"}],"wp:term":[{"taxonomy":"category","embeddable":true,"href":"https:\/\/elmundodelapolitica.com\/v1\/wp-json\/wp\/v2\/categories?post=4703"},{"taxonomy":"post_tag","embeddable":true,"href":"https:\/\/elmundodelapolitica.com\/v1\/wp-json\/wp\/v2\/tags?post=4703"}],"curies":[{"name":"wp","href":"https:\/\/api.w.org\/{rel}","templated":true}]}}