{"id":47,"date":"2022-09-15T22:38:58","date_gmt":"2022-09-16T02:38:58","guid":{"rendered":"https:\/\/elmundodelapolitica.com\/v1\/?p=25754"},"modified":"2022-09-26T10:36:16","modified_gmt":"2022-09-26T14:36:16","slug":"ministerio-de-economia-valora-politicas-publicas-de-calidad-sexto-informe-estado-de-la-region-2021","status":"publish","type":"post","link":"https:\/\/elmundodelapolitica.com\/v1\/ministerio-de-economia-valora-politicas-publicas-de-calidad-sexto-informe-estado-de-la-region-2021\/","title":{"rendered":"Ministerio de Econom\u00eda valora pol\u00edticas p\u00fablicas de calidad Sexto Informe Estado de la Regi\u00f3n 2021"},"content":{"rendered":"\n<p>Santo Domingo.-&nbsp;<strong>El Ministerio de Econom\u00eda, Planificaci\u00f3n y Desarrollo (MEPyD)<\/strong>&nbsp;valor\u00f3 como fundamental la contribuci\u00f3n del&nbsp;<strong>Sexto Informe sobre Estado de la Regi\u00f3n 2021,&nbsp;<\/strong>que fue dado a conocer este mi\u00e9rcoles en el pa\u00eds, para&nbsp;<strong>hacer pol\u00edticas p\u00fablicas de calidad<\/strong>.<\/p>\n\n\n\n<p><strong>El Ministro P\u00e1vel Isa Contreras<\/strong>&nbsp;inaugur\u00f3 el conversatorio del Sexto Informe con el tema&nbsp;<strong>Desarrollo Humano Sostenible en Centroam\u00e9rica: retos y oportunidades para Rep\u00fablica Dominicana,<\/strong>&nbsp;con la participaci\u00f3n de representantes del sector p\u00fablico, privado y de la sociedad civil.<\/p>\n\n\n\n<p>Isa Contreras explic\u00f3 que el informe se trata de una evaluaci\u00f3n del&nbsp;<strong>estado de situaci\u00f3n econ\u00f3mica, social, ambiental y de riesgo clim\u00e1tico<\/strong>&nbsp;de Centroam\u00e9rica y la Rep\u00fablica Dominicana.<\/p>\n\n\n\n<p>Manifest\u00f3 que desde el Ministerio de Econom\u00eda se trabaja con el entendido de la necesidad imperiosa de dar&nbsp;<strong>respuesta s\u00f3lida y robusta para mejorar la calidad de vida de la gente<\/strong>.&nbsp;<em>\u201cNos debemos a la gente, tenemos que pensar en la gente; por lo tanto, toda la pol\u00edtica p\u00fablica tiene que estar orientada en esa direcci\u00f3n\u201d,<\/em>&nbsp;puntualiz\u00f3.<\/p>\n\n\n\n<p>Como segundo elemento, se\u00f1al\u00f3 que ese objetivo es lo que permite avanzar hacia una mucho&nbsp;<strong>mayor cohesi\u00f3n social y territorial<\/strong>.&nbsp;<em>\u201cVivimos en una regi\u00f3n altamente fragmentada social y territorialmente\u201d<\/em>, indic\u00f3, al tiempo de manifestar que en la regi\u00f3n hay que avanzar en&nbsp;<strong>reducir las brechas sociales y de bienestar, as\u00ed como del ejercicio de derechos de las personas<\/strong>&nbsp;para lograr mayor cohesi\u00f3n social y territorial.<\/p>\n","protected":false},"excerpt":{"rendered":"<p>Santo Domingo.-&nbsp;El Ministerio de Econom\u00eda, Planificaci\u00f3n y Desarrollo (MEPyD)&nbsp;valor\u00f3 como fundamental la contribuci\u00f3n del&nbsp;Sexto Informe sobre Estado de la Regi\u00f3n 2021,&nbsp;que fue dado a conocer este mi\u00e9rcoles en el pa\u00eds,&hellip; <\/p>\n","protected":false},"author":2,"featured_media":48,"comment_status":"closed","ping_status":"open","sticky":false,"template":"","format":"standard","meta":{"fifu_image_url":"","fifu_image_alt":"","footnotes":""},"categories":[8],"tags":[],"class_list":["post-47","post","type-post","status-publish","format-standard","has-post-thumbnail","hentry","category-politica-economica"],"_links":{"self":[{"href":"https:\/\/elmundodelapolitica.com\/v1\/wp-json\/wp\/v2\/posts\/47","targetHints":{"allow":["GET"]}}],"collection":[{"href":"https:\/\/elmundodelapolitica.com\/v1\/wp-json\/wp\/v2\/posts"}],"about":[{"href":"https:\/\/elmundodelapolitica.com\/v1\/wp-json\/wp\/v2\/types\/post"}],"author":[{"embeddable":true,"href":"https:\/\/elmundodelapolitica.com\/v1\/wp-json\/wp\/v2\/users\/2"}],"replies":[{"embeddable":true,"href":"https:\/\/elmundodelapolitica.com\/v1\/wp-json\/wp\/v2\/comments?post=47"}],"version-history":[{"count":1,"href":"https:\/\/elmundodelapolitica.com\/v1\/wp-json\/wp\/v2\/posts\/47\/revisions"}],"predecessor-version":[{"id":450,"href":"https:\/\/elmundodelapolitica.com\/v1\/wp-json\/wp\/v2\/posts\/47\/revisions\/450"}],"wp:featuredmedia":[{"embeddable":true,"href":"https:\/\/elmundodelapolitica.com\/v1\/wp-json\/wp\/v2\/media\/48"}],"wp:attachment":[{"href":"https:\/\/elmundodelapolitica.com\/v1\/wp-json\/wp\/v2\/media?parent=47"}],"wp:term":[{"taxonomy":"category","embeddable":true,"href":"https:\/\/elmundodelapolitica.com\/v1\/wp-json\/wp\/v2\/categories?post=47"},{"taxonomy":"post_tag","embeddable":true,"href":"https:\/\/elmundodelapolitica.com\/v1\/wp-json\/wp\/v2\/tags?post=47"}],"curies":[{"name":"wp","href":"https:\/\/api.w.org\/{rel}","templated":true}]}}