{"id":4677,"date":"2023-09-01T01:02:15","date_gmt":"2023-09-01T05:02:15","guid":{"rendered":"https:\/\/elmundodelapolitica.com\/v1\/?p=4677"},"modified":"2023-09-01T01:02:15","modified_gmt":"2023-09-01T05:02:15","slug":"resumen-panasonic-impulsa-el-logro-de-los-objetivos-climaticos-europeos-con-tecnologia-ecologica","status":"publish","type":"post","link":"https:\/\/elmundodelapolitica.com\/v1\/resumen-panasonic-impulsa-el-logro-de-los-objetivos-climaticos-europeos-con-tecnologia-ecologica\/","title":{"rendered":"Resumen: Panasonic impulsa el logro de los objetivos clim\u00e1ticos europeos con tecnolog\u00eda ecol\u00f3gica"},"content":{"rendered":"<p>Con inversiones por cientos de millones de d\u00f3lares en producci\u00f3n de bombas de calor y proyectos de pilas de combustible de hidr\u00f3geno a gran escala en Europa, Panasonic demuestra su fuerte compromiso con una energ\u00eda m\u00e1s limpia y con la transici\u00f3n de la calefacci\u00f3n en Europa.BERL\u00cdN&#8211;(BUSINESS WIRE)&#8211;Panasonic reafirma su ambici\u00f3n de ser un catalizador para la descarbonizaci\u00f3n de la sociedad y de Europa en IFA 2023, que se lleva a cabo en Berl\u00edn. \"El a\u00f1o pasado, en IFA, nos comprometimos a acelerar nuestro apoyo a la neutralidad de carbono y la econom\u00eda circular en Europa. Nuestro objetivo es equilibrar el bienestar personal con la sostenibilidad global, y hemos estado trabajando mucho para hacer realidad esta visi\u00f3n y ser su mejor socio en adoptar estos valores\", explica Masahiro Shinada, director ejecutivo de Panasonic Corporation.<br \/>\nEl comunicado en el idioma original es la versi\u00f3n oficial y autorizada del mismo. Esta traducci\u00f3n es solamente un medio de ayuda y deber\u00e1 ser comparada con el texto en idioma original, que es la \u00fanica versi\u00f3n del texto que tendr\u00e1 validez legal. Contacts<br \/>\nTanya Houston, Wildwood Plus, tanya.houston@wildwoodplus.com<\/p>\n","protected":false},"excerpt":{"rendered":"<div>\n<p class=\"bwalignc\">\n<b>Con inversiones por cientos de millones de d\u00f3lares en producci\u00f3n de bombas de calor y proyectos de pilas de combustible de hidr\u00f3geno a gran escala en Europa, Panasonic demuestra su fuerte compromiso con una energ\u00eda m\u00e1s limpia y con la transici\u00f3n de la calefacci\u00f3n en Europa.<\/b><\/p>\n<p>BERL\u00cdN&#8211;(BUSINESS WIRE)&#8211;<b>Panasonic reafirma su ambici\u00f3n de ser un catalizador para la descarbonizaci\u00f3n de la sociedad y de Europa en IFA 2023, que se lleva a cabo en Berl\u00edn. \"<\/b><b>El a\u00f1o pasado, en IFA, nos comprometimos a acelerar nuestro apoyo a la neutralidad de carbono y la econom\u00eda circular en Europa. Nuestro objetivo es equilibrar el bienestar personal con la sostenibilidad global, y hemos estado trabajando mucho para hacer realidad esta visi\u00f3n y ser su mejor socio en adoptar estos valores\", explica Masahiro Shinada, director ejecutivo de Panasonic Corporation.<\/b><\/p>\n<p><a href=\"https:\/\/mms.businesswire.com\/media\/20230831603567\/es\/1879259\/5\/Panasonic_Fuel_Cell_Maintenance.jpg\"><img decoding=\"async\" src=\"https:\/\/mms.businesswire.com\/media\/20230831714421\/en\/1879259\/21\/Panasonic_Fuel_Cell_Maintenance.jpg\"><\/a><br \/><a href=\"https:\/\/mms.businesswire.com\/media\/20230831603567\/es\/1879259\/5\/Panasonic_Fuel_Cell_Maintenance.jpg\"><img decoding=\"async\" src=\"https:\/\/mms.businesswire.com\/media\/20230831603567\/es\/1879259\/22\/Panasonic_Fuel_Cell_Maintenance.jpg\"><\/a><br \/><a href=\"https:\/\/mms.businesswire.com\/media\/20230831603567\/es\/1879321\/4\/Panasonic_Logo.jpg\"><img decoding=\"async\" src=\"https:\/\/mms.businesswire.com\/media\/20230831714421\/en\/1879321\/21\/Panasonic_Logo.jpg\"><\/a><br \/><a href=\"https:\/\/mms.businesswire.com\/media\/20230831603567\/es\/1879321\/4\/Panasonic_Logo.jpg\"><img decoding=\"async\" src=\"https:\/\/mms.businesswire.com\/media\/20230831603567\/es\/1879321\/22\/Panasonic_Logo.jpg\"><\/a><\/p>\n<p>\nEl comunicado en el idioma original es la versi\u00f3n oficial y autorizada del mismo. Esta traducci\u00f3n es solamente un medio de ayuda y deber\u00e1 ser comparada con el texto en idioma original, que es la \u00fanica versi\u00f3n del texto que tendr\u00e1 validez legal.<\/p>\n<p> <b>Contacts<\/b> <\/p>\n<p>\nTanya Houston, Wildwood Plus, <a target=\"_blank\" href=\"mailto:tanya.houston@wildwoodplus.com\" rel=\"nofollow noopener\">tanya.houston@wildwoodplus.com<\/a><\/p>\n<\/div>\n","protected":false},"author":2,"featured_media":4678,"comment_status":"closed","ping_status":"closed","sticky":false,"template":"","format":"standard","meta":{"fifu_image_url":"https:\/\/mms.businesswire.com\/media\/20230831714421\/en\/1879259\/21\/Panasonic_Fuel_Cell_Maintenance.jpg","fifu_image_alt":"Resumen: Panasonic impulsa el logro de los objetivos clim\u00e1ticos europeos con tecnolog\u00eda ecol\u00f3gica","footnotes":""},"categories":[44],"tags":[],"class_list":["post-4677","post","type-post","status-publish","format-standard","has-post-thumbnail","hentry","category-business-wire"],"_links":{"self":[{"href":"https:\/\/elmundodelapolitica.com\/v1\/wp-json\/wp\/v2\/posts\/4677","targetHints":{"allow":["GET"]}}],"collection":[{"href":"https:\/\/elmundodelapolitica.com\/v1\/wp-json\/wp\/v2\/posts"}],"about":[{"href":"https:\/\/elmundodelapolitica.com\/v1\/wp-json\/wp\/v2\/types\/post"}],"author":[{"embeddable":true,"href":"https:\/\/elmundodelapolitica.com\/v1\/wp-json\/wp\/v2\/users\/2"}],"replies":[{"embeddable":true,"href":"https:\/\/elmundodelapolitica.com\/v1\/wp-json\/wp\/v2\/comments?post=4677"}],"version-history":[{"count":0,"href":"https:\/\/elmundodelapolitica.com\/v1\/wp-json\/wp\/v2\/posts\/4677\/revisions"}],"wp:featuredmedia":[{"embeddable":true,"href":"https:\/\/elmundodelapolitica.com\/v1\/wp-json\/wp\/v2\/media\/4678"}],"wp:attachment":[{"href":"https:\/\/elmundodelapolitica.com\/v1\/wp-json\/wp\/v2\/media?parent=4677"}],"wp:term":[{"taxonomy":"category","embeddable":true,"href":"https:\/\/elmundodelapolitica.com\/v1\/wp-json\/wp\/v2\/categories?post=4677"},{"taxonomy":"post_tag","embeddable":true,"href":"https:\/\/elmundodelapolitica.com\/v1\/wp-json\/wp\/v2\/tags?post=4677"}],"curies":[{"name":"wp","href":"https:\/\/api.w.org\/{rel}","templated":true}]}}