{"id":4669,"date":"2023-08-31T15:15:37","date_gmt":"2023-08-31T19:15:37","guid":{"rendered":"https:\/\/elmundodelapolitica.com\/v1\/?p=4669"},"modified":"2023-08-31T15:15:37","modified_gmt":"2023-08-31T19:15:37","slug":"celebraran-aba-y-felaban-xxxii-congreso-latinoamericano-de-fideicomiso-colafi","status":"publish","type":"post","link":"https:\/\/elmundodelapolitica.com\/v1\/celebraran-aba-y-felaban-xxxii-congreso-latinoamericano-de-fideicomiso-colafi\/","title":{"rendered":"Celebraran ABA y FELABAN\u00a0XXXII Congreso Latinoamericano de Fideicomiso (COLAFI)"},"content":{"rendered":"<div>\n<p><strong>Santo Domingo,<\/strong>\u00a0R. D. Agosto 31, 2023.-\u00a0A doce a\u00f1os de la promulgaci\u00f3n de la Ley No. 189-11 para el Desarrollo del Mercado Hipotecario y el Fideicomiso, el pa\u00eds ha tenido importantes avances en materia de acceso a la vivienda, infraestructura vial, fomento al turismo y otras inversiones que han sido posibles con la canalizaci\u00f3n de recursos mediante esta v\u00eda de financiamiento.<\/p>\n<figure class=\"wp-block-image size-full\"><img data-attachment-id=\"31994\" data-permalink=\"https:\/\/elmundodelosnegocios.com.do\/v1\/fachada-aba-4\/\" data-orig-file=\"https:\/\/i0.wp.com\/elmundodelosnegocios.com.do\/v1\/wp-content\/uploads\/2023\/08\/Fachada-ABA-edited.jpeg?fit=1023%2C575&amp;ssl=1\" data-orig-size=\"1023,575\" data-comments-opened=\"0\" data-image-meta='{\"aperture\":\"0\",\"credit\":\"\",\"camera\":\"\",\"caption\":\"\",\"created_timestamp\":\"0\",\"copyright\":\"\",\"focal_length\":\"0\",\"iso\":\"0\",\"shutter_speed\":\"0\",\"title\":\"\",\"orientation\":\"0\"}' data-image-title=\"Fachada-ABA\" data-image-description=\"\" data-image-caption=\"\" data-medium-file=\"https:\/\/i0.wp.com\/elmundodelosnegocios.com.do\/v1\/wp-content\/uploads\/2023\/08\/Fachada-ABA-edited.jpeg?fit=300%2C169&amp;ssl=1\" data-large-file=\"https:\/\/i0.wp.com\/elmundodelosnegocios.com.do\/v1\/wp-content\/uploads\/2023\/08\/Fachada-ABA-edited.jpeg?fit=1023%2C575&amp;ssl=1\" decoding=\"async\" loading=\"lazy\" width=\"1023\" height=\"575\" src=\"https:\/\/i0.wp.com\/elmundodelosnegocios.com.do\/v1\/wp-content\/uploads\/2023\/08\/Fachada-ABA-edited.jpeg?resize=1023,575&amp;ssl=1\" alt=\"\" class=\"wp-image-31994\" srcset=\"https:\/\/i0.wp.com\/elmundodelosnegocios.com.do\/v1\/wp-content\/uploads\/2023\/08\/Fachada-ABA-edited.jpeg?w=1023&amp;ssl=1 1023w, https:\/\/i0.wp.com\/elmundodelosnegocios.com.do\/v1\/wp-content\/uploads\/2023\/08\/Fachada-ABA-edited.jpeg?resize=300%2C169&amp;ssl=1 300w, https:\/\/i0.wp.com\/elmundodelosnegocios.com.do\/v1\/wp-content\/uploads\/2023\/08\/Fachada-ABA-edited.jpeg?resize=768%2C432&amp;ssl=1 768w\" sizes=\"auto, (max-width: 1023px) 100vw, 1023px\" data-recalc-dims=\"1\"><\/figure>\n<p>As\u00ed lo expuso la Asociaci\u00f3n de Bancos M\u00faltiples de la Rep\u00fablica Dominicana (ABA), al dar a conocer los detalles del XXXII Congreso Latinoamericano de Fideicomiso (COLAFI) que realizar\u00e1 junto a la Federaci\u00f3n Latinoamericana de Bancos (FELABAN), del 15 al 17 de noviembre, en Santo Domingo.<\/p>\n<p>\u201cEl escenario actual es propicio para hacer una evaluaci\u00f3n en torno a los avances logrados luego de que se introdujera la figura del fideicomiso a la Rep\u00fablica Dominicana y, partiendo de esa realidad, visualizar las potencialidades que representa esta industria para el desarrollo nacional\u201d, sostuvo la ABA.<\/p>\n<p>Se\u00f1al\u00f3 que, de igual modo, autoridades\u00a0 y expertos de la industria del fideicomiso a nivel\u00a0 nacional y regional debatir\u00e1n en torno a las tendencias regionales en el sector que concentr\u00f3 US$262,735 millones de activos fideicomitidos en 10 pa\u00edses de la Am\u00e9rica Latina, hasta diciembre de 2021, seg\u00fan un an\u00e1lisis de la Asociaci\u00f3n de Fiduciarias de Colombia dado a conocer en la versi\u00f3n pasada del COLAFI.<\/p>\n<p>La ABA record\u00f3 que, en Rep\u00fablica Dominicana se hab\u00edan registrado un total de\u00a0<strong>24 entidades autorizadas<\/strong>a realizar fideicomiso en Rep\u00fablica Dominicana y \u00a0<strong>1,258 contratos de fideicomisos hasta el mes de mayo pasado, acorde a estad\u00edsticas de la Superintendencia de Bancos.<\/strong><\/p>\n<p><strong>Agenda del COLAFI<\/strong><\/p>\n<p>En un documento de prensa, la Asociaci\u00f3n de Bancos inform\u00f3 que la agenda\u00a0del XXXII Congreso Latinoamericano de Fideicomiso (COLAFI)\u00a0se desarrollar\u00e1 en el Hotel Sheraton, en Santo Domingo, y estar\u00e1 centrada en temas de vanguardia.<\/p>\n<p>Entre los aspectos a tratar figuran: el fideicomiso como impulsor del desarrollo tur\u00edstico sostenible, estrategias innovadoras para resolver conflictos, colaboraci\u00f3n entre fiduciarias y Fintech y el rol en asociaciones p\u00fablico-privadas, detall\u00f3 la ABA.<\/p>\n<p>El gremio bancario puso a disposici\u00f3n la p\u00e1gina\u00a0<a href=\"http:\/\/www.colafird.com\/\" target=\"_blank\" rel=\"noreferrer noopener\">www.colafird.com<\/a>\u00a0para las personas interesadas en conocer m\u00e1s detalles o inscribirse en el evento.<\/p>\n<\/div>\n","protected":false},"excerpt":{"rendered":"<p>Santo Domingo,\u00a0R. D. Agosto 31, 2023.-\u00a0A doce a\u00f1os de la promulgaci\u00f3n de la Ley No. 189-11 para el Desarrollo del Mercado Hipotecario y el Fideicomiso, el pa\u00eds ha tenido importantes&hellip; <\/p>\n","protected":false},"author":2,"featured_media":4670,"comment_status":"closed","ping_status":"closed","sticky":false,"template":"","format":"standard","meta":{"fifu_image_url":"https:\/\/i0.wp.com\/elmundodelosnegocios.com.do\/v1\/wp-content\/uploads\/2023\/08\/Fachada-ABA-edited.jpeg?resize=1023,575&ssl=1","fifu_image_alt":"Celebraran ABA y FELABAN\u00a0XXXII Congreso Latinoamericano de Fideicomiso (COLAFI)","footnotes":""},"categories":[63],"tags":[],"class_list":["post-4669","post","type-post","status-publish","format-standard","has-post-thumbnail","hentry","category-actualidad"],"_links":{"self":[{"href":"https:\/\/elmundodelapolitica.com\/v1\/wp-json\/wp\/v2\/posts\/4669","targetHints":{"allow":["GET"]}}],"collection":[{"href":"https:\/\/elmundodelapolitica.com\/v1\/wp-json\/wp\/v2\/posts"}],"about":[{"href":"https:\/\/elmundodelapolitica.com\/v1\/wp-json\/wp\/v2\/types\/post"}],"author":[{"embeddable":true,"href":"https:\/\/elmundodelapolitica.com\/v1\/wp-json\/wp\/v2\/users\/2"}],"replies":[{"embeddable":true,"href":"https:\/\/elmundodelapolitica.com\/v1\/wp-json\/wp\/v2\/comments?post=4669"}],"version-history":[{"count":0,"href":"https:\/\/elmundodelapolitica.com\/v1\/wp-json\/wp\/v2\/posts\/4669\/revisions"}],"wp:featuredmedia":[{"embeddable":true,"href":"https:\/\/elmundodelapolitica.com\/v1\/wp-json\/wp\/v2\/media\/4670"}],"wp:attachment":[{"href":"https:\/\/elmundodelapolitica.com\/v1\/wp-json\/wp\/v2\/media?parent=4669"}],"wp:term":[{"taxonomy":"category","embeddable":true,"href":"https:\/\/elmundodelapolitica.com\/v1\/wp-json\/wp\/v2\/categories?post=4669"},{"taxonomy":"post_tag","embeddable":true,"href":"https:\/\/elmundodelapolitica.com\/v1\/wp-json\/wp\/v2\/tags?post=4669"}],"curies":[{"name":"wp","href":"https:\/\/api.w.org\/{rel}","templated":true}]}}